{"id":14705,"date":"2013-08-26T07:57:00","date_gmt":"2013-08-26T05:57:00","guid":{"rendered":"http:\/\/stockportal.hu\/?p=14705"},"modified":"2013-08-26T07:58:03","modified_gmt":"2013-08-26T05:58:03","slug":"megint-emelkedett-a-gki-erste-konjunkturaindex","status":"publish","type":"post","link":"https:\/\/gazdasagportal.hu\/index.php\/megint-emelkedett-a-gki-erste-konjunkturaindex\/","title":{"rendered":"Megint emelkedett a GKI-Erste konjunkt\u00faraindex"},"content":{"rendered":"<p><strong>Augusztusban kiss\u00e9 emelkedett a GKI-Erste konjunkt\u00faraindex szezon\u00e1lis hat\u00e1sokt\u00f3l megtiszt\u00edtott \u00e9rt\u00e9ke.<!--more--><\/strong><\/p>\n<p>&nbsp;<\/p>\n<p>A GKI Gazdas\u00e1gkutat\u00f3 Zrt. \u00e1ltal, az EU t\u00e1mogat\u00e1s\u00e1val v\u00e9gzett felm\u00e9r\u00e9s szerint ez az \u00fczleti v\u00e1rakoz\u00e1sok javul\u00e1s\u00e1nak k\u00f6vetkezm\u00e9nye, a fogyaszt\u00f3i bizalmi index ugyanis cs\u00f6kkent, a gazdas\u00e1gi v\u00e1rakoz\u00e1sok a tavaszi javul\u00e1s ut\u00e1n a ny\u00e1r folyam\u00e1n \u00f6sszess\u00e9g\u00e9ben nem v\u00e1ltoztak l\u00e9nyegesen.<br \/>\nAz \u00fczleti bizalmi index augusztusban a j\u00faliusi m\u00ednusz 8,6 pontr\u00f3l m\u00ednusz 6,3 pontra m\u00e9rs\u00e9kl\u0151d\u00f6tt.<br \/>\nA fogyaszt\u00f3i bizalmi index augusztusban a j\u00faliusi m\u00ednusz 35,3 pontr\u00f3l 36,9 pontra romlott.<br \/>\nA GKI-Erste konjunkt\u00faraindex m\u00ednusz 15,5 pontr\u00f3l m\u00ednusz 14,3 pontra javult.<br \/>\nA k\u00f6zlem\u00e9nyben megjegyzik, hogy augusztusban az \u00fczleti szf\u00e9r\u00e1n bel\u00fcl els\u0151sorban a szolg\u00e1ltat\u00f3 c\u00e9gek lettek optimist\u00e1bbak, az ipari \u00e9s az \u00e9p\u00edt\u0151ipari v\u00e1llalatok csak alig, a kereskedelmi c\u00e9gek v\u00e1rakoz\u00e1sa pedig nem v\u00e1ltozott.<br \/>\nAz ipari bizalmi index augusztusi javul\u00e1sa ellen\u00e9re sem \u00e9rte el j\u00faniusi szintj\u00e9t. Az elm\u00falt id\u0151szak termel\u00e9s\u00e9nek \u00e9s az export-rendel\u00e9s\u00e1llom\u00e1nynak a meg\u00edt\u00e9l\u00e9se \u00e9rezhet\u0151en javult, a k\u00f6vetkez\u0151 h\u00e1rom h\u00f3napra vonatkoz\u00f3 termel\u00e9si v\u00e1rakoz\u00e1sok valamint a teljes rendel\u00e9s\u00e1llom\u00e1ny \u00e9s a k\u00e9szletek meg\u00edt\u00e9l\u00e9se viszont csak valamicsk\u00e9t.<br \/>\nAz \u00e9p\u00edt\u0151ipari bizalmi index 2013-ra jellemz\u0151, szinte t\u00f6retlen emelked\u00e9se augusztusban is folytat\u00f3dott, de az el\u0151z\u0151 h\u00e1rom h\u00f3nap termel\u00e9si sz\u00ednvonal\u00e1nak \u00e9s a rendel\u00e9s\u00e1llom\u00e1nynak a meg\u00edt\u00e9l\u00e9se kiss\u00e9 romlott.<br \/>\nA kereskedelmi bizalmi index a j\u00faliusi enyhe emelked\u00e9st k\u00f6vet\u0151en stagn\u00e1lt. Az elad\u00e1si poz\u00edci\u00f3 \u00e9s a v\u00e1rhat\u00f3 megrendel\u00e9sek meg\u00edt\u00e9l\u00e9se kiss\u00e9 javult, a k\u00e9szletszintet viszont n\u00f6vekv\u0151nek \u00e9rezt\u00e9k a v\u00e1laszad\u00f3k.<br \/>\nA szolg\u00e1ltat\u00f3i bizalmi index augusztusban jelent\u0151sen n\u00f6vekedett, f\u0151leg az \u00fczletmenet \u00e9s a v\u00e1rhat\u00f3 forgalom kedvez\u0151 meg\u00edt\u00e9l\u00e9se eredm\u00e9nyek\u00e9nt.<br \/>\nA foglalkoztat\u00e1si sz\u00e1nd\u00e9k az iparban, az \u00e9p\u00edt\u0151iparban er\u0151s\u00f6d\u00f6tt, a szolg\u00e1ltat\u00f3 szektorban nem v\u00e1ltozott, a kereskedelemben pedig kiss\u00e9 cs\u00f6kkent. Ugyanakkor hat\u00e1rozottan er\u0151s\u00f6d\u00f6tt a lakoss\u00e1g munkan\u00e9lk\u00fclis\u00e9gt\u0151l val\u00f3 f\u00e9lelme.<br \/>\nA k\u00f6vetkez\u0151 h\u00f3napokban stagn\u00e1l\u00f3 belf\u00f6ldi termel\u0151i \u00e1rakra lehet sz\u00e1m\u00edtani, ugyanakkor a kereskedelemben n\u00f6vekedett az \u00e1remel\u00e9st tervez\u0151k ar\u00e1nya \u00e9s az elk\u00e9pzelt emel\u00e9s m\u00e9rt\u00e9ke. Er\u0151s\u00f6d\u00f6tt a fogyaszt\u00f3k infl\u00e1ci\u00f3s v\u00e1rakoz\u00e1sa is. A magyar gazdas\u00e1g kil\u00e1t\u00e1sainak meg\u00edt\u00e9l\u00e9se az iparban \u00e9s az \u00e9p\u00edt\u0151iparban nem v\u00e1ltozott, ugyanakkor a kereskedelemben \u00e9s a szolg\u00e1ltat\u00f3 szf\u00e9r\u00e1ban a j\u00faliusi nagy cs\u00f6kken\u00e9s ut\u00e1n n\u00e9mileg javult. A lakoss\u00e1g viszont pesszimist\u00e1bb lett.<br \/>\nA GKI fogyaszt\u00f3i bizalmi index augusztusban a j\u00faliusi emelked\u00e9sn\u00e9l kisebb m\u00e9rt\u00e9kben, de cs\u00f6kkent. A lakoss\u00e1g saj\u00e1t p\u00e9nz\u00fcgyi helyzet\u00e9nek k\u00f6vetkez\u0151 egy \u00e9v\u00e9t kiss\u00e9 javul\u00f3nak, v\u00e1rhat\u00f3 megtakar\u00edt\u00e1si k\u00e9pess\u00e9g\u00e9t viszont enyh\u00e9n roml\u00f3nak \u00e9rezte. Az emberek a nagy \u00e9rt\u00e9k\u0171 tart\u00f3s fogyaszt\u00e1si cikkek jelenlegi v\u00e1s\u00e1rl\u00e1si felt\u00e9teleit a kor\u00e1bbin\u00e1l kedvez\u0151bbnek, a k\u00f6vetkez\u0151 egy \u00e9vben ny\u00edl\u00f3 lehet\u0151s\u00e9geket viszont kiss\u00e9 roml\u00f3nak tartott\u00e1k.(MTI)<\/p><div id=\"gazda-3325115476\" class=\"gazda-tartalomban gazda-entity-placement\"><script async src=\"https:\/\/pagead2.googlesyndication.com\/pagead\/js\/adsbygoogle.js\"><\/script>\r\n<ins class=\"adsbygoogle\"\r\n     style=\"display:block\"\r\n     data-ad-format=\"fluid\"\r\n     data-ad-layout-key=\"-6t+ed+2i-1n-4w\"\r\n     data-ad-client=\"ca-pub-1959107119989764\"\r\n     data-ad-slot=\"4008251320\"><\/ins>\r\n<script>\r\n     (adsbygoogle = window.adsbygoogle || []).push({});\r\n<\/script><\/div>\n","protected":false},"excerpt":{"rendered":"<p>Augusztusban kiss\u00e9 emelkedett a GKI-Erste konjunkt\u00faraindex szezon\u00e1lis hat\u00e1sokt\u00f3l megtiszt\u00edtott \u00e9rt\u00e9ke.<\/p>\n","protected":false},"author":1,"featured_media":0,"comment_status":"open","ping_status":"closed","sticky":false,"template":"","format":"standard","meta":[],"categories":[19],"tags":[],"_links":{"self":[{"href":"https:\/\/gazdasagportal.hu\/index.php\/wp-json\/wp\/v2\/posts\/14705"}],"collection":[{"href":"https:\/\/gazdasagportal.hu\/index.php\/wp-json\/wp\/v2\/posts"}],"about":[{"href":"https:\/\/gazdasagportal.hu\/index.php\/wp-json\/wp\/v2\/types\/post"}],"author":[{"embeddable":true,"href":"https:\/\/gazdasagportal.hu\/index.php\/wp-json\/wp\/v2\/users\/1"}],"replies":[{"embeddable":true,"href":"https:\/\/gazdasagportal.hu\/index.php\/wp-json\/wp\/v2\/comments?post=14705"}],"version-history":[{"count":2,"href":"https:\/\/gazdasagportal.hu\/index.php\/wp-json\/wp\/v2\/posts\/14705\/revisions"}],"predecessor-version":[{"id":14707,"href":"https:\/\/gazdasagportal.hu\/index.php\/wp-json\/wp\/v2\/posts\/14705\/revisions\/14707"}],"wp:attachment":[{"href":"https:\/\/gazdasagportal.hu\/index.php\/wp-json\/wp\/v2\/media?parent=14705"}],"wp:term":[{"taxonomy":"category","embeddable":true,"href":"https:\/\/gazdasagportal.hu\/index.php\/wp-json\/wp\/v2\/categories?post=14705"},{"taxonomy":"post_tag","embeddable":true,"href":"https:\/\/gazdasagportal.hu\/index.php\/wp-json\/wp\/v2\/tags?post=14705"}],"curies":[{"name":"wp","href":"https:\/\/api.w.org\/{rel}","templated":true}]}}