{"id":146889,"date":"2024-07-29T15:55:25","date_gmt":"2024-07-29T13:55:25","guid":{"rendered":"https:\/\/gazdasagportal.hu\/?p=146889"},"modified":"2024-07-29T15:55:25","modified_gmt":"2024-07-29T13:55:25","slug":"a-helyi-iparuzesi-ado-terhenek-optimalizalasa","status":"publish","type":"post","link":"https:\/\/gazdasagportal.hu\/index.php\/a-helyi-iparuzesi-ado-terhenek-optimalizalasa\/","title":{"rendered":"A helyi ipar\u0171z\u00e9si ad\u00f3 terh\u00e9nek optimaliz\u00e1l\u00e1sa"},"content":{"rendered":"<p><strong><a href=\"https:\/\/gazdasagportal.hu\/wp-content\/uploads\/2024\/07\/hely_iparuzesi_ado_kiszamitasa_megertese.jpg\"><img decoding=\"async\" loading=\"lazy\" class=\"alignleft size-medium wp-image-146890\" src=\"https:\/\/gazdasagportal.hu\/wp-content\/uploads\/2024\/07\/hely_iparuzesi_ado_kiszamitasa_megertese-300x200.jpg\" alt=\"ipar\u0171z\u00e9si ad\u00f3\" width=\"300\" height=\"200\" srcset=\"https:\/\/gazdasagportal.hu\/wp-content\/uploads\/2024\/07\/hely_iparuzesi_ado_kiszamitasa_megertese-300x200.jpg 300w, https:\/\/gazdasagportal.hu\/wp-content\/uploads\/2024\/07\/hely_iparuzesi_ado_kiszamitasa_megertese-768x512.jpg 768w, https:\/\/gazdasagportal.hu\/wp-content\/uploads\/2024\/07\/hely_iparuzesi_ado_kiszamitasa_megertese.jpg 900w\" sizes=\"(max-width: 300px) 100vw, 300px\" \/><\/a>A helyi ipar\u0171z\u00e9si ad\u00f3, r\u00f6vid\u00edtve gyakran IPA vagy HIPA a nev\u00e9b\u0151l is sejthet\u0151 m\u00f3don nem egy k\u00f6zpontilag kivetett ad\u00f3nem. Ennek megfelel\u0151en telep\u00fcl\u00e9senk\u00e9nt elt\u00e9r\u0151 szab\u00e1lyoz\u00e1sa van. Szerencs\u00e9re a rendszer maga nem t\u00fal bonyolult, azonban a kellemetlens\u00e9gek elker\u00fcl\u00e9se v\u00e9gett \u00e9rdemes min\u00e9l alaposabban megismerni, ez\u00e9rt cikk\u00fcnkben k\u00f6r\u00fcl j\u00e1rjuk a legfontosabb k\u00e9rd\u00e9seket a helyi ipar\u0171z\u00e9si ad\u00f3val kapcsolatban.<\/strong><!--more--><\/p>\n<p><b>Az \u00f6nkorm\u00e1nyzatok legfontosabb forr\u00e1sa<\/b><\/p>\n<p><span style=\"font-weight: 400;\">A <\/span><a href=\"https:\/\/logoszcegcsoport.hu\/szakmai-irasok\/iparkodjunk-megerteni-az-iparuzesi-adot\" target=\"_blank\" rel=\"noopener\"><span style=\"font-weight: 400;\">helyi ipar\u0171z\u00e9si ad\u00f3<\/span><\/a><span style=\"font-weight: 400;\"> (HIPA vagy IPA) sok esetben az \u00f6nkorm\u00e1nyzatok egyik, ha nem a legfontosabb bev\u00e9teli forr\u00e1sa. A v\u00e1llalkoz\u00f3k sz\u00e1m\u00e1ra ad\u00f3terhei k\u00f6z\u00fcl az egyik legalacsonyabb, m\u00e9gis t\u00f6bb sz\u00e1z vagy ak\u00e1r t\u00f6bb ezer v\u00e1llalkoz\u00e1s, pl\u00e1ne \u00f3ri\u00e1sv\u00e1llalatok jelent\u0151s m\u00e9rt\u00e9kben hozz\u00e1 tudnak j\u00e1rulni egy telep\u00fcl\u00e9s k\u00f6lts\u00e9gvet\u00e9s\u00e9hez.<\/span><\/p><div id=\"gazda-3105356860\" class=\"gazda-tartalomban gazda-entity-placement\"><script async src=\"https:\/\/pagead2.googlesyndication.com\/pagead\/js\/adsbygoogle.js\"><\/script>\r\n<ins class=\"adsbygoogle\"\r\n     style=\"display:block\"\r\n     data-ad-format=\"fluid\"\r\n     data-ad-layout-key=\"-6t+ed+2i-1n-4w\"\r\n     data-ad-client=\"ca-pub-1959107119989764\"\r\n     data-ad-slot=\"4008251320\"><\/ins>\r\n<script>\r\n     (adsbygoogle = window.adsbygoogle || []).push({});\r\n<\/script><\/div>\n<p><span style=\"font-weight: 400;\">A helyi ipar\u0171z\u00e9si ad\u00f3 m\u00e9rt\u00e9k\u00e9nek meg\u00e1llap\u00edt\u00e1s\u00e1t teh\u00e1t az \u00f6nkorm\u00e1nyzatok v\u00e9gzik, nem t\u00fal nagy mozg\u00e1st\u00e9rrel a v\u00e1llalkoz\u00e1sok bev\u00e9tel\u00e9nek 0% \u00e9s 2% k\u00f6z\u00f6tti \u00e9rt\u00e9k\u00e9t k\u00e9rhetik el \u00e9ves szinten. B\u00e1r a fentiek alapj\u00e1n ellentmond\u00e1sosnak t\u0171nik vannak olyan telep\u00fcl\u00e9sek, ahol a helyi ipar\u0171z\u00e9si ad\u00f3 0%, az \u00edgy kies\u0151 p\u00e9nzt az \u00f6nkorm\u00e1nyzat m\u00e1s m\u00f3don szokta p\u00f3tolni.<\/span><\/p>\n<p><span style=\"font-weight: 400;\">A covid j\u00e1rv\u00e1ny idej\u00e9n volt egy id\u0151szak, amikor a korm\u00e1ny 1%-ban maximaliz\u00e1lta az ipar\u0171z\u00e9si ad\u00f3 kivethet\u0151 m\u00e9rt\u00e9k\u00e9t azonban 2023 \u00f3ta megint a r\u00e9gi rendszer \u00e9l, a maxim\u00e1lis ad\u00f3kulcs teh\u00e1t 2%.<\/span><\/p>\n<p><b>Mennyit kell befizetni?<\/b><\/p>\n<p><span style=\"font-weight: 400;\">K\u00e9tf\u00e9lek\u00e9ppen lehet meg\u00e1llap\u00edtani, hogy egy v\u00e1llalkoz\u00f3nak mennyit kell fizetnie. A helyi ipar\u0171z\u00e9si ad\u00f3 kisz\u00e1m\u00edt\u00e1s\u00e1nak egyik m\u00f3dja, amikor a v\u00e1llalkoz\u00e1s nett\u00f3 \u00e1rbev\u00e9tel\u00e9t vessz\u00fck alapul. Ezt \u00fagy kapjuk meg, hogy a bev\u00e9telb\u0151l levonjuk a beszerz\u00e9si-, m\u0171k\u00f6d\u00e9si-, anyag- \u00e9s szem\u00e9lyi k\u00f6lts\u00e9geket, majd az \u00edgy kapott ad\u00f3alap 0 \u00e9s 2% k\u00f6z\u00f6tti \u00e9rt\u00e9ke lesz a helyi ipar\u0171z\u00e9si ad\u00f3 m\u00e9rt\u00e9ke.<\/span><\/p>\n<p><span style=\"font-weight: 400;\">A m\u00e1sik lehet\u0151s\u00e9g, hogy \u00fagynevezett egyszer\u0171s\u00edtett ad\u00f3alapot \u00e1llap\u00edtunk meg. Erre 2023 janu\u00e1r elsej\u00e9t\u0151l van lehet\u0151s\u00e9g \u00e9s a 25 milli\u00f3 forintos \u00e9ves nett\u00f3 \u00e1rbev\u00e9tel alatt marad\u00f3 kisv\u00e1llalkoz\u00f3k valamint a 120 milli\u00f3 forintos nett\u00f3 \u00e1rbev\u00e9telt el nem \u00e9r\u0151 \u00e1tal\u00e1nyad\u00f3z\u00f3k \u00e9lhetnek vele.<\/span><\/p>\n<p><span style=\"font-weight: 400;\">Ennek sor\u00e1n h\u00e1rom \u00e1rbev\u00e9tel s\u00e1vot \u00e1llap\u00edt meg a jogszab\u00e1ly:<\/span><\/p>\n<ul>\n<li aria-level=\"1\"><span style=\"font-weight: 400;\">12 milli\u00f3 forint \u00e1rbev\u00e9tel alatt az ad\u00f3alap a sz\u00e9khely \u00e9s a telephely k\u00f6z\u00f6tt megosztva 2,5-2,5 milli\u00f3 forint;<\/span><\/li>\n<li aria-level=\"1\"><span style=\"font-weight: 400;\">12 \u00e9s 18 milli\u00f3 forint \u00e1rbev\u00e9tel k\u00f6z\u00f6tt 6-6 milli\u00f3 forint;<\/span><\/li>\n<li aria-level=\"1\"><span style=\"font-weight: 400;\">18 \u00e9s 25 milli\u00f3 forint k\u00f6z\u00f6tt pedig 8,5-8-5 milli\u00f3 forint.<\/span><\/li>\n<\/ul>\n<p><span style=\"font-weight: 400;\"><\/span><\/p>\n<p><b>Hov\u00e1 kell befizetni a helyi ipar\u0171z\u00e9si ad\u00f3t?<\/b><\/p>\n<p><span style=\"font-weight: 400;\">Az IPA befizet\u00e9s\u00e9t az \u00f6nkorm\u00e1nyzatok r\u00e9sz\u00e9re kell megtenni, ehhez minden fontos inform\u00e1ci\u00f3t megtal\u00e1lhatunk a telep\u00fcl\u00e9sek honlapj\u00e1n. El\u0151fordulhat azonban, hogy a v\u00e1llalt t\u00f6bb v\u00e1rosban is m\u0171k\u00f6dik, p\u00e9ld\u00e1ul a telephely az egyik, a sz\u00e9khely pedig egy m\u00e1sik v\u00e1rosban tal\u00e1lhat\u00f3.\u00a0<\/span><\/p>\n<p><span style=\"font-weight: 400;\">Amennyiben ez a k\u00e9t c\u00edm, k\u00e9t k\u00fcl\u00f6nb\u00f6z\u0151 telep\u00fcl\u00e9s hat\u00f3s\u00e1ga al\u00e1 esik, akkor a helyi ipar\u0171z\u00e9si ad\u00f3t meg kell osztani a k\u00e9t \u00f6nkorm\u00e1nyzat k\u00f6z\u00f6tt. \u00c9rtelemszer\u0171en, amennyiben elt\u00e9r\u0151 szab\u00e1lyoz\u00e1s van \u00e9rv\u00e9nyben a k\u00e9t telep\u00fcl\u00e9sen, \u00fagy elt\u00e9r\u0151 lesz a k\u00e9t helyre befizetend\u0151 ad\u00f3 m\u00e9rt\u00e9ke is.<\/span><\/p>\n<p><b>Az ad\u00f3terhek optimaliz\u00e1l\u00e1sa<\/b><\/p>\n<p><span style=\"font-weight: 400;\">A region\u00e1lis elt\u00e9r\u00e9sek miatt el\u0151fordulhat, hogy egyik telep\u00fcl\u00e9sen olcs\u00f3bb a v\u00e1llalkoz\u00e1s \u00fczemeltet\u00e9se, mint egy m\u00e1sikon. Emiatt, illetve azon helyzetek eset\u00e9n, ahol t\u00f6bb telep\u00fcl\u00e9se szab\u00e1lyoz\u00e1s\u00e1t is figyelembe kell venni (mert nem csak egy helyen \u00e9rintett a v\u00e1llalkoz\u00e1s a m\u00e1r fent r\u00e9szletezett okok miatt) \u00e9rdemes szak\u00e9rt\u0151ket bevonni.<\/span><\/p>\n<p><span style=\"font-weight: 400;\">A megfelel\u0151 seg\u00edts\u00e9g lehet\u0151v\u00e9 teszi, hogy hossz\u00fa t\u00e1von optimaliz\u00e1ljuk a k\u00f6lts\u00e9geinket. A kedvezm\u00e9nyek \u00e9s lehet\u0151s\u00e9gek megfelel\u0151 kihaszn\u00e1l\u00e1sa ter\u00e9n pedig nagy seg\u00edts\u00e9g lehet egy k\u00f6nyvel\u0151 vagy ad\u00f3tan\u00e1csad\u00f3 tapasztalata, tud\u00e1sa. A sz\u00e9khelyszolg\u00e1ltat\u00e1ssal pedig lehet\u0151v\u00e9 v\u00e1lik, hogy l\u00e9nyeg\u00e9ben tetsz\u00e9s szerinti v\u00e1rosba jelents\u00fck be a v\u00e1llalkoz\u00e1sunkat, amivel ki tudjuk haszn\u00e1lni az elt\u00e9r\u0151 szab\u00e1lyoz\u00e1sok ny\u00fajtotta lehet\u0151s\u00e9geket.<\/span><\/p>\n","protected":false},"excerpt":{"rendered":"<p>A helyi ipar\u0171z\u00e9si ad\u00f3, r\u00f6vid\u00edtve gyakran IPA vagy HIPA a nev\u00e9b\u0151l is sejthet\u0151 m\u00f3don nem egy k\u00f6zpontilag kivetett ad\u00f3nem. Ennek megfelel\u0151en telep\u00fcl\u00e9senk\u00e9nt elt\u00e9r\u0151 szab\u00e1lyoz\u00e1sa van. Szerencs\u00e9re a rendszer maga nem t\u00fal bonyolult, azonban a kellemetlens\u00e9gek elker\u00fcl\u00e9se v\u00e9gett \u00e9rdemes min\u00e9l alaposabban megismerni, ez\u00e9rt cikk\u00fcnkben k\u00f6r\u00fcl j\u00e1rjuk a legfontosabb k\u00e9rd\u00e9seket a helyi ipar\u0171z\u00e9si ad\u00f3val kapcsolatban.<\/p>\n","protected":false},"author":1001010,"featured_media":146890,"comment_status":"open","ping_status":"open","sticky":false,"template":"","format":"standard","meta":[],"categories":[436,19],"tags":[],"_links":{"self":[{"href":"https:\/\/gazdasagportal.hu\/index.php\/wp-json\/wp\/v2\/posts\/146889"}],"collection":[{"href":"https:\/\/gazdasagportal.hu\/index.php\/wp-json\/wp\/v2\/posts"}],"about":[{"href":"https:\/\/gazdasagportal.hu\/index.php\/wp-json\/wp\/v2\/types\/post"}],"author":[{"embeddable":true,"href":"https:\/\/gazdasagportal.hu\/index.php\/wp-json\/wp\/v2\/users\/1001010"}],"replies":[{"embeddable":true,"href":"https:\/\/gazdasagportal.hu\/index.php\/wp-json\/wp\/v2\/comments?post=146889"}],"version-history":[{"count":1,"href":"https:\/\/gazdasagportal.hu\/index.php\/wp-json\/wp\/v2\/posts\/146889\/revisions"}],"predecessor-version":[{"id":146891,"href":"https:\/\/gazdasagportal.hu\/index.php\/wp-json\/wp\/v2\/posts\/146889\/revisions\/146891"}],"wp:featuredmedia":[{"embeddable":true,"href":"https:\/\/gazdasagportal.hu\/index.php\/wp-json\/wp\/v2\/media\/146890"}],"wp:attachment":[{"href":"https:\/\/gazdasagportal.hu\/index.php\/wp-json\/wp\/v2\/media?parent=146889"}],"wp:term":[{"taxonomy":"category","embeddable":true,"href":"https:\/\/gazdasagportal.hu\/index.php\/wp-json\/wp\/v2\/categories?post=146889"},{"taxonomy":"post_tag","embeddable":true,"href":"https:\/\/gazdasagportal.hu\/index.php\/wp-json\/wp\/v2\/tags?post=146889"}],"curies":[{"name":"wp","href":"https:\/\/api.w.org\/{rel}","templated":true}]}}