{"id":146718,"date":"2024-07-12T20:50:46","date_gmt":"2024-07-12T18:50:46","guid":{"rendered":"https:\/\/gazdasagportal.hu\/?p=146718"},"modified":"2024-07-12T20:53:19","modified_gmt":"2024-07-12T18:53:19","slug":"uresedes-21-szazadi-vagyonkezeles","status":"publish","type":"post","link":"https:\/\/gazdasagportal.hu\/index.php\/uresedes-21-szazadi-vagyonkezeles\/","title":{"rendered":"\u00dcresed\u00e9s: 21. sz\u00e1zadi vagyonkezel\u00e9si polihisztor kerestetik!"},"content":{"rendered":"<h2>A priv\u00e1tbanki v\u00e1ltoz\u00e1sok a p\u00e9nz\u00fcgyi \u00fari szab\u00f3k digit\u00e1lis ut\u00f3djait k\u00f6vetelik<\/h2>\n<h5><b>A hivatali id\u0151ben el\u00e9rhet\u0151, megszokott term\u00e9kcsoportokat k\u00edn\u00e1l\u00f3 priv\u00e1tbank\u00e1rok hely\u00e9t az \u00e9jjel-nappal, a chaten vagy \u00e9pp a social media fel\u00fcletein el\u00e9rhet\u0151, eddig elk\u00e9pzelhetetlennek t\u0171n\u0151 szakter\u00fcleteken is kompetenci\u00e1kat felmutatni tud\u00f3 tan\u00e1csad\u00f3k veszik \u00e1t a vagyonkezel\u00e9si piacon, \u00e1m a szem\u00e9lyes faktor sem t\u0171nik el, csak \u00e9ppen teljesen \u00e1talakul &#8211; \u00edgy v\u00e9lekednek a Blochamps Capital kutat\u00e1s\u00e1ban megk\u00e9rdezett priv\u00e1tbanki szolg\u00e1ltat\u00f3k, akik az \u00fcgyfelek megtart\u00e1sa \u00e9s megszerz\u00e9se mellett egyre nagyobb kih\u00edv\u00e1snak tartj\u00e1k a hozz\u00e1\u00e9rt\u0151 szakemberek megtart\u00e1s\u00e1t is.<\/b><!--more--><\/h5>\n<div class=\"ads-in-post2\"><script async src=\"https:\/\/pagead2.googlesyndication.com\/pagead\/js\/adsbygoogle.js\"><\/script>\r\n<ins class=\"adsbygoogle\"\r\n     style=\"display:block\"\r\n     data-ad-format=\"fluid\"\r\n     data-ad-layout-key=\"-6t+ed+2i-1n-4w\"\r\n     data-ad-client=\"ca-pub-1959107119989764\"\r\n     data-ad-slot=\"4008251320\"><\/ins>\r\n<script>\r\n     (adsbygoogle = window.adsbygoogle || []).push({});\r\n<\/script><\/div>\n<p>Alapjaiban s\u00falyoz\u00f3dik \u00e1t a priv\u00e1tbankok <a href=\"https:\/\/gazdasagportal.hu\/\" target=\"_blank\" rel=\"noopener\">vagyonkezel\u00e9s<\/a>i tev\u00e9kenys\u00e9ge: az \u00fcgyfelek egyre ink\u00e1bb szem\u00e9lyre szabott, komplex szolg\u00e1ltat\u00e1st v\u00e1rnak el priv\u00e1tbankjukt\u00f3l, valamint azt, hogy a digit\u00e1lis eszk\u00f6z\u00f6k egyre komolyabb haszn\u00e1lat\u00e1val a szolg\u00e1ltat\u00e1sok a nap 24 \u00f3r\u00e1j\u00e1ban el\u00e9rhet\u0151ek legyenek &#8211; der\u00fclt ki a wealth management \u00fczlet\u00e1g piacvezet\u0151 tan\u00e1csad\u00f3 c\u00e9g\u00e9nek, a Blochamps Capital-nak Magyarorsz\u00e1gon el\u0151sz\u00f6r elk\u00e9sz\u00edtett, a priv\u00e1tbanki vagyonkezel\u00e9si piac bels\u0151 szerkezeti m\u0171k\u00f6d\u00e9s\u00e9t \u00e9s HR folyamatait \u00e1tfog\u00f3an vizsg\u00e1l\u00f3 felm\u00e9r\u00e9s\u00e9b\u0151l. Karagich Istv\u00e1n \u00fcgyvezet\u0151 szerint az \u00faj kih\u00edv\u00e1sokhoz kapcsol\u00f3dva szolg\u00e1ltat\u00f3i oldalon kiemelked\u0151 feladatt\u00e1 v\u00e1lt a folyamatok digitaliz\u00e1l\u00e1sa, az \u00fcgyf\u00e9lkapcsolatok kor\u00e1bban elk\u00e9pzelhetetlennek tartott csatorn\u00e1kra, \u00edgy p\u00e9ld\u00e1ul a k\u00f6z\u00f6ss\u00e9gi m\u00e9dia fel\u00fcleteire val\u00f3 \u00e1tvitele, kommunik\u00e1ci\u00f3s \u00e9s fintech alkalmaz\u00e1sok, valamint a mesters\u00e9ges intelligencia bevon\u00e1sa az \u00fcgyf\u00e9lkezel\u00e9sbe \u00e9s p\u00e9nz\u00fcgyi ig\u00e9nyeik kiel\u00e9g\u00edt\u00e9s\u00e9be.<\/p>\n<p><b>A r\u00e9gi \u00e9rtelemben bizony le\u00e1ldozott a p\u00e9nz\u00fcgyi \u00fari szab\u00f3knak<\/b><\/p>\n<p>A szakember szerint a szolg\u00e1ltat\u00f3k sz\u00e1m\u00e1ra ma m\u00e1r egy\u00e9rtelm\u0171, hogy az \u00faj, forradalmi technol\u00f3gi\u00e1k, valamint a befektet\u00e9si lehet\u0151s\u00e9gek egyre sz\u00e9lesed\u0151 palett\u00e1ja alapjaiban \u00edrj\u00e1k \u00e1t a kor\u00e1bban k\u0151be v\u00e9settnek gondolt, a hivatali id\u0151ben m\u0171k\u00f6d\u0151, szem\u00e9lyes tal\u00e1lkoz\u00f3kon alapul\u00f3 vagyonkezel\u00e9si trendeket \u2013 az eleg\u00e1ns \u00f6lt\u00f6nyben, j\u00f3l kimunk\u00e1ltan gazdags\u00e1got \u00e9s kompetenci\u00e1t sug\u00e1roz\u00f3 t\u00e1rgyal\u00f3ban \u00fcgyfel\u00e9re v\u00e1rakoz\u00f3 priv\u00e1tbank\u00e1r k\u00e9pe egyre halv\u00e1nyabb, ezzel szemben az \u00fcgyfelek k\u00e9rd\u00e9s\u00e9re a c\u00e9g tud\u00e1sb\u00e1zis\u00e1t \u00e9s az AI-t megfelel\u0151en azonnali haszn\u00e1lni tud\u00f3, chaten ak\u00e1r perceken bel\u00fcl v\u00e1laszol\u00f3 referens sokkal ink\u00e1bb jellemzi a j\u00f6v\u0151t. Karagich Istv\u00e1n szerint \u00edgy hamarosan le\u00e1ldozik a csup\u00e1n m\u00e9retes \u00f6lt\u00f6ny\u00f6ket k\u00e9sz\u00edt\u0151 konzervat\u00edv \u201e\u00fari szab\u00f3k\u201d kora, helyett\u00fck az \u00fcgyfelek a szem\u00e9lyes kapcsolattart\u00e1sban \u00faj, komplexebb szolg\u00e1ltat\u00e1sokat v\u00e1rnak a vagyonkezel\u0151ikt\u0151l.<\/p><div id=\"gazda-980646172\" class=\"gazda-tartalomban gazda-entity-placement\"><script async src=\"https:\/\/pagead2.googlesyndication.com\/pagead\/js\/adsbygoogle.js\"><\/script>\r\n<ins class=\"adsbygoogle\"\r\n     style=\"display:block\"\r\n     data-ad-format=\"fluid\"\r\n     data-ad-layout-key=\"-6t+ed+2i-1n-4w\"\r\n     data-ad-client=\"ca-pub-1959107119989764\"\r\n     data-ad-slot=\"4008251320\"><\/ins>\r\n<script>\r\n     (adsbygoogle = window.adsbygoogle || []).push({});\r\n<\/script><\/div>\n<p>A Blochamps szakembere szerint a felm\u00e9r\u00e9s r\u00e1mutatott: a vagyonkezel\u0151k is \u00e9rzik, hogy az \u00faj trendek fantasztikus lehet\u0151s\u00e9geket k\u00edn\u00e1lnak a fejl\u0151d\u00e9sre \u00e9s \u00faj \u00fcgyfelek bevon\u00e1s\u00e1ra, \u00e1m a m\u00e1sik oldalon egy\u00e9rtelm\u0171en kikezdhetik \u00e9s fel is bor\u00edthatj\u00e1k a kor\u00e1bban k\u0151be v\u00e9settnek hitt priv\u00e1tbanki szolg\u00e1ltat\u00f3i status qu\u00f3t, a private banking egy\u00e9rtelm\u0171en \u00e1talakult a komplex wealth management ir\u00e1ny\u00e1ba.<\/p>\n<p><b>\u00daj kompetenci\u00e1k ki\u00e9p\u00edt\u00e9se sz\u00fcks\u00e9ges<\/b><\/p>\n<p>P\u00e1rhuzamosan jelentkez\u0151 kih\u00edv\u00e1s az, hogy a megl\u00e9v\u0151 priv\u00e1tbanki \u00fcgyfelek eset\u00e9ben egyre ink\u00e1bb alapelv\u00e1r\u00e1s a konkr\u00e9t befektet\u00e9si tan\u00e1csad\u00e1son fel\u00fcl a csal\u00e1di vagyon \u00e1tad\u00e1sa \u00e9s a folyamat menedzsel\u00e9s\u00e9nek k\u00e9rd\u00e9se. Azaz a szolg\u00e1ltat\u00f3k k\u00edn\u00e1lat\u00e1ban fellelhet\u0151ek kell legyenek family office jelleg\u0171 megold\u00e1sok. Ek\u00f6zben az \u00faj vagyonos gener\u00e1ci\u00f3 sz\u00e1m\u00e1ra olyan, a kor\u00e1bbi \u00fcgyfelek \u00e1ltal alig ig\u00e9nyelt szolg\u00e1ltat\u00e1sok bevon\u00e1s\u00e1ra van sz\u00fcks\u00e9g, amelyek eddig idegenek voltak a priv\u00e1tbankokt\u00f3l: olyan fel\u00fcletek megalkot\u00e1sa \u00e9s term\u00e9kek szolg\u00e1ltat\u00e1si k\u00f6rbe v\u00e9tele v\u00e1lik sz\u00fcks\u00e9gess\u00e9, amelyek az \u00faj \u00fcgyf\u00e9lk\u00f6r sz\u00e1m\u00e1ra kiemelked\u0151 hozz\u00e1adott \u00e9rt\u00e9kkel b\u00edrnak. Kor\u00e1bban is volt p\u00e9lda arra, hogy a priv\u00e1tbankok egyes kiv\u00e9telezett \u00fcgyfeleknek \u201efinancial life style &amp; strategy\u201d jelleg\u0171 tan\u00e1csad\u00e1st is v\u00e9geztek, de ez kimer\u00fclt a vagyonhoz jobban kapcsolhat\u00f3 \u00e1gazatok szak\u00e9rt\u0151inek, p\u00e9ld\u00e1ul m\u0171t\u00e1rgy keresked\u0151k vagy ad\u00f3szak\u00e9rt\u0151k kapcsolati bevon\u00e1s\u00e1ban. Ma azonban az elm\u00falt \u00e9vek dinamikus vagyonn\u00f6veked\u00e9se nyom\u00e1n \u00e1talakul\u00f3 ig\u00e9nyek szerint p\u00e9ld\u00e1ul haj\u00f3v\u00e1s\u00e1rl\u00e1si, ad\u00f3struktur\u00e1l\u00e1si konzult\u00e1ci\u00f3ban vagy \u00e9pp k\u00fclf\u00f6ldi ingatlanbefektet\u00e9sben is k\u00e9pesnek kell lennie tan\u00e1csot adni a priv\u00e1tbank\u00e1roknak a legmagasabb szint\u0171 \u00fcgyf\u00e9l\u00e9lm\u00e9ny biztos\u00edt\u00e1sa \u00e9rdek\u00e9ben \u2013 jelezte Karagich Istv\u00e1n.<\/p>\n<p><b>Behat\u00e1rol a b\u00fcrokr\u00e1cia<\/b><\/p>\n<p>A Blochamps ebben a tekintetben unik\u00e1lis felm\u00e9r\u00e9se arra is r\u00e1mutatott, hogy a szab\u00e1lyoz\u00f3i elv\u00e1r\u00e1soknak val\u00f3 megfelel\u00e9s, az egyre nagyobb adminisztrat\u00edv teher komoly akad\u00e1lya az \u00fczlet\u00e1gak tov\u00e1bbi fejl\u0151d\u00e9s dinamik\u00e1j\u00e1nak. A kutat\u00e1s szem\u00e9lyes interj\u00fakon alapul\u00f3 adatai szerint jelenleg a senior priv\u00e1tbank\u00e1rok is napi 2-3 \u00f3r\u00e1t k\u00e9nytelenek adminisztrat\u00edv feladatokkal t\u00f6lteni, mik\u00f6zben a megk\u00e9rdezettek v\u00e9lem\u00e9nye szerint a hat\u00e9kony wealth management teljes\u00edtm\u00e9nyhez heti 3-4 \u00f3r\u00e1s adminisztr\u00e1ci\u00f3s munka lenne az ide\u00e1lis.<\/p>\n<p><b>A tan\u00e1csad\u00f3k megtart\u00e1sa fel\u00e9rt\u00e9kel\u0151dik \u00e9s sikert\u00e9nyez\u0151v\u00e9 k\u00e9pes v\u00e1lni<\/b><\/p>\n<p>Az \u00fcgyfelek \u00faj elv\u00e1r\u00e1sai \u00e9s az \u00faj szolg\u00e1ltat\u00e1si mix teljesen \u00faj mentalit\u00e1st \u00e9s kompetenci\u00e1kat v\u00e1r el a priv\u00e1tbank\u00e1rokt\u00f3l. Ebbe az \u00fcgyfelek megv\u00e1ltozott ig\u00e9nyeihez alkalmazkod\u00f3 rugalmasabb munkaid\u0151beoszt\u00e1s ugyan\u00fagy beletartozik, mint az, hogy a szem\u00e9lyes tal\u00e1lkoz\u00f3k, a fizikai jelenl\u00e9ten alakul\u00f3 \u00fcgyf\u00e9lkapcsolat h\u00e1tt\u00e9rbe szorul\u00e1sa miatt helyet k\u00f6veteljen mag\u00e1nak a digit\u00e1lis megold\u00e1sokat maxim\u00e1lisan kihaszn\u00e1l\u00f3 home office t\u00e1vmunka.<\/p>\n<p>A Blochamps Capital \u00fcgyvezet\u0151je arra figyelmeztet, hogy a klasszikus priv\u00e1tbanki munka nem kifejezetten vonz\u00f3 ma a p\u00e1ly\u00e1t kezd\u0151 p\u00e9nz\u00fcgyi szakemberek sz\u00e1m\u00e1ra. \u00c9pp ez\u00e9rt v\u00e1lik a szakma egyre komolyabb kih\u00edv\u00e1s\u00e1v\u00e1 az, hogy az \u00fcgyfelek \u00e1ltal megk\u00f6vetelt a szolg\u00e1ltat\u00e1si v\u00e1ltoztat\u00e1sokat \u00fagy hajts\u00e1k v\u00e9gre a priv\u00e1tbanki szolg\u00e1ltat\u00f3k, hogy azzal megteremtik a lehet\u0151s\u00e9g\u00e9t, a munkav\u00e1llal\u00f3ik sz\u00e1m\u00e1ra is \u00e9rezhet\u0151v\u00e9 v\u00e1ljon a fejl\u0151d\u00e9s lehet\u0151s\u00e9ge. Ma m\u00e1r nem elegend\u0151 a munkav\u00e1llal\u00f3k sz\u00e1m\u00e1ra, ha sz\u00e1mukra 8-10 \u00e9ves karrier utat festenek fel, a lojalit\u00e1s megteremt\u00e9s\u00e9hez enn\u00e9l sokkal fontosabb, hogy a munkat\u00e1rs folyamatosan \u00e9rezze a megbecs\u00fclts\u00e9g\u00e9t, illetve azt, hogy az ig\u00e9nyeinek megfelel\u0151 munkak\u00f6rnyezetet k\u00e9pes kialak\u00edtani saj\u00e1t maga sz\u00e1m\u00e1ra c\u00e9ge maxim\u00e1lis t\u00e1mogat\u00e1s\u00e1val. Csak \u00edgy \u00e9rhet\u0151 el Karagich Istv\u00e1n szerint az, hogy a fiatalabb priv\u00e1tbank\u00e1rok ne 2-3 \u00e9vente v\u00e1ltsanak munkahelyet, z\u00e1r\u00f3jelbe t\u00e9ve az \u00edgy folyamatos k\u00e9pz\u00e9s\u00fckre k\u00f6lt\u00f6tt milli\u00f3kat, hanem val\u00f3ban hossz\u00fa t\u00e1von er\u0151s\u00edts\u00e9k az \u00fcgyf\u00e9l oldalon am\u00fagy is folyamatos kih\u00edv\u00e1sokkal szembes\u00fcl\u0151 szolg\u00e1ltat\u00f3kat \u00e9s \u00e9rt\u00e9k\u00fczeneteket.<\/p>\n<p>A folyamatok racionaliz\u00e1l\u00e1sa teh\u00e1t nem csak a r\u00e9gi \u00fcgyfelek megtart\u00e1s\u00e1hoz \u00e9s az \u00faj \u00fcgyfelek megnyer\u00e9s\u00e9hez sz\u00fcks\u00e9ges alapvet\u0151 kih\u00edv\u00e1s, hanem a legjobban teljes\u00edt\u0151 munkav\u00e1llal\u00f3k munka\u00e9lm\u00e9ny\u00e9nek biztos\u00edt\u00e1s\u00e1hoz a loj\u00e1lis, j\u00f3l k\u00e9pzett, a v\u00e1ltoz\u00e1sokhoz gyorsan alkalmazkodni tud\u00f3 szakemberg\u00e1rda egyben tart\u00e1s\u00e1hoz is sz\u00fcks\u00e9ges alapvet\u0151 kompetencia lesz, amely \u00faj rendet v\u00e1ghat a priv\u00e1tbanki szolg\u00e1ltat\u00f3k k\u00f6z\u00f6tt \u2013 \u00f6sszegzi a Blochamps tanulm\u00e1ny f\u0151bb mondanival\u00f3inak egyik\u00e9t Karagich Istv\u00e1n.<\/p>\n<p>&nbsp;<\/p>\n<h5><span style=\"font-size: small;\">Itt van n\u00e9h\u00e1ny \u00e9rdekes teszt: <a href=\"https:\/\/kvizportal.hu\/tudasbovito-kviz-kerdesekre-most-szukseged-6618\/\" target=\"_blank\" rel=\"noopener noreferrer\">Szerint\u00fcnk, erre a k\u00e9rd\u00e9sekre van most a legnagyobb sz\u00fcks\u00e9ged<\/a> vagy <a href=\"https:\/\/kvizportal.hu\/agykarbantarto-kviz-igazi-elmebajnoksag-6618\/\" target=\"_blank\" rel=\"noopener noreferrer\">Ez az igazi elmebajnoks\u00e1g. H\u00e1ny pontod lett? (898)<\/a> vagy <a href=\"https:\/\/kvizportal.hu\/agykarbantarto-kviz-erdekes-feladvanyokkal-6618\/\" target=\"_blank\" rel=\"noopener noreferrer\">Megbirk\u00f3zol ezekkel az \u00e9rdekes feladv\u00e1nyokkal?<\/a> vagy <a href=\"https:\/\/kvizportal.hu\/kviz-8-kerdesre-valasz-6618\/\" target=\"_blank\" rel=\"noopener noreferrer\">Erre a 8 k\u00e9rd\u00e9sre tudod a v\u00e1laszt?<\/a> vagy <a href=\"https:\/\/kvizportal.hu\/nyolc-kvizkerdes-mindenki-elismeri-6618\/\" target=\"_blank\" rel=\"noopener noreferrer\">Ha siker\u00fcl, mindenki elismeri a tud\u00e1sod<\/a><\/span><\/h5>\n<p>&nbsp;<\/p>\n","protected":false},"excerpt":{"rendered":"<p>A priv\u00e1tbanki v\u00e1ltoz\u00e1sok a p\u00e9nz\u00fcgyi \u00fari szab\u00f3k digit\u00e1lis ut\u00f3djait k\u00f6vetelik A hivatali id\u0151ben el\u00e9rhet\u0151, megszokott term\u00e9kcsoportokat k\u00edn\u00e1l\u00f3 priv\u00e1tbank\u00e1rok hely\u00e9t az \u00e9jjel-nappal, a chaten vagy \u00e9pp a social media fel\u00fcletein el\u00e9rhet\u0151, eddig elk\u00e9pzelhetetlennek t\u0171n\u0151 szakter\u00fcleteken is kompetenci\u00e1kat felmutatni tud\u00f3 tan\u00e1csad\u00f3k veszik \u00e1t a vagyonkezel\u00e9si piacon, \u00e1m a szem\u00e9lyes faktor sem t\u0171nik el, csak \u00e9ppen teljesen \u00e1talakul &#8230;<\/p>\n","protected":false},"author":1001010,"featured_media":145957,"comment_status":"open","ping_status":"open","sticky":false,"template":"","format":"standard","meta":[],"categories":[436,19],"tags":[],"_links":{"self":[{"href":"https:\/\/gazdasagportal.hu\/index.php\/wp-json\/wp\/v2\/posts\/146718"}],"collection":[{"href":"https:\/\/gazdasagportal.hu\/index.php\/wp-json\/wp\/v2\/posts"}],"about":[{"href":"https:\/\/gazdasagportal.hu\/index.php\/wp-json\/wp\/v2\/types\/post"}],"author":[{"embeddable":true,"href":"https:\/\/gazdasagportal.hu\/index.php\/wp-json\/wp\/v2\/users\/1001010"}],"replies":[{"embeddable":true,"href":"https:\/\/gazdasagportal.hu\/index.php\/wp-json\/wp\/v2\/comments?post=146718"}],"version-history":[{"count":5,"href":"https:\/\/gazdasagportal.hu\/index.php\/wp-json\/wp\/v2\/posts\/146718\/revisions"}],"predecessor-version":[{"id":146723,"href":"https:\/\/gazdasagportal.hu\/index.php\/wp-json\/wp\/v2\/posts\/146718\/revisions\/146723"}],"wp:featuredmedia":[{"embeddable":true,"href":"https:\/\/gazdasagportal.hu\/index.php\/wp-json\/wp\/v2\/media\/145957"}],"wp:attachment":[{"href":"https:\/\/gazdasagportal.hu\/index.php\/wp-json\/wp\/v2\/media?parent=146718"}],"wp:term":[{"taxonomy":"category","embeddable":true,"href":"https:\/\/gazdasagportal.hu\/index.php\/wp-json\/wp\/v2\/categories?post=146718"},{"taxonomy":"post_tag","embeddable":true,"href":"https:\/\/gazdasagportal.hu\/index.php\/wp-json\/wp\/v2\/tags?post=146718"}],"curies":[{"name":"wp","href":"https:\/\/api.w.org\/{rel}","templated":true}]}}