{"id":146706,"date":"2024-07-11T18:52:40","date_gmt":"2024-07-11T16:52:40","guid":{"rendered":"https:\/\/gazdasagportal.hu\/?p=146706"},"modified":"2024-07-11T18:52:40","modified_gmt":"2024-07-11T16:52:40","slug":"mennyi-diakmunkaval-lehet-megkeresni-a-penzt-egy-fesztivalbelepore-szakerto-valaszol","status":"publish","type":"post","link":"https:\/\/gazdasagportal.hu\/index.php\/mennyi-diakmunkaval-lehet-megkeresni-a-penzt-egy-fesztivalbelepore-szakerto-valaszol\/","title":{"rendered":"Mennyi di\u00e1kmunk\u00e1val lehet megkeresni a p\u00e9nzt egy fesztiv\u00e1lbel\u00e9p\u0151re? &#8211; Szak\u00e9rt\u0151 v\u00e1laszol"},"content":{"rendered":"<h4><b>M\u00e1r jav\u00e1ban tart az idei ny\u00e1ri sz\u00fcnet \u00e9s vele a di\u00e1kmunka-szezon, a jelentkez\u00e9sek sz\u00e1ma ebben az id\u0151szakban cs\u00facsosodik ki. Ezzel p\u00e1rhuzamosan a fesztiv\u00e1lok id\u0151szaka is beindult, a fiatalok pedig sz\u00edvesen gy\u0171jtenek ezekre a \u2013 nem \u00e9ppen di\u00e1kp\u00e9nzt\u00e1rc\u00e1ra szabott \u2013 esem\u00e9nyekre, ami tov\u00e1bb fokozza a di\u00e1kmunk\u00e1k ir\u00e1nti \u00e9rdekl\u0151d\u00e9st. A r\u00f6vid t\u00e1v\u00fa tervek megval\u00f3s\u00edt\u00e1sa mellett azonban sokkal c\u00e9ltudatosabbak a fiatal gener\u00e1ci\u00f3 tagjai: a p\u00e9nzkereseten t\u00fal, a szakmai tapasztalat szerz\u00e9se \u00e9s a p\u00e1lyav\u00e1laszt\u00e1si szorong\u00e1s is a di\u00e1kmunka-v\u00e1llal\u00e1s fel\u00e9 tereli \u0151ket. \u00c9ppen ez\u00e9rt a 15. \u00e9let\u00e9v\u00e9t bet\u00f6lt\u00f6tt di\u00e1kok kihaszn\u00e1lj\u00e1k annak lehet\u0151s\u00e9g\u00e9t, hogy az iskolai sz\u00fcnetekben dolgozhatnak, amit sok esetben a sz\u00fcl\u0151k munkahelyei teremtenek meg. De a k\u00fclf\u00f6ld\u00f6n tanul\u00f3 di\u00e1kok is v\u00e1llalhatnak itthon di\u00e1kmunk\u00e1t, ha honos\u00edtott nappali tagozatos di\u00e1kigazolv\u00e1nnyal rendelkeznek \u2013 h\u00edvta fel a figyelmet G\u00f6bl R\u00f3bert, a\u00a0<\/b><a href=\"https:\/\/wg.humancentrum.hu\/wg\/page.php?link=6b72293f&amp;id=1104&amp;b=1&amp;x=416195&amp;y=3520&amp;z=292&amp;dt=1720689681\" target=\"_blank\" rel=\"noopener\" data-saferedirecturl=\"https:\/\/www.google.com\/url?q=https:\/\/wg.humancentrum.hu\/wg\/page.php?link%3D6b72293f%26id%3D1104%26b%3D1%26x%3D416195%26y%3D3520%26z%3D292%26dt%3D1720689681&amp;source=gmail&amp;ust=1720802970836000&amp;usg=AOvVaw2PXXdXPGFkWaqZbS37YKIm\"><b>Mind-Di\u00e1k Sz\u00f6vetkezet<\/b><\/a><b>\u00a0vezet\u0151je.<\/b><!--more--><\/h4>\n<div class=\"ads-in-post2\"><script async src=\"https:\/\/pagead2.googlesyndication.com\/pagead\/js\/adsbygoogle.js\"><\/script>\r\n<ins class=\"adsbygoogle\"\r\n     style=\"display:block\"\r\n     data-ad-format=\"fluid\"\r\n     data-ad-layout-key=\"-6t+ed+2i-1n-4w\"\r\n     data-ad-client=\"ca-pub-1959107119989764\"\r\n     data-ad-slot=\"4008251320\"><\/ins>\r\n<script>\r\n     (adsbygoogle = window.adsbygoogle || []).push({});\r\n<\/script><\/div>\n<p><b>Di\u00e1kp\u00e9nzt\u00e1rc\u00e1b\u00f3l is lehet fesztiv\u00e1lozni<\/b><\/p>\n<p>A ny\u00e1rral egy\u00fctt kit\u00f6rt a fesztiv\u00e1lszezon is, sz\u00e1mtalan lehet\u0151s\u00e9g k\u00f6z\u00fcl v\u00e1laszthatnak a bulizni v\u00e1gy\u00f3k: j\u00falius 3-\u00e1n nyitotta a sort a Balaton Sound, majd j\u00falius 10-\u00e9n indult az EFOTT, ezut\u00e1n j\u00falius 17-\u00e9n kezd\u0151dik az East Fest, augusztus 7-\u00e9n a Sziget Fesztiv\u00e1l, augusztus 22-t\u0151l Zam\u00e1rdiban a Strand fesztiv\u00e1l, augusztus 28-t\u00f3l a SZIN, szeptemberben pedig a BME Napok \u2013 csak hogy a nagyobbak k\u00f6z\u00fcl eml\u00edts\u00fcnk p\u00e1rat. Ezeken a fesztiv\u00e1lokon tov\u00e1bbra is nagy ar\u00e1nyban vesznek r\u00e9szt a magyar fiatalok, a jegy \u00e9s ital\u00e1rak, valamint a sz\u00e1ll\u00e1s k\u00f6lts\u00e9gei azonban jelent\u0151sen megterheli a fesztiv\u00e1loz\u00f3k p\u00e9nzt\u00e1rc\u00e1j\u00e1t. Nem meglep\u0151, hogy a ny\u00e1ri di\u00e1kmunka-v\u00e1llal\u00e1s egyik f\u0151 motiv\u00e1ci\u00f3i k\u00f6z\u00e9 tartozik a fesztiv\u00e1loz\u00e1sra gy\u0171jt\u00e9s, ugyanakkor a di\u00e1kok z\u00f6me m\u00e9g mindig r\u00e9szben a sz\u00fcleikre t\u00e1maszkodik. Az Ifj\u00fas\u00e1gkutat\u00f3 Int\u00e9zet legfrissebb\u00a0<a href=\"https:\/\/wg.humancentrum.hu\/wg\/page.php?link=aeb7kab5&amp;id=1108&amp;b=1&amp;x=416195&amp;y=3520&amp;z=292&amp;dt=1720689681\" target=\"_blank\" rel=\"noopener\" data-saferedirecturl=\"https:\/\/www.google.com\/url?q=https:\/\/wg.humancentrum.hu\/wg\/page.php?link%3Daeb7kab5%26id%3D1108%26b%3D1%26x%3D416195%26y%3D3520%26z%3D292%26dt%3D1720689681&amp;source=gmail&amp;ust=1720802970836000&amp;usg=AOvVaw1lGAPiorrVo2tgexJ56d-C\">felm\u00e9r\u00e9se<\/a>\u00a0r\u00e1vil\u00e1g\u00edtott: 17 \u00e9ves korig \u00a0a magyarok 42 sz\u00e1zal\u00e9ka engedn\u00e9 el a fiatalokat egyed\u00fcl fesztiv\u00e1lozni, \u00e9s a megk\u00e9rdezettek t\u00f6bb mint fele (58 sz\u00e1zal\u00e9k) v\u00e9lte \u00fagy, hogy csak 18 \u00e9ves kort\u00f3l engedhet\u0151 el valaki feln\u0151tt k\u00eds\u00e9ret n\u00e9lk\u00fcl.<\/p>\n<p>Ahogy az els\u0151fesztiv\u00e1loz\u00f3kat, \u00fagy az \u201e<a href=\"https:\/\/wg.humancentrum.hu\/wg\/page.php?link=5277ecfk&amp;id=1109&amp;b=1&amp;x=416195&amp;y=3520&amp;z=292&amp;dt=1720689681\" target=\"_blank\" rel=\"noopener\" data-saferedirecturl=\"https:\/\/www.google.com\/url?q=https:\/\/wg.humancentrum.hu\/wg\/page.php?link%3D5277ecfk%26id%3D1109%26b%3D1%26x%3D416195%26y%3D3520%26z%3D292%26dt%3D1720689681&amp;source=gmail&amp;ust=1720802970836000&amp;usg=AOvVaw1CgJkq8hbxVfsGn_YeTidD\">els\u0151di\u00e1kdolgoz\u00f3kat<\/a>\u201d is t\u00f6bbsz\u00f6r\u00f6s impulzus \u00e9ri: amellett, hogy megismerkednek a munka vil\u00e1g\u00e1val, a p\u00e9nz\u00fcgyek ter\u00e9n is fel kell t\u00e9rk\u00e9pezni\u00fck a lehet\u0151s\u00e9geket. \u201e<em>A legt\u00f6bben ekkor nyitj\u00e1k meg \u00e9let\u00fck els\u0151 banksz\u00e1ml\u00e1j\u00e1t, kapj\u00e1k meg els\u0151 fizet\u00e9s\u00fcket, ismerkednek meg a brutt\u00f3-nett\u00f3 j\u00f6vedelem fogalm\u00e1val \u00e9s ilyenkor tudatosodik benn\u00fck, hogy mennyit kereshetnek egy-egy munkak\u00f6rben<\/em>\u201d \u2013 hangs\u00falyozza\u00a0<b>G\u00f6bl R\u00f3bert, a Mind-Di\u00e1k Sz\u00f6vetkezet vezet\u0151je<\/b>. Majd kifejti: a di\u00e1kmunka \u00f3rab\u00e9re tov\u00e1bbra sem lehet alacsonyabb a mindenkori minim\u00e1lb\u00e9rn\u00e9l, ami 2024-ben brutt\u00f3 1534 forint \u00f3r\u00e1nk\u00e9nt, m\u00edg a garant\u00e1lt b\u00e9rminimum brutt\u00f3 1874 forint \u00f3r\u00e1nk\u00e9nt, amit azok kaphatnak, akik k\u00f6z\u00e9pfok\u00fa v\u00e9gzetts\u00e9get (azaz \u00e9retts\u00e9git) vagy szakk\u00e9pzetts\u00e9get ig\u00e9nyl\u0151 munkak\u00f6rben helyezkednek el. Ezt az \u00f6sszeget a 25 \u00e9v alattiak nett\u00f3 j\u00f6vedelemk\u00e9nt kapj\u00e1k k\u00e9zhez az szja-mentess\u00e9gnek k\u00f6sz\u00f6nhet\u0151en.<\/p><div id=\"gazda-2645998800\" class=\"gazda-tartalomban gazda-entity-placement\"><script async src=\"https:\/\/pagead2.googlesyndication.com\/pagead\/js\/adsbygoogle.js\"><\/script>\r\n<ins class=\"adsbygoogle\"\r\n     style=\"display:block\"\r\n     data-ad-format=\"fluid\"\r\n     data-ad-layout-key=\"-6t+ed+2i-1n-4w\"\r\n     data-ad-client=\"ca-pub-1959107119989764\"\r\n     data-ad-slot=\"4008251320\"><\/ins>\r\n<script>\r\n     (adsbygoogle = window.adsbygoogle || []).push({});\r\n<\/script><\/div>\n<p>Az \u00e1tlag di\u00e1kmunka-\u00f3rab\u00e9rek brutt\u00f3 1600-2500 forint k\u00f6z\u00f6tt mozognak a 2024-es ny\u00e1ri szezonban, de ennek t\u00f6bbsz\u00f6r\u00f6s\u00e9t is megkereshetik a di\u00e1kok, ha p\u00e9ld\u00e1ul jogos\u00edtv\u00e1nnyal, speci\u00e1lis szaktud\u00e1ssal vagy nyelvtud\u00e1ssal rendelkeznek. Hasonl\u00f3 a helyzet a gyakornoki poz\u00edci\u00f3k b\u00e9rein\u00e9l, amelyek a legkiemelked\u0151bbek a Mind-Di\u00e1k adatai szerint: a 25 \u00e9v alatti di\u00e1kokn\u00e1l ez brutt\u00f3 (ami az \u0151 eset\u00fckben nett\u00f3) 1 874 \u00e9s 2 500 Ft\/\u00f3ra k\u00f6z\u00f6tti s\u00e1vban mozog. A m\u00e9rn\u00f6ki, p\u00e9nz\u00fcgyi \u00e1ll\u00e1sokn\u00e1l jellemz\u0151 a magasabb, a 2000-3000 Ft-os \u00f3rab\u00e9r, az IT-s munk\u00e1k ter\u00e9n pedig nem ritka a 3000-4000 Ft-os vagy afeletti \u00f3rab\u00e9r sem. Ezzel ellent\u00e9tben a k\u00f6nny\u0171 fizikai, egyszer\u0171 betan\u00edtott vagy adminisztrat\u00edv munk\u00e1kn\u00e1l \u00e1tlagban1600-1900 k\u00f6r\u00fcli \u00f3rab\u00e9rekre lehet sz\u00e1m\u00edtani. \u201e<em>Ma m\u00e1r nem olyan neh\u00e9z di\u00e1kk\u00e9nt megkeresni p\u00e9ld\u00e1ul egy Sziget napijegy \u00e1r\u00e1t, ami k\u00f6zel 33 ezer forint. Ha p\u00e9ld\u00e1ul a 25 \u00e9v alatti fiatal a ny\u00e1ri sz\u00fcnetben k\u00e9t hetet dolgozik heti 40 \u00f3r\u00e1ban, 1700 Ft-os \u00f3rab\u00e9rrel sz\u00e1molva\u00a0136 ezer forintot kereshet, amib\u0151l m\u00e1r nem csak egy napijegyet tud megv\u00e1s\u00e1rolni<\/em>\u201d \u2013 eml\u00edti p\u00e9ldak\u00e9nt G\u00f6bl R\u00f3bert.<\/p>\n<p><b>Nem csak r\u00f6vid t\u00e1v\u00fa c\u00e9lokat t\u0171znek ki a di\u00e1kok<\/b><\/p>\n<p>A di\u00e1kok ugyanakkor nem csak r\u00f6vid t\u00e1v\u00fa terveik megval\u00f3s\u00edt\u00e1sa miatt v\u00e1gnak bele egy di\u00e1kmunk\u00e1ba. \u201e<em>Ugyan erre k\u00fcl\u00f6n t\u00e1rgyat nem vezettek be az iskol\u00e1kban, de ma m\u00e1r a n\u00f6vekv\u0151 ig\u00e9nynek k\u00f6sz\u00f6nhet\u0151en egyre t\u00f6bb oszt\u00e1lyf\u0151n\u00f6ki \u00f3r\u00e1t vagy p\u00e1lyaorient\u00e1ci\u00f3s napot szerveznek karriertervez\u00e9s t\u00e9m\u00e1ban. Ezeken az alkalmakon p\u00e9ld\u00e1ul a Mind-Di\u00e1k munkat\u00e1rsai v\u00e9gigviszik a di\u00e1kokat a jelentkez\u00e9si folyamat l\u00e9p\u00e9sein okostelefonjuk seg\u00edts\u00e9g\u00e9vel, aminek most ny\u00e1ron nagy haszn\u00e1t veszik a gyakorlatban<\/em>\u201d \u2013 \u00e1rulja el a sz\u00f6vetkezet vezet\u0151je. A sz\u00f6vetkezet tapasztalatai szerint az\u00e9rt is \u00f6vezi nagy \u00e9rdekl\u0151d\u00e9s az ilyen t\u00edpus\u00fa el\u0151ad\u00e1sokat, mert a di\u00e1kok t\u00f6bbs\u00e9g\u00e9n\u00e9l nagy stresszfaktort jelent a p\u00e1lyav\u00e1laszt\u00e1s. \u201e<em>Az \u00e9retts\u00e9givel \u00e9s a f\u0151iskolai vagy egyetemi vizsgaid\u0151szakkal j\u00e1r\u00f3 stressz mellett jelen van a \u00bbmerre-tov\u00e1bb\u00ab p\u00e1lyav\u00e1laszt\u00e1si szorong\u00e1s is. Sokan \u2013 f\u0151leg tizen\u00e9vesen \u2013 m\u00e9g nem tudj\u00e1k felm\u00e9rni, hogy milyen ter\u00fcleten szeretn\u00e9nek hossz\u00fa t\u00e1von elhelyezkedni, ez pedig \u00f3ri\u00e1si nyom\u00e1s a fiatalokon. Ezt pr\u00f3b\u00e1ljuk cs\u00f6kkenteni gyakorlati tan\u00e1csad\u00e1sokkal, melyeken a di\u00e1kok is feltehetik a k\u00e9rd\u00e9seiket, \u00e9s nagy \u00f6r\u00f6mmel tapasztaljuk (ahogy a tan\u00e1rok is), hogy milyen akt\u00edvan \u00e9lnek ezzel a lehet\u0151s\u00e9ggel<\/em>\u201d \u2013 hangs\u00falyozza a szak\u00e9rt\u0151.<\/p>\n<p>Majd hozz\u00e1teszi: egy di\u00e1kmunka sor\u00e1n, \u00e9les helyzetben a fiatal k\u00f6nnyen felismerheti az er\u0151ss\u00e9geit \u00e9s a fejlesztend\u0151 k\u00e9szs\u00e9geit, ami ad egy igazod\u00e1si pontot a karriertervez\u00e9sben. A szak\u00e9rt\u0151 szerint az els\u0151 l\u00e9p\u00e9s az ehhez vezet\u0151 \u00faton a t\u00e1j\u00e9koz\u00f3d\u00e1s: mik a lehet\u0151s\u00e9gek? Hogyan \u00e1ll\u00edtsunk \u00f6ssze egy vonz\u00f3 \u00f6n\u00e9letrajzot? G\u00f6bl R\u00f3bert szerint nem \u00e1rt k\u00f6zvetlen\u00fcl az iskolasz\u00f6vetkezetn\u00e9l t\u00e1j\u00e9koz\u00f3dni a t\u00e9m\u00e1ban, ahol \u00f6n\u00e9letrajz-tan\u00e1csad\u00e1ssal is t\u00e1mogatj\u00e1k a fiatalokat. Emellett, fontos tudni, hogy ha a di\u00e1k k\u00fclf\u00f6ld\u00f6n folytatja a tanulm\u00e1nyait, a sz\u00fcnid\u0151ben hazat\u00e9rve tov\u00e1bbra is v\u00e1llalhat di\u00e1kmunk\u00e1t Magyarorsz\u00e1gon, ha honos\u00edtott nappali tagozatos di\u00e1kigazolv\u00e1nnyal rendelkezik. \u201e<em>Azzal sz\u00e1molni kell, hogy csak a nappali tagozatos di\u00e1kok (akt\u00edv vagy passz\u00edv f\u00e9l\u00e9vesek) v\u00e1llalhatnak \u2013 a f\u0151\u00e1ll\u00e1s\u00fan\u00e1l l\u00e9nyegesen kedvez\u0151bb ad\u00f3z\u00e1s\u00fa \u2013 di\u00e1kmunk\u00e1t vagy gyakornoki munk\u00e1t. Az esti vagy levelez\u0151 tagozatos hallgat\u00f3k teh\u00e1t nem dolgozhatnak di\u00e1kk\u00e9nt, csak f\u0151\u00e1ll\u00e1s\u00fa st\u00e1tuszban<\/em>\u201d \u2013 h\u00edvja fel a figyelmet G\u00f6bl R\u00f3bert.<\/p>\n<p><b>A 18 \u00e9v alattiaknak a sz\u00fcleik munkahely\u00e9n is biztos\u00edthatnak di\u00e1kmunk\u00e1t<\/b><\/p>\n<p>Iskolai sz\u00fcnetekben a 15. \u00e9let\u00e9v\u00e9t bet\u00f6lt\u00f6tt di\u00e1k is dolgozhat, aki pedig m\u00e1r bet\u00f6lt\u00f6tte a 16. \u00e9let\u00e9v\u00e9t \u00e9s nappali tagozaton tanul, tan\u00e9v k\u00f6zben is b\u00e1rmikor v\u00e1llalhat di\u00e1kmunk\u00e1t, de 18 \u00e9vn\u00e9l fiatalabb kor\u00fa gyermekek munkav\u00e9gz\u00e9se eset\u00e9n sz\u00fcks\u00e9g van a sz\u00fcl\u0151 hozz\u00e1j\u00e1rul\u00e1s\u00e1ra. G\u00f6bl R\u00f3bert szerint kifejezetten hasznos, ha egy tin\u00e9dzser 15-16 \u00e9ves kor\u00e1t\u00f3l kezdve, fokozatosan kapcsol\u00f3dik be a munka vil\u00e1g\u00e1ba: el\u0151sz\u00f6r csak ny\u00e1ron egy-egy h\u00f3napot, k\u00e9s\u0151bb pedig ak\u00e1r \u00e9vk\u00f6zben is egy-egy d\u00e9lut\u00e1nt, ahogy a tanulm\u00e1nyai engedik. A Mind-Di\u00e1k Sz\u00f6vetkezet vezet\u0151je kiemelte: a 18 \u00e9v alattiaknak sz\u00f3l\u00f3 di\u00e1kmunk\u00e1kb\u00f3l ugyan kevesebb van, \u00e9s ny\u00e1ron ezeket k\u00fcl\u00f6n\u00f6sen gyorsan bet\u00f6ltik, de azzal m\u00e9g sokan nincsenek tiszt\u00e1ban, hogy maguk a sz\u00fcl\u0151k is megteremthetik erre a lehet\u0151s\u00e9get.<\/p>\n<p>Ha a munk\u00e1ltat\u00f3k nyitottak arra, hogy a ny\u00e1ri sz\u00fcnid\u0151re di\u00e1kmunk\u00e1t k\u00edn\u00e1ljanak a saj\u00e1t dolgoz\u00f3ik gyermekeinek, abban az esetben legink\u00e1bb a szabads\u00e1gol\u00e1sok miatt sz\u00fcks\u00e9ges helyettes\u00edt\u00e9sek megold\u00e1s\u00e1ra, ahol egyszer\u0171bb projektekbe vagy a k\u00f6nnyen betan\u00edthat\u00f3 adminisztrat\u00edv folyamatokba, kiseg\u00edt\u0151i feladatokba vonj\u00e1k be a di\u00e1kokat. \u201e<em>Ha a sz\u00fcl\u0151 munkaad\u00f3ja szerz\u0151d\u00e9st k\u00f6t a di\u00e1ksz\u00f6vetkezettel, megkaphatja azokat a kedvezm\u00e9nyeket, melyeket kiz\u00e1r\u00f3lag a di\u00e1ksz\u00f6vetkezeten kereszt\u00fcl foglalkoztatott di\u00e1kok ut\u00e1n j\u00e1rnak: nem kell sem fizetett szabads\u00e1got, sem munkasz\u00fcneti napokat, sem betegszabads\u00e1got fizetni, csak a ledolgozott \u00f3r\u00e1kat, \u00e9s teljes szocho-mentess\u00e9get \u00e9lvezhet. Ezzel teh\u00e1t j\u00f3l j\u00e1rhat a foglalkoztat\u00f3 is, hiszen jelent\u0151sen kedvez\u0151bb keretek k\u00f6z\u00f6tt dolgoztathatja a fiatalokat, mik\u00f6zben t\u00e1mogathatja a szabads\u00e1gol\u00e1sok miatt leterhelt csapatait<\/em>\u201d \u2013 z\u00e1rja v\u00e9g\u00fcl gondolatait G\u00f6bl R\u00f3bert.<\/p>\n<p>&nbsp;<\/p>\n<p><em><u>Tov\u00e1bbi inform\u00e1ci\u00f3 a Mind-Di\u00e1k Sz\u00f6vetkezetr\u0151l:<\/u><\/em><\/p>\n<p>A Hum\u00e1n Centrum Kft. \u00e9s a c\u00e9gcsoporthoz tartoz\u00f3 Mind-Di\u00e1k Sz\u00f6vetkezet t\u00f6bb mint 30 \u00e9ves HR-piaci m\u00falttal a h\u00e1ta m\u00f6g\u00f6tt ny\u00fajt biztos t\u00e1maszt a toborz\u00e1sban, kiemelten az atipikus foglalkoztat\u00e1s \u2013 munkaer\u0151-k\u00f6lcs\u00f6nz\u00e9s, di\u00e1kmunka, nyugd\u00edjas foglalkoztat\u00e1s, egyszer\u0171s\u00edtett foglalkoztat\u00e1s \u2013 ter\u00e9n. Az orsz\u00e1gos lefedetts\u00e9ggel rendelkez\u0151 c\u00e9gcsoport integr\u00e1lt HR megold\u00e1sokat k\u00edn\u00e1l nemzetk\u00f6zi v\u00e1llalatok \u00e9s hazai KKV-k sz\u00e1m\u00e1ra egyar\u00e1nt \u2013 jelenleg t\u00f6bb mint 500 partner\u00fck van. 13 irod\u00e1jukban 80 HR-munkat\u00e1rs \u00e9vi t\u00f6bb mint 10 000 f\u0151\u00e1ll\u00e1s\u00fa, di\u00e1k \u00e9s nyugd\u00edjas dolgoz\u00f3t kezel, \u00edgy nagyon sokf\u00e9le l\u00e9tsz\u00e1mig\u00e9nnyel, munkaszervez\u00e9ssel, b\u00e9rstrukt\u00far\u00e1val dolgoznak.<\/p>\n","protected":false},"excerpt":{"rendered":"<p>M\u00e1r jav\u00e1ban tart az idei ny\u00e1ri sz\u00fcnet \u00e9s vele a di\u00e1kmunka-szezon, a jelentkez\u00e9sek sz\u00e1ma ebben az id\u0151szakban cs\u00facsosodik ki. Ezzel p\u00e1rhuzamosan a fesztiv\u00e1lok id\u0151szaka is beindult, a fiatalok pedig sz\u00edvesen gy\u0171jtenek ezekre a \u2013 nem \u00e9ppen di\u00e1kp\u00e9nzt\u00e1rc\u00e1ra szabott \u2013 esem\u00e9nyekre, ami tov\u00e1bb fokozza a di\u00e1kmunk\u00e1k ir\u00e1nti \u00e9rdekl\u0151d\u00e9st. A r\u00f6vid t\u00e1v\u00fa tervek megval\u00f3s\u00edt\u00e1sa mellett azonban sokkal &#8230;<\/p>\n","protected":false},"author":1001010,"featured_media":141969,"comment_status":"open","ping_status":"open","sticky":false,"template":"","format":"standard","meta":[],"categories":[436,19],"tags":[],"_links":{"self":[{"href":"https:\/\/gazdasagportal.hu\/index.php\/wp-json\/wp\/v2\/posts\/146706"}],"collection":[{"href":"https:\/\/gazdasagportal.hu\/index.php\/wp-json\/wp\/v2\/posts"}],"about":[{"href":"https:\/\/gazdasagportal.hu\/index.php\/wp-json\/wp\/v2\/types\/post"}],"author":[{"embeddable":true,"href":"https:\/\/gazdasagportal.hu\/index.php\/wp-json\/wp\/v2\/users\/1001010"}],"replies":[{"embeddable":true,"href":"https:\/\/gazdasagportal.hu\/index.php\/wp-json\/wp\/v2\/comments?post=146706"}],"version-history":[{"count":1,"href":"https:\/\/gazdasagportal.hu\/index.php\/wp-json\/wp\/v2\/posts\/146706\/revisions"}],"predecessor-version":[{"id":146707,"href":"https:\/\/gazdasagportal.hu\/index.php\/wp-json\/wp\/v2\/posts\/146706\/revisions\/146707"}],"wp:featuredmedia":[{"embeddable":true,"href":"https:\/\/gazdasagportal.hu\/index.php\/wp-json\/wp\/v2\/media\/141969"}],"wp:attachment":[{"href":"https:\/\/gazdasagportal.hu\/index.php\/wp-json\/wp\/v2\/media?parent=146706"}],"wp:term":[{"taxonomy":"category","embeddable":true,"href":"https:\/\/gazdasagportal.hu\/index.php\/wp-json\/wp\/v2\/categories?post=146706"},{"taxonomy":"post_tag","embeddable":true,"href":"https:\/\/gazdasagportal.hu\/index.php\/wp-json\/wp\/v2\/tags?post=146706"}],"curies":[{"name":"wp","href":"https:\/\/api.w.org\/{rel}","templated":true}]}}