{"id":146672,"date":"2024-07-08T22:19:48","date_gmt":"2024-07-08T20:19:48","guid":{"rendered":"https:\/\/gazdasagportal.hu\/?p=146672"},"modified":"2024-07-08T22:22:06","modified_gmt":"2024-07-08T20:22:06","slug":"uj-allasban-kezdtel-a-nyaron","status":"publish","type":"post","link":"https:\/\/gazdasagportal.hu\/index.php\/uj-allasban-kezdtel-a-nyaron\/","title":{"rendered":"\u00daj \u00e1ll\u00e1sban kezdt\u00e9l a ny\u00e1ron? Szak\u00e9rt\u0151 seg\u00edt felismerni a buktat\u00f3kat!"},"content":{"rendered":"<div>\n<p align=\"left\"><b>T\u00fal vagyunk a 2024-es ny\u00e1r els\u0151 h\u00f3napj\u00e1n, aki pedig szezon\u00e1lis vagy alkalmi munk\u00e1ba kezdett, ezekben a napokban \u2013 fizet\u00e9snapkor \u2013 bizonyosodhat meg arr\u00f3l, hogy a munkaad\u00f3ja szab\u00e1lyosan, a kezdeti meg\u00e1llapod\u00e1s szerint fizette-e ki a b\u00e9r\u00e9t. Nem \u00e1rt r\u00e9sen lenni, ugyanis a fekete foglalkoztat\u00e1s is elterjedt gyakorlatt\u00e1 v\u00e1lik ezekben a h\u00f3napokban: akit \u00edgy, azaz \u201efeket\u00e9n\u201d, bejelent\u00e9s n\u00e9lk\u00fcl alkalmaznak, komoly h\u00e1tr\u00e1nyba ker\u00fclhet. A k\u00f6vetkezm\u00e9nyek \u00e9rinthetik a nyugd\u00edjat, a t\u00e1pp\u00e9nzt, a gyedet, a sz\u00fcl\u00e9si szabads\u00e1got, de m\u00e9g a hitelfelv\u00e9telhez sz\u00fcks\u00e9ges j\u00f6vedelemigazol\u00e1st is \u2013 h\u00edvta fel a figyelmet D\u00e9nes Rajmund Roland, a\u00a0<\/b><a href=\"https:\/\/wg.humancentrum.hu\/wg\/page.php?link=kfea49d8&amp;id=1091&amp;b=1&amp;x=416195&amp;y=3489&amp;z=292&amp;dt=1720449308\" target=\"_blank\" rel=\"noopener\" data-saferedirecturl=\"https:\/\/www.google.com\/url?q=https:\/\/wg.humancentrum.hu\/wg\/page.php?link%3Dkfea49d8%26id%3D1091%26b%3D1%26x%3D416195%26y%3D3489%26z%3D292%26dt%3D1720449308&amp;source=gmail&amp;ust=1720556217359000&amp;usg=AOvVaw2_OYyZxcQq57tPCQxeWd1i\"><b>Hum\u00e1n Centrum<\/b><\/a><b>\u00a0igazgat\u00f3ja.<\/b><\/p>\n<\/div>\n<p><!--more--><br \/>\n<div class=\"ads-in-post2\"><script async src=\"https:\/\/pagead2.googlesyndication.com\/pagead\/js\/adsbygoogle.js\"><\/script>\r\n<ins class=\"adsbygoogle\"\r\n     style=\"display:block\"\r\n     data-ad-format=\"fluid\"\r\n     data-ad-layout-key=\"-6t+ed+2i-1n-4w\"\r\n     data-ad-client=\"ca-pub-1959107119989764\"\r\n     data-ad-slot=\"4008251320\"><\/ins>\r\n<script>\r\n     (adsbygoogle = window.adsbygoogle || []).push({});\r\n<\/script><\/div>\n<p><b>Gyan\u00fas jelek, d\u00f6rzs\u00f6lt megold\u00e1sok: ezekre \u00e9rdemes figyelni<\/b><\/p>\n<p>Elkezd\u0151d\u00f6tt a ny\u00e1ri \u201euborkaszezon\u201d, a szabads\u00e1gol\u00e1sok id\u0151szaka, ugyanakkor \u00faj munkaer\u0151re ilyenkor is sz\u00fcks\u00e9g van, \u00e9s ezt a hi\u00e1nyt (vagy ig\u00e9nyt) a szabads\u00e1g miatt kies\u0151 t\u00e1mogat\u00e1s m\u00e9g jobban felsz\u00ednre hozhatja. Az \u00e1ll\u00e1skeres\u00e9s tavaszi \u00e9s \u0151szi sl\u00e1gerszezonj\u00e1hoz k\u00e9pest ny\u00e1ron \u00e9rezhet\u0151en visszaesik a jelentkez\u00e9sek sz\u00e1ma, ami t\u00f6bbek k\u00f6z\u00f6tt azzal magyar\u00e1zhat\u00f3, hogy egyes szektorok \u2013 az \u00e9p\u00edt\u0151ipar, vend\u00e9gl\u00e1t\u00e1s, kereskedelem \u00e9s az agr\u00e1rszektor \u2013 \u00e1tmenetileg elsz\u00edvj\u00e1k a munkaer\u0151t. A ny\u00e1ri h\u00f3napokban p\u00e9ld\u00e1ul jelent\u0151sen n\u0151 a mez\u0151gazdas\u00e1gi \u00e9s turisztikai id\u00e9nymunk\u00e1k sz\u00e1ma itthon \u00e9s k\u00fclf\u00f6ld\u00f6n egyar\u00e1nt.\u00a0<b>D\u00e9nes Rajmund, a Hum\u00e1n Centrum igazgat\u00f3ja<\/b>\u00a0szerint a szabads\u00e1gol\u00e1sok miatt leterhelt c\u00e9gek a di\u00e1kok mellett f\u0151\u00e1ll\u00e1s\u00faak fel\u00e9 is fordulhatnak, azonban nem \u00e1rt fenntart\u00e1sokkal kezelni az \u00e1tmeneti \u201ebeseg\u00edt\u00e9st\u201d. Nincs akad\u00e1lya annak, hogy egyszerre k\u00e9t munkaviszonya legyen a munkav\u00e1llal\u00f3nak k\u00e9t k\u00fcl\u00f6nb\u00f6z\u0151 munk\u00e1ltat\u00f3n\u00e1l, ahogyan annak sem, hogy a munkaviszonya mellett polg\u00e1ri jogi (p\u00e9ld\u00e1ul megb\u00edz\u00e1si, v\u00e1llalkoz\u00e1si) jogviszonyt l\u00e9tes\u00edtsen. Azonban ha a munkav\u00e1llal\u00f3 nem \u00edrt al\u00e1 munkaszerz\u0151d\u00e9st, vagy ha al\u00e1 is \u00edrt, nem kapott bel\u0151le egy p\u00e9ld\u00e1nyt, \u00e9s nem kapott munkak\u00f6ri le\u00edr\u00e1st, b\u00e9rjegyz\u00e9ket, akkor \u00e9rdemes gyanakodni.<\/p><div id=\"gazda-3419537884\" class=\"gazda-tartalomban gazda-entity-placement\"><script async src=\"https:\/\/pagead2.googlesyndication.com\/pagead\/js\/adsbygoogle.js\"><\/script>\r\n<ins class=\"adsbygoogle\"\r\n     style=\"display:block\"\r\n     data-ad-format=\"fluid\"\r\n     data-ad-layout-key=\"-6t+ed+2i-1n-4w\"\r\n     data-ad-client=\"ca-pub-1959107119989764\"\r\n     data-ad-slot=\"4008251320\"><\/ins>\r\n<script>\r\n     (adsbygoogle = window.adsbygoogle || []).push({});\r\n<\/script><\/div>\n<p>Ez abban az esetben is \u00e9rv\u00e9nyes, ha a munkav\u00e1llal\u00f3 ugyanann\u00e1l a c\u00e9gn\u00e9l v\u00e1llal plusz munk\u00e1t, \u00e9s a szerz\u0151d\u00e9s\u00e9t \u00fajabb \u00e9s \u00fajabb v\u00e1ltoz\u00e1s miatt t\u00f6bbsz\u00f6r kellene m\u00f3dos\u00edtani. Az is gyan\u00fara adhat okot, ha a munkaad\u00f3 v\u00e1ltozik benne, vagy ha nem a t\u00e9nyleges munk\u00e1ltat\u00f3val j\u00f6n l\u00e9tre a szerz\u0151d\u00e9s, hanem egy olyan c\u00e9ggel, akir\u0151l a dolgoz\u00f3 nem is hallott az interj\u00fafolyamat sor\u00e1n. Tov\u00e1bb\u00e1 az is gyakori eset, hogy nem a t\u00e9nyleges munkab\u00e9rt vagy munkaid\u0151t t\u00fcntetik fel a munkaszerz\u0151d\u00e9sben.<\/p>\n<p>Ekkor szint\u00e9n fenn\u00e1ll annak a vesz\u00e9lye, hogy csal\u00e1si konstrukci\u00f3ba vonj\u00e1k be a jel\u00f6ltet. \u201eH<em>a valami nem egy\u00e9rtelm\u0171, ne f\u00e9lj\u00fcnk k\u00e9rdezni \u2013 ha pedig nem kapunk vil\u00e1gos v\u00e1laszokat a munkaad\u00f3t\u00f3l,\u00a0<\/em><a href=\"https:\/\/wg.humancentrum.hu\/wg\/page.php?link=a9f3a788&amp;id=1095&amp;b=1&amp;x=416195&amp;y=3489&amp;z=292&amp;dt=1720449308\" target=\"_blank\" rel=\"noopener\" data-saferedirecturl=\"https:\/\/www.google.com\/url?q=https:\/\/wg.humancentrum.hu\/wg\/page.php?link%3Da9f3a788%26id%3D1095%26b%3D1%26x%3D416195%26y%3D3489%26z%3D292%26dt%3D1720449308&amp;source=gmail&amp;ust=1720556217359000&amp;usg=AOvVaw1jMWcYPz2qtsz1VNvxI0C7\"><em>a NAV \u00e1ltal kezelt adatb\u00e1zisok<\/em><\/a><em>\u00a0seg\u00edts\u00e9g\u00e9vel ellen\u0151rizhetj\u00fck, hogy a h\u00e1tral\u00e9kos, a felf\u00fcggesztett, a be nem jelentett alkalmazottat foglalkoztat\u00f3 gazd\u00e1lkod\u00f3k list\u00e1j\u00e1ban benne van-e a leend\u0151 munkahely\u00fcnk<\/em>\u201d \u2013 hangs\u00falyozza D\u00e9nes Rajmund, majd hozz\u00e1teszi: az m\u00e9g mindig gyakori t\u00e9vhit, hogy csak a munk\u00e1ltat\u00f3k j\u00e1rhatnak p\u00f3rul a fekete foglalkoztat\u00e1ssal. Term\u00e9szetesen a c\u00e9geknek kell betartani a foglalkoztat\u00e1sra vonatkoz\u00f3 jogszab\u00e1lyi el\u0151\u00edr\u00e1sokat, amiket az ad\u00f3hat\u00f3s\u00e1gok folyamatosan ellen\u0151riznek, \u00e9s b\u00fcntetik is \u0151ket a vissza\u00e9l\u00e9sek eset\u00e9n, ez azonban nem jelenti azt, hogy a munkav\u00e1llal\u00f3 nem lesz felel\u0151s semmi\u00e9rt.<\/p>\n<p><b>Nem babra megy a j\u00e1t\u00e9k: a feketep\u00e9nzt elfogad\u00f3 dolgoz\u00f3 is sokat vesz\u00edthet<\/b><\/p>\n<p>Szinte bevett gyakorlat a kis- \u00e9s k\u00f6z\u00e9pv\u00e1llalkoz\u00e1sok k\u00f6r\u00e9ben, hogy a munk\u00e1ltat\u00f3 a szerz\u0151d\u00e9sben r\u00f6gz\u00edtett b\u00e9ren \u00e9s juttat\u00e1sokon fel\u00fcl a meg\u00e1llapodott fizet\u00e9s marad\u00e9k \u00f6sszeg\u00e9t k\u00e9szp\u00e9nzben, \u201ezsebbe\u201d adja \u00e1t a munkav\u00e1llal\u00f3 sz\u00e1m\u00e1ra. Arra is akad p\u00e9lda, hogy ezt a dolgoz\u00f3 kezdem\u00e9nyezi, p\u00e9ld\u00e1ul mert letilt\u00e1s terheli a b\u00e9r\u00e9t vagy mert arra sz\u00e1m\u00edt, hogy ilyen m\u00f3don t\u00f6bb nett\u00f3 fizet\u00e9sre tehet szert. De a munkaad\u00f3 is sakkban tarthatja \u00edgy az alkalmazottat; a j\u00e1rul\u00e9kok levon\u00e1sa \u00e9s az ad\u00f3k befizet\u00e9s\u00e9nek elhagy\u00e1s\u00e1val ugyanis sz\u00e9p summ\u00e1t tud mag\u00e1nak megsp\u00f3rolni, a munkav\u00e1llal\u00f3n\u00e1l pedig gyakran \u00fagy \u00e9rvel, hogy csak \u00edgy tud magasabb b\u00e9rt k\u00edn\u00e1lni a sz\u00e1m\u00e1ra, aki ez\u00e9rt k\u00e9nytelen elfogadni a helyzetet. Azonban ha f\u00e9ny der\u00fcl r\u00e1, mindk\u00e9t f\u00e9l p\u00f3rul j\u00e1rhat: egyr\u00e9szt a munk\u00e1ltat\u00f3nak a sokszoros\u00e1t kell majd kifizetnie az ad\u00f3hivatal fel\u00e9, \u00e9s a munka\u00fcgyi ellen\u0151rz\u00e9s sor\u00e1n is komoly b\u00edrs\u00e1got kaphat.<\/p>\n<p>A munkav\u00e1llal\u00f3nak pedig szint\u00e9n a sz\u00f3 szoros \u00e9rtelm\u00e9ben fizetnie kell: a feket\u00e9n, sz\u00fcrk\u00e9n megkapott \u201emunkab\u00e9r\u201d ugyanis ad\u00f3k\u00f6teles, ez\u00e9rt a megszerzett j\u00f6vedelmet a munkav\u00e1llal\u00f3nak kell bevallania. Ennek elmarad\u00e1sa \u2013 a szem\u00e9lyi j\u00f6vedelem ad\u00f3 be nem fizet\u00e9se \u2013 miatt a munkav\u00e1llal\u00f3 is s\u00falyos b\u00fcntet\u00e9st kaphat. Arr\u00f3l nem is besz\u00e9lve, hogy az \u00edgy t\u00f6lt\u00f6tt munkanapok ut\u00e1n nem j\u00e1r k\u00e9s\u0151bb nyugd\u00edj, \u00e9s a j\u00f6vedelemigazol\u00e1s sem tartalmazza majd az \u00edgy keresett b\u00e9rt, ami p\u00e9ld\u00e1ul egy ingatlanv\u00e1s\u00e1rl\u00e1s eset\u00e9n komoly h\u00e1tr\u00e1nyt jelent a banki hitelb\u00edr\u00e1latn\u00e1l. Ezen fel\u00fcl az orvosn\u00e1l is kellemetlen meglepet\u00e9s \u00e9rheti az embert, amikor kider\u00fcl, hogy a TB fizet\u00e9s elmarad\u00e1sa miatt nem jogosult az eg\u00e9szs\u00e9g\u00fcgyi ell\u00e1t\u00e1sra.<\/p>\n<p><b>V\u00e1lasszunk atipikus alternat\u00edv\u00e1kat!<\/b><\/p>\n<p>\u201e<em>Ha egy munkaad\u00f3 nem akarja felvenni a munkav\u00e1llal\u00f3t, m\u00e9g mindig k\u00f6lcs\u00f6n\u00f6zheti, ami jelent\u0151s\u00a0 el\u0151ny\u00f6kkel j\u00e1r, mert az \u00faj szem\u00e9lyzet toborz\u00e1sa, p\u00f3tl\u00e1sa \u00e9s a b\u00e9rjelleg\u0171 r\u00e1ford\u00edt\u00e1sok is a munkaer\u0151-k\u00f6lcs\u00f6nz\u0151 c\u00e9gre h\u00e1rulnak. A munkaer\u0151-k\u00f6lcs\u00f6nz\u00e9s \u00e1ra \u00edgy nem b\u00e9rk\u00f6lts\u00e9gk\u00e9nt jelentkezik, hanem ad\u00f3alap-cs\u00f6kkent\u0151 t\u00e9nyez\u0151k\u00e9nt, ez\u00e9rt egy\u00e9b k\u00f6lts\u00e9gk\u00e9nt sz\u00e1molhat\u00f3 el. Illetve, ezzel a HR \u00e9s munka\u00fcgyi oszt\u00e1lyokat is tehermentes\u00edtik, mert a k\u00f6lcs\u00f6nz\u0151c\u00e9gek \u00e1tv\u00e1llalj\u00e1k a teljes munka\u00fcgyi adminisztr\u00e1ci\u00f3t, hat\u00f3s\u00e1gi bejelent\u00e9st, a b\u00e9rfizet\u00e9st \u00e9s b\u00e9rsz\u00e1mfejt\u00e9st a k\u00f6lcs\u00f6nbe vett munkav\u00e1llal\u00f3k ut\u00e1n\u201d\u00a0<b>\u2013<\/b><\/em>\u00a0fejti ki a szak\u00e9rt\u0151<em>.\u00a0<\/em>Ezen fel\u00fcl kit\u00e9r arra az eshet\u0151s\u00e9gre is, ha csak n\u00e9h\u00e1ny h\u00e9tig vagy h\u00f3napig tart\u00f3, szezon\u00e1lis foglalkoztat\u00e1sr\u00f3l van sz\u00f3 \u2013 ebben az esetben a munk\u00e1ltat\u00f3 m\u00e9g mindig d\u00f6nthet az egyszer\u0171s\u00edtett foglalkoztat\u00e1s (EFO) mellett.<\/p>\n<p><em>\u201cAz EFO-n\u00e1l m\u00e1r csak a nyugd\u00edjas- vagy di\u00e1ksz\u00f6vetkezeti foglalkoztat\u00e1sa az el\u0151ny\u00f6sebb, ugyanis az EFO eset\u00e9n fizetend\u0151 k\u00f6zteherjegy m\u00e9rt\u00e9k\u00e9t a munk\u00e1ltat\u00f3knak akkor is meg kell fizetni\u00fck, ha a dolgoz\u00f3kat csak napi 4 vagy 6 \u00f3r\u00e1ban alkalmazz\u00e1k. Ezzel szemben a nyugd\u00edjas- vagy iskolasz\u00f6vetkezeten kereszt\u00fcl alkalmazott nyugd\u00edjas vagy di\u00e1kok ut\u00e1n csak a ledolgozott \u00f3r\u00e1kat kell kifizetni\u00fck, c\u00e9gcsoportunkon bel\u00fcl minden HR adminisztr\u00e1ci\u00f3t, b\u00e9rsz\u00e1mfejt\u00e9st \u00e9s bejelent\u00e9st a\u00a0<\/em><a href=\"https:\/\/wg.humancentrum.hu\/wg\/page.php?link=b151297b&amp;id=1096&amp;b=1&amp;x=416195&amp;y=3489&amp;z=292&amp;dt=1720449308\" target=\"_blank\" rel=\"noopener\" data-saferedirecturl=\"https:\/\/www.google.com\/url?q=https:\/\/wg.humancentrum.hu\/wg\/page.php?link%3Db151297b%26id%3D1096%26b%3D1%26x%3D416195%26y%3D3489%26z%3D292%26dt%3D1720449308&amp;source=gmail&amp;ust=1720556217359000&amp;usg=AOvVaw0ErBAaWwO725X0EK7HwnKA\"><em>Hum\u00e1nCentrum Nyugd\u00edjas Sz\u00f6vetkezet<\/em><\/a><em>\u00a0vagy a\u00a0<\/em><a href=\"https:\/\/wg.humancentrum.hu\/wg\/page.php?link=687k46k7&amp;id=1093&amp;b=1&amp;x=416195&amp;y=3489&amp;z=292&amp;dt=1720449308\" target=\"_blank\" rel=\"noopener\" data-saferedirecturl=\"https:\/\/www.google.com\/url?q=https:\/\/wg.humancentrum.hu\/wg\/page.php?link%3D687k46k7%26id%3D1093%26b%3D1%26x%3D416195%26y%3D3489%26z%3D292%26dt%3D1720449308&amp;source=gmail&amp;ust=1720556217359000&amp;usg=AOvVaw2FeKGyp2p9TbduqiMJSZUw\"><em>Mind-Di\u00e1k Sz\u00f6vetkezet<\/em><\/a><em>\u00a0l\u00e1t el<\/em>\u201d \u2013 emeli ki az igazgat\u00f3. D\u00e9nes Rajmund szerint a rossz tapasztalatok is hozz\u00e1j\u00e1rulhatnak ahhoz, hogy az \u00e1ll\u00e1skeres\u0151k sz\u00edvesebben fordulnak HR szolg\u00e1ltat\u00f3hoz, mert \u00edgy megbizonyosodhatnak arr\u00f3l, hogy t\u00f6rv\u00e9nyes, bejelentett munkahely\u00fck lesz.<\/p>\n<p>&nbsp;<\/p>\n<p>***<\/p>\n<p><em><u>Tov\u00e1bbi inform\u00e1ci\u00f3 a Hum\u00e1n Centrum HR-szolg\u00e1ltat\u00f3 c\u00e9gcsoportr\u00f3l:<\/u><\/em><\/p>\n<p>A Hum\u00e1n Centrum Kft. \u00e9s a c\u00e9gcsoporthoz tartoz\u00f3 Mind-Di\u00e1k Sz\u00f6vetkezet t\u00f6bb mint 30 \u00e9ves HR-piaci m\u00falttal a h\u00e1ta m\u00f6g\u00f6tt ny\u00fajt biztos t\u00e1maszt a toborz\u00e1sban, kiemelten az atipikus foglalkoztat\u00e1s \u2013 munkaer\u0151-k\u00f6lcs\u00f6nz\u00e9s, di\u00e1kmunka, nyugd\u00edjas foglalkoztat\u00e1s, egyszer\u0171s\u00edtett foglalkoztat\u00e1s \u2013 ter\u00e9n. Az orsz\u00e1gos lefedetts\u00e9ggel rendelkez\u0151 c\u00e9gcsoport integr\u00e1lt HR megold\u00e1sokat k\u00edn\u00e1l nemzetk\u00f6zi v\u00e1llalatok \u00e9s hazai KKV-k sz\u00e1m\u00e1ra egyar\u00e1nt \u2013 jelenleg t\u00f6bb mint 500 partner\u00fck van. 13 irod\u00e1jukban 80 HR-munkat\u00e1rs \u00e9vi t\u00f6bb mint 10 000 f\u0151\u00e1ll\u00e1s\u00fa, di\u00e1k \u00e9s nyugd\u00edjas dolgoz\u00f3t kezel, \u00edgy nagyon sokf\u00e9le l\u00e9tsz\u00e1mig\u00e9nnyel, munkaszervez\u00e9ssel, b\u00e9rstrukt\u00far\u00e1val dolgoznak.<\/p>\n","protected":false},"excerpt":{"rendered":"<p>T\u00fal vagyunk a 2024-es ny\u00e1r els\u0151 h\u00f3napj\u00e1n, aki pedig szezon\u00e1lis vagy alkalmi munk\u00e1ba kezdett, ezekben a napokban \u2013 fizet\u00e9snapkor \u2013 bizonyosodhat meg arr\u00f3l, hogy a munkaad\u00f3ja szab\u00e1lyosan, a kezdeti meg\u00e1llapod\u00e1s szerint fizette-e ki a b\u00e9r\u00e9t. Nem \u00e1rt r\u00e9sen lenni, ugyanis a fekete foglalkoztat\u00e1s is elterjedt gyakorlatt\u00e1 v\u00e1lik ezekben a h\u00f3napokban: akit \u00edgy, azaz \u201efeket\u00e9n\u201d, bejelent\u00e9s &#8230;<\/p>\n","protected":false},"author":1001010,"featured_media":146610,"comment_status":"open","ping_status":"open","sticky":false,"template":"","format":"standard","meta":[],"categories":[19],"tags":[],"_links":{"self":[{"href":"https:\/\/gazdasagportal.hu\/index.php\/wp-json\/wp\/v2\/posts\/146672"}],"collection":[{"href":"https:\/\/gazdasagportal.hu\/index.php\/wp-json\/wp\/v2\/posts"}],"about":[{"href":"https:\/\/gazdasagportal.hu\/index.php\/wp-json\/wp\/v2\/types\/post"}],"author":[{"embeddable":true,"href":"https:\/\/gazdasagportal.hu\/index.php\/wp-json\/wp\/v2\/users\/1001010"}],"replies":[{"embeddable":true,"href":"https:\/\/gazdasagportal.hu\/index.php\/wp-json\/wp\/v2\/comments?post=146672"}],"version-history":[{"count":2,"href":"https:\/\/gazdasagportal.hu\/index.php\/wp-json\/wp\/v2\/posts\/146672\/revisions"}],"predecessor-version":[{"id":146674,"href":"https:\/\/gazdasagportal.hu\/index.php\/wp-json\/wp\/v2\/posts\/146672\/revisions\/146674"}],"wp:featuredmedia":[{"embeddable":true,"href":"https:\/\/gazdasagportal.hu\/index.php\/wp-json\/wp\/v2\/media\/146610"}],"wp:attachment":[{"href":"https:\/\/gazdasagportal.hu\/index.php\/wp-json\/wp\/v2\/media?parent=146672"}],"wp:term":[{"taxonomy":"category","embeddable":true,"href":"https:\/\/gazdasagportal.hu\/index.php\/wp-json\/wp\/v2\/categories?post=146672"},{"taxonomy":"post_tag","embeddable":true,"href":"https:\/\/gazdasagportal.hu\/index.php\/wp-json\/wp\/v2\/tags?post=146672"}],"curies":[{"name":"wp","href":"https:\/\/api.w.org\/{rel}","templated":true}]}}