{"id":146649,"date":"2024-07-06T10:17:21","date_gmt":"2024-07-06T08:17:21","guid":{"rendered":"https:\/\/gazdasagportal.hu\/?p=146649"},"modified":"2024-07-06T10:17:57","modified_gmt":"2024-07-06T08:17:57","slug":"bmw-magyarorszagi-premium-szegmensben","status":"publish","type":"post","link":"https:\/\/gazdasagportal.hu\/index.php\/bmw-magyarorszagi-premium-szegmensben\/","title":{"rendered":"A BMW \u0151rzi poz\u00edci\u00f3j\u00e1t a magyarorsz\u00e1gi pr\u00e9mium szegmensben az id\u00e9n is"},"content":{"rendered":"<p><strong>A BMW Group Magyarorsz\u00e1g 2024. els\u0151 f\u00e9l\u00e9v\u00e9ben k\u00f6zel 4 sz\u00e1zal\u00e9kkal n\u00f6velte BMW modelljeinek elad\u00e1sait a tavalyi \u00e9v hasonl\u00f3 id\u0151szak\u00e1hoz k\u00e9pest, ezzel a bajor m\u00e1rka meg\u0151rizte els\u0151s\u00e9g\u00e9t a magyarorsz\u00e1gi \u00fajaut\u00f3-piac pr\u00e9mium szegmens\u00e9ben &#8211; k\u00f6z\u00f6lte a t\u00e1rsas\u00e1g az MTI-vel.<\/strong><!--more--><\/p>\n<div class=\"ads-in-post2\"><script async src=\"https:\/\/pagead2.googlesyndication.com\/pagead\/js\/adsbygoogle.js\"><\/script>\r\n<ins class=\"adsbygoogle\"\r\n     style=\"display:block\"\r\n     data-ad-format=\"fluid\"\r\n     data-ad-layout-key=\"-6t+ed+2i-1n-4w\"\r\n     data-ad-client=\"ca-pub-1959107119989764\"\r\n     data-ad-slot=\"4008251320\"><\/ins>\r\n<script>\r\n     (adsbygoogle = window.adsbygoogle || []).push({});\r\n<\/script><\/div>\n<p>   <a href=\"https:\/\/gazdasagportal.hu\/wp-content\/uploads\/2024\/04\/bmw-4565066_1280.jpg\"><img decoding=\"async\" loading=\"lazy\" src=\"https:\/\/gazdasagportal.hu\/wp-content\/uploads\/2024\/04\/bmw-4565066_1280-300x169.jpg\" alt=\"aut\u00f3 BMW\" width=\"300\" height=\"169\" class=\"alignleft size-medium wp-image-145907\" srcset=\"https:\/\/gazdasagportal.hu\/wp-content\/uploads\/2024\/04\/bmw-4565066_1280-300x169.jpg 300w, https:\/\/gazdasagportal.hu\/wp-content\/uploads\/2024\/04\/bmw-4565066_1280-1024x576.jpg 1024w, https:\/\/gazdasagportal.hu\/wp-content\/uploads\/2024\/04\/bmw-4565066_1280-768x432.jpg 768w, https:\/\/gazdasagportal.hu\/wp-content\/uploads\/2024\/04\/bmw-4565066_1280.jpg 1280w\" sizes=\"(max-width: 300px) 100vw, 300px\" \/><\/a> Az idei els\u0151 f\u00e9l \u00e9vben 2765 BMW modellt \u00e9rt\u00e9kes\u00edtettek. Tiszt\u00e1n elektromos modellekb\u0151l 340 darabot adott \u00e1t \u00fcgyfeleinek a BMW, ezzel a tradicion\u00e1lis pr\u00e9mium m\u00e1rk\u00e1k elektromos piac\u00e1n magabiztosan vezet, \u00e9s a magyarorsz\u00e1gi elektromos \u00f6sszpiacon is fontos szerepl\u0151 a BMW &#8211; fogalmaznak.<br \/>\n    A k\u00f6zlem\u00e9ny kit\u00e9r arra, hogy a MINI 2024 els\u0151 fel\u00e9ben 213 darabos elad\u00e1s\u00e1val elmaradt a tavalyi hasonl\u00f3 id\u0151szak eredm\u00e9ny\u00e9t\u0151l, amelyet f\u0151k\u00e9nt a teljes modellv\u00e1lt\u00e1s magyar\u00e1z.<br \/>\n    Mester Andr\u00e1s, a BMW Group Magyarorsz\u00e1g \u00e9rt\u00e9kes\u00edt\u00e9si vezet\u0151je a k\u00f6zlem\u00e9nyben kiemelte: er\u0151sen \u00e9s kiegyens\u00falyozottan ind\u00edtotta a BMW a 2024-es \u00e9vet. A m\u00e1rka szinte minden kateg\u00f3ri\u00e1ban &#8211; a tiszt\u00e1n elektromos, plug-in hibrid, illetve a bels\u0151\u00e9g\u00e9s\u0171 motorral szerelt j\u00e1rm\u0171vek szegmens\u00e9ben is sikerrel van jelen &#8211; \u00e9rt\u00e9kelt. A piac v\u00e1ltoz\u00e1saira rugalmasan tudtak reag\u00e1lni, k\u00edn\u00e1latuk szinte teljes spektrum\u00e1ban van j\u00f3l haszn\u00e1lhat\u00f3 elektromos modell.<br \/>\n    A BMW 2023-ban 5921 darabos \u00e9rt\u00e9kes\u00edt\u00e9si teljes\u00edtm\u00e9ny\u00e9vel \u00e1llt a magyarorsz\u00e1gi pr\u00e9mium szegmens \u00e9l\u00e9re, a csoporthoz tartoz\u00f3 MINI m\u00e1rka pedig 678 aut\u00f3val j\u00e1rult hozz\u00e1 az eredm\u00e9nyhez tavaly.<br \/>\n    A c\u00e9g kor\u00e1bbi t\u00e1j\u00e9koztat\u00e1sa szerint a BMW m\u00e1rka er\u0151s\u00f6d\u00e9se a kiegyens\u00falyozott glob\u00e1lis strat\u00e9gia eredm\u00e9nye, amely szerint a k\u00edn\u00e1latban meghat\u00e1roz\u00f3 a sportos, innovat\u00edv, egyidej\u0171leg gazdag diz\u00e1jnelemekkel rendelkez\u0151 performance modellek jelenl\u00e9te, emellett a gy\u00e1rt\u00f3 az elektromos \u00e9s plug-in hibrid k\u00edn\u00e1latot is sz\u00e9les\u00edti. Ez a strat\u00e9gia fog \u00e9rv\u00e9nyes\u00fclni a k\u00f6vetkez\u0151kben is. A m\u00e1rka t\u00f6rt\u00e9net\u00e9ben \u00faj fejezetet nyit majd a Neue Klasse koncepci\u00f3, amely \u00fajra\u00e9rtelmezi az elektrifik\u00e1ci\u00f3t a kimagasl\u00f3an hat\u00e9kony hajt\u00e1sl\u00e1nc alkalmaz\u00e1s\u00e1val, az er\u0151forr\u00e1sk\u00edm\u00e9l\u0151 gy\u00e1rt\u00e1ssal \u00e9s a m\u00e1sodlagos nyersanyagok sz\u00e9les k\u00f6r\u0171 alkalmaz\u00e1s\u00e1val. A Neue Klasse modellek gy\u00e1rt\u00e1sa 2025-ben a debreceni gy\u00e1rban fog elkezd\u0151dni.<br \/>\n    A magyarorsz\u00e1gi \u00fajaut\u00f3-piacon a Magyar G\u00e9pj\u00e1rm\u0171import\u0151r\u00f6k Egyes\u00fclete adatai szerint az idei els\u0151 f\u00e9l \u00e9vben 63 331 szem\u00e9lyaut\u00f3t helyeztek forgalomba, 11,9 sz\u00e1zal\u00e9kkal t\u00f6bbet, mint az el\u0151z\u0151 \u00e9v hasonl\u00f3 id\u0151szak\u00e1ban. A regisztr\u00e1lt \u00faj aut\u00f3k mind\u00f6ssze 7,4 sz\u00e1zal\u00e9ka, 4656 darab volt elektromos, azonban ez csaknem 60 sz\u00e1zal\u00e9kos b\u0151v\u00fcl\u00e9s, ami a meg\u00fajult elektromos aut\u00f3 t\u00e1mogat\u00e1s \u00e9s az elektromos modellek egyre nagyobb k\u00edn\u00e1lat\u00e1nak a k\u00f6vetkezm\u00e9nye.<\/p>\n","protected":false},"excerpt":{"rendered":"<p>A BMW Group Magyarorsz\u00e1g 2024. els\u0151 f\u00e9l\u00e9v\u00e9ben k\u00f6zel 4 sz\u00e1zal\u00e9kkal n\u00f6velte BMW modelljeinek elad\u00e1sait a tavalyi \u00e9v hasonl\u00f3 id\u0151szak\u00e1hoz k\u00e9pest, ezzel a bajor m\u00e1rka meg\u0151rizte els\u0151s\u00e9g\u00e9t a magyarorsz\u00e1gi \u00fajaut\u00f3-piac pr\u00e9mium szegmens\u00e9ben &#8211; k\u00f6z\u00f6lte a t\u00e1rsas\u00e1g az MTI-vel.<\/p>\n","protected":false},"author":1001010,"featured_media":145907,"comment_status":"open","ping_status":"open","sticky":false,"template":"","format":"standard","meta":[],"categories":[1],"tags":[],"_links":{"self":[{"href":"https:\/\/gazdasagportal.hu\/index.php\/wp-json\/wp\/v2\/posts\/146649"}],"collection":[{"href":"https:\/\/gazdasagportal.hu\/index.php\/wp-json\/wp\/v2\/posts"}],"about":[{"href":"https:\/\/gazdasagportal.hu\/index.php\/wp-json\/wp\/v2\/types\/post"}],"author":[{"embeddable":true,"href":"https:\/\/gazdasagportal.hu\/index.php\/wp-json\/wp\/v2\/users\/1001010"}],"replies":[{"embeddable":true,"href":"https:\/\/gazdasagportal.hu\/index.php\/wp-json\/wp\/v2\/comments?post=146649"}],"version-history":[{"count":2,"href":"https:\/\/gazdasagportal.hu\/index.php\/wp-json\/wp\/v2\/posts\/146649\/revisions"}],"predecessor-version":[{"id":146651,"href":"https:\/\/gazdasagportal.hu\/index.php\/wp-json\/wp\/v2\/posts\/146649\/revisions\/146651"}],"wp:featuredmedia":[{"embeddable":true,"href":"https:\/\/gazdasagportal.hu\/index.php\/wp-json\/wp\/v2\/media\/145907"}],"wp:attachment":[{"href":"https:\/\/gazdasagportal.hu\/index.php\/wp-json\/wp\/v2\/media?parent=146649"}],"wp:term":[{"taxonomy":"category","embeddable":true,"href":"https:\/\/gazdasagportal.hu\/index.php\/wp-json\/wp\/v2\/categories?post=146649"},{"taxonomy":"post_tag","embeddable":true,"href":"https:\/\/gazdasagportal.hu\/index.php\/wp-json\/wp\/v2\/tags?post=146649"}],"curies":[{"name":"wp","href":"https:\/\/api.w.org\/{rel}","templated":true}]}}