{"id":146554,"date":"2024-06-28T11:02:01","date_gmt":"2024-06-28T09:02:01","guid":{"rendered":"https:\/\/gazdasagportal.hu\/?p=146554"},"modified":"2024-06-28T11:02:01","modified_gmt":"2024-06-28T09:02:01","slug":"egyre-nepszerubb-beren-kivuli-juttatas-a-nyugdijpenztari-hozzajarulas","status":"publish","type":"post","link":"https:\/\/gazdasagportal.hu\/index.php\/egyre-nepszerubb-beren-kivuli-juttatas-a-nyugdijpenztari-hozzajarulas\/","title":{"rendered":"Egyre n\u00e9pszer\u0171bb b\u00e9ren k\u00edv\u00fcli juttat\u00e1s a nyugd\u00edjp\u00e9nzt\u00e1ri hozz\u00e1j\u00e1rul\u00e1s"},"content":{"rendered":"<p><strong>B\u00e1r Eur\u00f3p\u00e1ban egyre t\u00f6bben ismerik fel a nyugd\u00edjc\u00e9l\u00fa megtakar\u00edt\u00e1sok jelent\u0151s\u00e9g\u00e9t, itthon sokan m\u00e9g mindig sp\u00f3rolnak a nyugd\u00edjas \u00e9veken. A munk\u00e1ltat\u00f3knak azonban van lehet\u0151s\u00e9ge \u00e9s eszk\u00f6ze a dolgoz\u00f3kat az \u00f6ngondoskod\u00e1sra, hossz\u00fa t\u00e1v\u00fa befektet\u00e9sre motiv\u00e1lni: az OTP Nyugd\u00edjp\u00e9nzt\u00e1r tapasztalatai szerint egyre t\u00f6bb munkav\u00e1llal\u00f3 r\u00e9szes\u00fcl b\u00e9ren k\u00edv\u00fcli juttat\u00e1sk\u00e9nt nyugd\u00edjp\u00e9nzt\u00e1ri hozz\u00e1j\u00e1rul\u00e1sban.<\/strong><!--more--><\/p>\n<div class=\"ads-in-post2\"><script async src=\"https:\/\/pagead2.googlesyndication.com\/pagead\/js\/adsbygoogle.js\"><\/script>\r\n<ins class=\"adsbygoogle\"\r\n     style=\"display:block\"\r\n     data-ad-format=\"fluid\"\r\n     data-ad-layout-key=\"-6t+ed+2i-1n-4w\"\r\n     data-ad-client=\"ca-pub-1959107119989764\"\r\n     data-ad-slot=\"4008251320\"><\/ins>\r\n<script>\r\n     (adsbygoogle = window.adsbygoogle || []).push({});\r\n<\/script><\/div>\n<p>&nbsp;<\/p>\n<p><strong>Budapest, 2024. j\u00fanius 28.<\/strong> A gyorsan v\u00e1ltoz\u00f3 gazdas\u00e1gi k\u00f6rnyezet jelenleg nem csak idehaza, de Eur\u00f3p\u00e1ban is elbizonytalan\u00edtja a lakoss\u00e1g jelent\u0151s r\u00e9sz\u00e9t a j\u00f6v\u0151t illet\u0151en. Az eur\u00f3pai uni\u00f3s fogyaszt\u00f3knak mind\u00f6ssze 42 sz\u00e1zal\u00e9ka b\u00edzik abban, hogy k\u00e9nyelmes, anyagilag biztos nyugd\u00edjas \u00e9vek el\u00e9 n\u00e9z majd &#8211; der\u00fcl ki az Eur\u00f3pai Biztos\u00edt\u00e1s- \u00e9s Foglalkoztat\u00f3inyugd\u00edj-hat\u00f3s\u00e1g (EIOPA) 2023-as Eurobarom\u00e9ter-felm\u00e9r\u00e9s\u00e9b\u0151l<sup>1<\/sup>. Ugyancsak az EIOPA legfrissebb, m\u00e1jus v\u00e9g\u00e9n k\u00f6zz\u00e9tett felm\u00e9r\u00e9s\u00e9b\u0151l der\u00fcl ki, hogy Magyarorsz\u00e1gon ma az emberek 30 sz\u00e1zal\u00e9ka, vagyis kevesebb mint egyharmada \u00e9rzi azt, hogy gond n\u00e9lk\u00fcl meg tud majd \u00e9lni egyed\u00fcl a nyugd\u00edj\u00e1b\u00f3l<sup>2<\/sup>.<\/p><div id=\"gazda-472200297\" class=\"gazda-tartalomban gazda-entity-placement\"><script async src=\"https:\/\/pagead2.googlesyndication.com\/pagead\/js\/adsbygoogle.js\"><\/script>\r\n<ins class=\"adsbygoogle\"\r\n     style=\"display:block\"\r\n     data-ad-format=\"fluid\"\r\n     data-ad-layout-key=\"-6t+ed+2i-1n-4w\"\r\n     data-ad-client=\"ca-pub-1959107119989764\"\r\n     data-ad-slot=\"4008251320\"><\/ins>\r\n<script>\r\n     (adsbygoogle = window.adsbygoogle || []).push({});\r\n<\/script><\/div>\n<p>&nbsp;<\/p>\n<p>A helyzet azonban k\u00f6zel sem rem\u00e9nytelen: a m\u00e1r id\u00e9zett Eurobarom\u00e9ter-felm\u00e9r\u00e9s vizsg\u00e1lta azokat a befizet\u0151ket is, akik nev\u00e9ben a munk\u00e1ltat\u00f3juk csatlakozott nyugd\u00edjc\u00e9l\u00fa megtakar\u00edt\u00e1shoz. Az eredm\u00e9nyek alapj\u00e1n nagy t\u00f6bbs\u00e9g\u00fck (53 sz\u00e1zal\u00e9k) magabiztosabb a nyugd\u00edjas \u00e9veiket illet\u0151en, mint azok, akik nem rendelkeznek foglalkoztat\u00f3i nyugd\u00edjrendszerrel (37%). A munk\u00e1ltat\u00f3knak lehet\u0151s\u00e9g\u00fck van gyarap\u00edtani b\u00e9ren k\u00edv\u00fcli juttat\u00e1sk\u00e9nt a munkav\u00e1llal\u00f3k nyugd\u00edjmegtakar\u00edt\u00e1sait: ez lehet fix \u00f6sszeg vagy a munkab\u00e9r meghat\u00e1rozott sz\u00e1zal\u00e9ka, illetve cafeteria keret\u00e9ben adott juttat\u00e1s is.<\/p>\n<p>&nbsp;<\/p>\n<p><em>\u201eA neh\u00e9z piaci k\u00f6rnyezetben is n\u00f6vekedett a munk\u00e1ltat\u00f3i hozz\u00e1j\u00e1rul\u00e1sok ar\u00e1nya az OTP Nyugd\u00edjp\u00e9nzt\u00e1rn\u00e1l, n\u00e9gy \u00e9v alatt, 2019 \u00e9s 2023 k\u00f6z\u00f6tt 23-r\u00f3l 29 sz\u00e1zal\u00e9kra n\u0151tt. 2024 els\u0151 negyed\u00e9v\u00e9ben a munk\u00e1ltat\u00f3i hozz\u00e1j\u00e1rul\u00e1sok \u00f6sszege meghaladta a <\/em><em>2,4 milli\u00e1rd forintot, mely 17%-kal magasabb az el\u0151z\u0151 \u00e9v hasonl\u00f3 id\u0151szak\u00e1hoz k\u00e9pest\u201d <\/em>&#8211; mondja Budai J\u00f3zsef, az OTP Nyugd\u00edjp\u00e9nzt\u00e1r \u00fcgyvezet\u0151 igazgat\u00f3ja.<\/p>\n<p>&nbsp;<\/p>\n<p>A munk\u00e1ltat\u00f3k egyre \u00e9rz\u00e9kelhet\u0151bben ismerik fel annak fontoss\u00e1g\u00e1t, hogy motiv\u00e1lj\u00e1k munkav\u00e1llal\u00f3ikat a nyugd\u00edjp\u00e9nzt\u00e1ri gondoskod\u00e1sra, mint hossz\u00fa t\u00e1v\u00fa befektet\u00e9sre. Ez a dolgoz\u00f3k sz\u00e1m\u00e1ra is k\u00e9nyelmes, id\u0151takar\u00e9kos megold\u00e1s, hiszen a sz\u00fcks\u00e9ges nyugd\u00edjp\u00e9nzt\u00e1ri teend\u0151ket a munk\u00e1ltat\u00f3 v\u00e9gzi el \u00e9s l\u00e9nyegesen el\u0151ny\u00f6sebb juttat\u00e1si forma a fizet\u00e9sbe \u00e9p\u00edtett, r\u00f6vid t\u00e1v\u00fa megold\u00e1sok helyett.<\/p>\n<p>&nbsp;<\/p>\n<p>A munk\u00e1ltat\u00f3 azon munkav\u00e1llal\u00f3i r\u00e9sz\u00e9re fizethet munk\u00e1ltat\u00f3i hozz\u00e1j\u00e1rul\u00e1st, akik vele munkaviszonyban \u00e1llnak. A munk\u00e1ltat\u00f3i tag a munk\u00e1ltat\u00f3i hozz\u00e1j\u00e1rul\u00e1sb\u00f3l egyetlen olyan munkav\u00e1llal\u00f3j\u00e1t sem z\u00e1rhatja ki, aki n\u00e1la legal\u00e1bb 6 h\u00f3napja munkaviszonyban \u00e1ll. A munk\u00e1ltat\u00f3i hozz\u00e1j\u00e1rul\u00e1snak minden munkav\u00e1llal\u00f3ra n\u00e9zve egys\u00e9gesnek kell lennie, ami lehet azonos \u00f6sszeg, a munkab\u00e9r meghat\u00e1rozott sz\u00e1zal\u00e9ka, vagy a b\u00e9ren k\u00edv\u00fcli juttat\u00e1s (cafeteria) keret\u00e9n bel\u00fcl a munkav\u00e1llal\u00f3 \u00e1ltal meghat\u00e1rozott \u00f6sszeg.<\/p>\n<p>&nbsp;<\/p>\n<p><sup>1 <\/sup><a href=\"https:\/\/www.eiopa.europa.eu\/publications\/consumer-trends-report-2023_en\" target=\"_blank\" rel=\"noopener\">https:\/\/www.eiopa.europa.eu\/publications\/consumer-trends-report-2023_en<\/a><br \/>\n<sup>2 <\/sup><a href=\"https:\/\/www.euronews.com\/business\/2024\/05\/31\/pensions-in-europe-which-countries-are-best-and-worst-for-retirement\" target=\"_blank\" rel=\"noopener\">https:\/\/www.euronews.com\/business\/2024\/05\/31\/pensions-in-europe-which-countries-are-best-and-worst-for-retirement<\/a><\/p>\n","protected":false},"excerpt":{"rendered":"<p>B\u00e1r Eur\u00f3p\u00e1ban egyre t\u00f6bben ismerik fel a nyugd\u00edjc\u00e9l\u00fa megtakar\u00edt\u00e1sok jelent\u0151s\u00e9g\u00e9t, itthon sokan m\u00e9g mindig sp\u00f3rolnak a nyugd\u00edjas \u00e9veken. A munk\u00e1ltat\u00f3knak azonban van lehet\u0151s\u00e9ge \u00e9s eszk\u00f6ze a dolgoz\u00f3kat az \u00f6ngondoskod\u00e1sra, hossz\u00fa t\u00e1v\u00fa befektet\u00e9sre motiv\u00e1lni: az OTP Nyugd\u00edjp\u00e9nzt\u00e1r tapasztalatai szerint egyre t\u00f6bb munkav\u00e1llal\u00f3 r\u00e9szes\u00fcl b\u00e9ren k\u00edv\u00fcli juttat\u00e1sk\u00e9nt nyugd\u00edjp\u00e9nzt\u00e1ri hozz\u00e1j\u00e1rul\u00e1sban.<\/p>\n","protected":false},"author":1001010,"featured_media":0,"comment_status":"open","ping_status":"open","sticky":false,"template":"","format":"standard","meta":[],"categories":[19],"tags":[],"_links":{"self":[{"href":"https:\/\/gazdasagportal.hu\/index.php\/wp-json\/wp\/v2\/posts\/146554"}],"collection":[{"href":"https:\/\/gazdasagportal.hu\/index.php\/wp-json\/wp\/v2\/posts"}],"about":[{"href":"https:\/\/gazdasagportal.hu\/index.php\/wp-json\/wp\/v2\/types\/post"}],"author":[{"embeddable":true,"href":"https:\/\/gazdasagportal.hu\/index.php\/wp-json\/wp\/v2\/users\/1001010"}],"replies":[{"embeddable":true,"href":"https:\/\/gazdasagportal.hu\/index.php\/wp-json\/wp\/v2\/comments?post=146554"}],"version-history":[{"count":2,"href":"https:\/\/gazdasagportal.hu\/index.php\/wp-json\/wp\/v2\/posts\/146554\/revisions"}],"predecessor-version":[{"id":146556,"href":"https:\/\/gazdasagportal.hu\/index.php\/wp-json\/wp\/v2\/posts\/146554\/revisions\/146556"}],"wp:attachment":[{"href":"https:\/\/gazdasagportal.hu\/index.php\/wp-json\/wp\/v2\/media?parent=146554"}],"wp:term":[{"taxonomy":"category","embeddable":true,"href":"https:\/\/gazdasagportal.hu\/index.php\/wp-json\/wp\/v2\/categories?post=146554"},{"taxonomy":"post_tag","embeddable":true,"href":"https:\/\/gazdasagportal.hu\/index.php\/wp-json\/wp\/v2\/tags?post=146554"}],"curies":[{"name":"wp","href":"https:\/\/api.w.org\/{rel}","templated":true}]}}