{"id":146497,"date":"2024-06-21T08:37:40","date_gmt":"2024-06-21T06:37:40","guid":{"rendered":"https:\/\/gazdasagportal.hu\/?p=146497"},"modified":"2024-06-21T08:41:37","modified_gmt":"2024-06-21T06:41:37","slug":"kevesen-ertik-az-egeszsegpenztarat","status":"publish","type":"post","link":"https:\/\/gazdasagportal.hu\/index.php\/kevesen-ertik-az-egeszsegpenztarat\/","title":{"rendered":"Van ig\u00e9ny r\u00e1, de m\u00e9g mindig kevesen \u00e9rtik az eg\u00e9szs\u00e9gp\u00e9nzt\u00e1rat"},"content":{"rendered":"<p><strong>Mostanra lezajlottak az eg\u00e9szs\u00e9gp\u00e9nzt\u00e1rak k\u00fcld\u00f6ttk\u00f6zgy\u0171l\u00e9sei, elfogadt\u00e1k az el\u0151z\u0151 \u00e9vi besz\u00e1mol\u00f3kat. Az eg\u00e9szs\u00e9gp\u00e9nzt\u00e1rak tagl\u00e9tsz\u00e1ma \u00e9s az \u00e1ltaluk kezelt vagyon tov\u00e1bbra is n\u00f6vekszik, de a lakoss\u00e1g nagy r\u00e9sze m\u00e9g mindig veszni hagyja az ak\u00e1r 150 ezer forint \u00e1llami t\u00e1mogat\u00e1st. A BiztosD\u00f6nt\u00e9s.hu arra keresi a v\u00e1laszt, hogy mi\u00e9rt van ez \u00edgy.<\/strong><!--more--><\/p>\n<div class=\"ads-in-post2\"><script async src=\"https:\/\/pagead2.googlesyndication.com\/pagead\/js\/adsbygoogle.js\"><\/script>\r\n<ins class=\"adsbygoogle\"\r\n     style=\"display:block\"\r\n     data-ad-format=\"fluid\"\r\n     data-ad-layout-key=\"-6t+ed+2i-1n-4w\"\r\n     data-ad-client=\"ca-pub-1959107119989764\"\r\n     data-ad-slot=\"4008251320\"><\/ins>\r\n<script>\r\n     (adsbygoogle = window.adsbygoogle || []).push({});\r\n<\/script><\/div>\n<h4>N\u0151 az eg\u00e9szs\u00e9gp\u00e9nzt\u00e1rak tags\u00e1ga<\/h4>\n<p><a href=\"https:\/\/gazdasagportal.hu\/wp-content\/uploads\/2024\/06\/egeszsegpenztar.jpg\"><img decoding=\"async\" loading=\"lazy\" class=\"alignleft size-medium wp-image-146502\" src=\"https:\/\/gazdasagportal.hu\/wp-content\/uploads\/2024\/06\/egeszsegpenztar-300x169.jpg\" alt=\"eg\u00e9szs\u00e9gp\u00e9nzt\u00e1r\" width=\"300\" height=\"169\" srcset=\"https:\/\/gazdasagportal.hu\/wp-content\/uploads\/2024\/06\/egeszsegpenztar-300x169.jpg 300w, https:\/\/gazdasagportal.hu\/wp-content\/uploads\/2024\/06\/egeszsegpenztar-768x432.jpg 768w, https:\/\/gazdasagportal.hu\/wp-content\/uploads\/2024\/06\/egeszsegpenztar.jpg 1024w\" sizes=\"(max-width: 300px) 100vw, 300px\" \/><\/a>Az eg\u00e9szs\u00e9gp\u00e9nzt\u00e1rak tags\u00e1ga \u00e9vek \u00f3ta dinamikusan n\u0151. A Covid j\u00e1rv\u00e1ny alatt az \u00e1llami eg\u00e9szs\u00e9g\u00fcgy helyett gyakran k\u00e9nytelenek voltunk a mag\u00e1norvost v\u00e1lasztani, majd j\u00f6tt a megemelkedett infl\u00e1ci\u00f3, amely miatt a betegek keresni kezdt\u00e9k a sp\u00f3rol\u00e1s lehet\u0151s\u00e9geit. Erre lehets\u00e9ges v\u00e1lasz az eg\u00e9szs\u00e9gp\u00e9nzt\u00e1r, amely egy c\u00e9lzott megtakar\u00edt\u00e1s kifejezetten eg\u00e9szs\u00e9g\u00fcgyi kiad\u00e1sokhoz, ad\u00f3kedvezm\u00e9nnyel egybek\u00f6tve.<\/p>\n<p>Az \u00e1llami ell\u00e1t\u00f3rendszerben tapasztalhat\u00f3 v\u00e1rakoz\u00e1si id\u0151k az\u00f3ta is sokakat terelnek a mag\u00e1neg\u00e9szs\u00e9g\u00fcgy ir\u00e1ny\u00e1ba. Ennek megfelel\u0151en az eg\u00e9szs\u00e9gp\u00e9nzt\u00e1ri tagl\u00e9tsz\u00e1m folyamatosan n\u0151, \u00e9s vele egy\u00fctt a tagok befizet\u00e9sei is emelkednek.<\/p><div id=\"gazda-783730678\" class=\"gazda-tartalomban gazda-entity-placement\"><script async src=\"https:\/\/pagead2.googlesyndication.com\/pagead\/js\/adsbygoogle.js\"><\/script>\r\n<ins class=\"adsbygoogle\"\r\n     style=\"display:block\"\r\n     data-ad-format=\"fluid\"\r\n     data-ad-layout-key=\"-6t+ed+2i-1n-4w\"\r\n     data-ad-client=\"ca-pub-1959107119989764\"\r\n     data-ad-slot=\"4008251320\"><\/ins>\r\n<script>\r\n     (adsbygoogle = window.adsbygoogle || []).push({});\r\n<\/script><\/div>\n<p>Erre sz\u00fcks\u00e9g is van, hiszen a mag\u00e1norvosi szolg\u00e1ltat\u00e1sok \u00e1ra is jelent\u0151sen emelkedett az elm\u00falt id\u0151szakban. A n\u00e9pszer\u0171bb szakter\u00fcleteken ak\u00e1r 40 ezer forintot is fizethet\u00fcnk egy-egy orvosi vizit\u00e9rt.<\/p>\n<p>A tagok befizet\u00e9sei akkor is n\u0151nek, ha a munk\u00e1ltat\u00f3i befizet\u00e9sek nem k\u00f6vetik ezt az emelked\u00e9st, s\u0151t, ak\u00e1r cs\u00f6kkennek is. \u00d6sszess\u00e9g\u00e9ben a munk\u00e1ltat\u00f3k egyre kisebb r\u00e9szt v\u00e1llalnak az eg\u00e9szs\u00e9gp\u00e9nzt\u00e1ri befizet\u00e9sekb\u0151l, az emberek teh\u00e1t magukr\u00f3l is hajland\u00f3k gondoskodni.<\/p>\n<h4>Takar\u00e9koskodni is hajland\u00f3k a tagok<\/h4>\n<p>S\u0151t, a t\u00e9tet enn\u00e9l magasabbra is emelik \u2013 emeli ki Simond\u00e1n Eszter, a BiztosD\u00f6nt\u00e9s.hu p\u00e9nz\u00fcgyi szak\u00e9rt\u0151je. \u00dagy t\u0171nik, hogy a p\u00e9nzt\u00e1rtagok igyekeznek maximaliz\u00e1lni az eg\u00e9szs\u00e9gp\u00e9nzt\u00e1ri befizet\u00e9sek ut\u00e1n j\u00e1r\u00f3 ad\u00f3visszat\u00e9r\u00edt\u00e9st, \u00e9s hajland\u00f3k megtakar\u00edt\u00e1st is k\u00e9pezni a p\u00e9nzt\u00e1rban.<\/p>\n<p>Az eg\u00e9szs\u00e9gp\u00e9nzt\u00e1ri befizet\u00e9sek 20 sz\u00e1zal\u00e9k\u00e1t, legfeljebb 150 ezer forintot a tagok visszaig\u00e9nyelhetik a szem\u00e9lyi j\u00f6vedelemad\u00f3jukb\u00f3l. B\u00e1r a\u00a0<a href=\"https:\/\/cl12.mlr.hu\/xA\/ZRSFJqyjOw7ZHELb\/Av6J\/ZQPD\/qMI0\" target=\"_blank\" rel=\"noopener\" data-saferedirecturl=\"https:\/\/www.google.com\/url?q=https:\/\/cl12.mlr.hu\/xA\/ZRSFJqyjOw7ZHELb\/Av6J\/ZQPD\/qMI0&amp;source=gmail&amp;ust=1719037768813000&amp;usg=AOvVaw2FYIP_vRPD8WUVmzrSxkJT\">BiztosD\u00f6nt\u00e9s.hu<\/a>\u00a0v\u00e9lem\u00e9nye szerint az ad\u00f3kedvezm\u00e9ny lehetne magasabb is, hiszen az \u00f6sszege hossz\u00fa \u00e9vek \u00f3ta v\u00e1ltozatlan, de sokan vannak, akik a befizet\u00e9seik alapj\u00e1n nem tudj\u00e1k kihaszn\u00e1lni a maximum keretet.<\/p>\n<p>Ehhez ugyanis havi 62 500 forint, azaz \u00e9vi 750 ezer forint befizet\u00e9sre lenne sz\u00fcks\u00e9g. Az ad\u00f3kedvezm\u00e9nyt azonban k\u00e9t m\u00f3don is lehet n\u00f6velni.<\/p>\n<p>Az egyik az, ha prevenci\u00f3s szolg\u00e1ltat\u00e1sokat vesz ig\u00e9nybe a p\u00e9nzt\u00e1rtag, p\u00e9ld\u00e1ul sz\u0171r\u0151vizsg\u00e1latokra j\u00e1r. Ezen szolg\u00e1ltat\u00e1sok \u00e1r\u00e1nak 10 sz\u00e1zal\u00e9k\u00e1t a maximum erej\u00e9ig szint\u00e9n visszaig\u00e9nyelheti az ad\u00f3j\u00e1b\u00f3l.<\/p>\n<p>A m\u00e1sik lehet\u0151s\u00e9g, hogy a p\u00e9nzt\u00e1rban tartott megtakar\u00edt\u00e1s\u00e1t k\u00e9t \u00e9vre lek\u00f6ti a tag, amely ut\u00e1n a lek\u00f6t\u00e9s \u00e9v\u00e9ben szint\u00e9n 10 sz\u00e1zal\u00e9k j\u00e1r.<\/p>\n<p>A p\u00e9nzt\u00e1rtagok lek\u00f6t\u00e9sei is jelent\u0151sen n\u0151ttek az elm\u00falt \u00e9vben, esetenk\u00e9nt 10 sz\u00e1zal\u00e9kos m\u00e9rt\u00e9kben. A tagok teh\u00e1t \u00fagy gondolj\u00e1k, hogy a p\u00e9nz\u00fck j\u00f3 helyen van az eg\u00e9szs\u00e9gp\u00e9nzt\u00e1rban, \u00e9s igyekeznek a j\u00f6v\u0151beli kiad\u00e1saikra f\u00e9lretenni.<\/p>\n<p>Hi\u00e1ba azonban a n\u00f6vekv\u0151 tagl\u00e9tsz\u00e1m, n\u00f6vekv\u0151 p\u00e9nzt\u00e1ri vagyon \u00e9s szolg\u00e1ltat\u00e1si kiad\u00e1sok, m\u00e9g mindig nagyon kevesen haszn\u00e1lj\u00e1k ezt a lehet\u0151s\u00e9get, \u00e9s hagyj\u00e1k veszni az ak\u00e1r 150 ezer forintos ad\u00f3kedvezm\u00e9nyt.<\/p>\n<h4>Lenne t\u00e9r a fejl\u0151d\u00e9sre<\/h4>\n<p>Tere pedig lenne a fejl\u0151d\u00e9snek. A magyarok ugyanis nemcsak \u00fagy \u00e9rzik, hogy sokat k\u00f6ltenek saj\u00e1t zsebb\u0151l az eg\u00e9szs\u00e9g\u00fckre, az adatok is ezt mutatj\u00e1k. Magyarorsz\u00e1gon t\u00f6bb, mint 4 ezer milli\u00e1rd forint megy eg\u00e9szs\u00e9g\u00fcgyi kiad\u00e1sokra. Ebb\u0151l az emberek t\u00f6bb, mint ezer milli\u00e1rd forintot fizetnek saj\u00e1t maguk. Ez Uni\u00f3s \u00f6sszehasonl\u00edt\u00e1sban is magas ar\u00e1ny, jelent\u0151sen meghaladja a 15 sz\u00e1zal\u00e9kos EU-s \u00e1tlagot.<\/p>\n<p>Ugyanakkor \u00f6nk\u00e9ntes eg\u00e9szs\u00e9g\u00fcgy-finansz\u00edroz\u00e1s keretein bel\u00fcl (ilyen az eg\u00e9szs\u00e9gp\u00e9nzt\u00e1r is) mind\u00f6ssze 118,5 milli\u00e1rd forintot fizetnek az emberek. Ez a lakoss\u00e1g \u00e1ltal v\u00e1llalt kiad\u00e1snak mind\u00f6ssze 12 sz\u00e1zal\u00e9ka, a teljes eg\u00e9szs\u00e9g\u00fcgyi kiad\u00e1snak pedig a 3 sz\u00e1zal\u00e9ka. R\u00e1ad\u00e1sul az eg\u00e9szs\u00e9gp\u00e9nzt\u00e1ri tagok nagy r\u00e9sze, k\u00f6zel 60 sz\u00e1zal\u00e9ka nem haszn\u00e1lja az eg\u00e9szs\u00e9gp\u00e9nzt\u00e1r szolg\u00e1ltat\u00e1sait, inakt\u00edv.<\/p>\n<p>Az eg\u00e9szs\u00e9gp\u00e9nzt\u00e1r adta lehet\u0151s\u00e9geket teh\u00e1t kevesen ismerik, vagy ha m\u00e9gis, akkor nincsenek tiszt\u00e1ban azzal, hogy hogyan szolg\u00e1lhatn\u00e1 az eg\u00e9szs\u00e9g\u00fcket \u00e9s ezzel egy\u00fctt a p\u00e9nz\u00fcgyi tudatoss\u00e1got is.<\/p>\n<p>Az\u00a0<a href=\"https:\/\/cl12.mlr.hu\/xA\/ZRSFJqyjOw7ZHELb\/Av6J\/ZQPE\/4lsE\" target=\"_blank\" rel=\"noopener\" data-saferedirecturl=\"https:\/\/www.google.com\/url?q=https:\/\/cl12.mlr.hu\/xA\/ZRSFJqyjOw7ZHELb\/Av6J\/ZQPE\/4lsE&amp;source=gmail&amp;ust=1719037768813000&amp;usg=AOvVaw1oXzSSBYs_pGex5JumCfx9\">eg\u00e9szs\u00e9gp\u00e9nzt\u00e1rak<\/a>\u00a0a maguk keretei k\u00f6zt igyekeznek t\u00e1j\u00e9koztatni a tagokat, de a hirdet\u00e9si potenci\u00e1ljuk jelent\u0151sen elmarad p\u00e9ld\u00e1ul a bankok\u00e9t\u00f3l. Ezen fel\u00fcl j\u00f3t tenne a szolg\u00e1ltat\u00e1snak n\u00e9mi egyszer\u0171s\u00edt\u00e9s is, hogy a lehet\u0151s\u00e9g jobban \u00e9rthet\u0151 \u00e9s k\u00e9nyelmesebben haszn\u00e1lhat\u00f3 legyen.<br \/>\nA nagyobb p\u00e9nzt\u00e1rak, de ak\u00e1r a kisebbek is rendszeresen tartanak sikeres akci\u00f3kat, nyerem\u00e9nyj\u00e1t\u00e9kokat, amelyek kedveltek ugyan, de a tagok nagy r\u00e9sz\u00e9nek a mobiliz\u00e1l\u00e1sa tov\u00e1bbra is neh\u00e9z. A kedvezm\u00e9nyek n\u00f6vel\u00e9s\u00e9n t\u00fal az \u00e1llam a t\u00e1j\u00e9koztat\u00e1sban v\u00e1llalt nagyobb szerepe is fontos lenne \u2013 v\u00e9li a BiztosD\u00f6nt\u00e9s.hu szak\u00e9rt\u0151je.<\/p>\n<h4>Az eg\u00e9szs\u00e9gp\u00e9nzt\u00e1r pozit\u00edv hat\u00e1sa az eg\u00e9szs\u00e9gre<\/h4>\n<p>Az eg\u00e9szs\u00e9gp\u00e9nzt\u00e1rak tapasztalati alapj\u00e1n az eg\u00e9szs\u00e9gp\u00e9nzt\u00e1rak tagjai t\u00f6bbet t\u00f6r\u0151dnek az eg\u00e9szs\u00e9g\u00fckkel, mint a p\u00e9nzt\u00e1ri tags\u00e1ggal nem rendelkez\u0151 t\u00e1rsaik. Ebben a p\u00e9nzt\u00e1rak is jelent\u0151s szerepet v\u00e1llalhatnak a szolg\u00e1ltat\u00e1si palett\u00e1jukkal \u00e9s a tagok t\u00e1j\u00e9koztat\u00e1s\u00e1val.<\/p>\n<p>T\u00f6bb p\u00e9nzt\u00e1r k\u00edn\u00e1l a tagjai sz\u00e1m\u00e1ra eg\u00e9szs\u00e9gbiztos\u00edt\u00e1si vagy sz\u0171r\u0151vizsg\u00e1lati csomagokat, illetve egy-egy mag\u00e1n rendel\u0151int\u00e9zettel \u00f6sszefogva kedvezm\u00e9nyes vizsg\u00e1latokon vehetnek r\u00e9szt rajtuk kereszt\u00fcl a tagok.<\/p>\n<p>A KSH adatai alapj\u00e1n a lakoss\u00e1g saj\u00e1t zsebb\u0151l finansz\u00edrozott eg\u00e9szs\u00e9g\u00fcgyi kiad\u00e1sainak mind\u00f6ssze 1 sz\u00e1zal\u00e9k\u00e1t k\u00f6lti prevenci\u00f3ra, m\u00edg az eg\u00e9szs\u00e9gp\u00e9nzt\u00e1ri tagokn\u00e1l ez az ar\u00e1ny 23 sz\u00e1zal\u00e9k. Az eg\u00e9szs\u00e9gp\u00e9nzt\u00e1ri tagok teh\u00e1t nem csup\u00e1n a kedvezm\u00e9ny vagy a hozamok miatt tagjai a p\u00e9nzt\u00e1rnak, val\u00f3ban t\u00f6bbet t\u00f6r\u0151dnek az eg\u00e9szs\u00e9g\u00fckkel.<\/p>\n<h4>K\u00e9nyelmes haszn\u00e1lat<\/h4>\n<p>Az eg\u00e9szs\u00e9gp\u00e9nzt\u00e1rak igyekeznek a szolg\u00e1ltat\u00e1saikat min\u00e9l k\u00e9nyelmesebb\u00e9 tenni a tagjaik sz\u00e1m\u00e1ra. T\u00f6bb p\u00e9nzt\u00e1rn\u00e1l van lehet\u0151s\u00e9g online bel\u00e9p\u00e9sre. Nincs sz\u00fcks\u00e9g nyomtat\u00e1sra \u00e9s post\u00e1z\u00e1sra, \u00e9s a tags\u00e1ghoz sz\u00fcks\u00e9ges azonos\u00edt\u00e1s is elv\u00e9gezhet\u0151 elektronikusan, sok egy\u00e9b p\u00e9nzt\u00e1ri \u00fcggyel egy\u00fctt.<\/p>\n<p>M\u00e1r \u00f6t eg\u00e9szs\u00e9gp\u00e9nzt\u00e1r k\u00edn\u00e1l modern, a bankk\u00e1rty\u00e1val \u00f6sszek\u00f6thet\u0151 eg\u00e9szs\u00e9gk\u00e1rty\u00e1t. A csapat leg\u00fajabb tagja az OTP Eg\u00e9szs\u00e9gp\u00e9nzt\u00e1r, amely egy nyerem\u00e9nyj\u00e1t\u00e9kkal v\u00e1rja a funkci\u00f3t be\u00e1ll\u00edt\u00f3 tagokat. A p\u00e9nzt\u00e1r a Pr\u00e9mium, az IZYS a Patika \u00e9s az \u00daj Pill\u00e9r Eg\u00e9szs\u00e9gp\u00e9nzt\u00e1rakhoz csatlakozott az \u00faj k\u00e9nyelmi szolg\u00e1ltat\u00e1s bevezet\u00e9s\u00e9vel.<\/p>\n","protected":false},"excerpt":{"rendered":"<p>Mostanra lezajlottak az eg\u00e9szs\u00e9gp\u00e9nzt\u00e1rak k\u00fcld\u00f6ttk\u00f6zgy\u0171l\u00e9sei, elfogadt\u00e1k az el\u0151z\u0151 \u00e9vi besz\u00e1mol\u00f3kat. Az eg\u00e9szs\u00e9gp\u00e9nzt\u00e1rak tagl\u00e9tsz\u00e1ma \u00e9s az \u00e1ltaluk kezelt vagyon tov\u00e1bbra is n\u00f6vekszik, de a lakoss\u00e1g nagy r\u00e9sze m\u00e9g mindig veszni hagyja az ak\u00e1r 150 ezer forint \u00e1llami t\u00e1mogat\u00e1st. A BiztosD\u00f6nt\u00e9s.hu arra keresi a v\u00e1laszt, hogy mi\u00e9rt van ez \u00edgy.<\/p>\n","protected":false},"author":1001010,"featured_media":146502,"comment_status":"open","ping_status":"open","sticky":false,"template":"","format":"standard","meta":[],"categories":[19],"tags":[],"_links":{"self":[{"href":"https:\/\/gazdasagportal.hu\/index.php\/wp-json\/wp\/v2\/posts\/146497"}],"collection":[{"href":"https:\/\/gazdasagportal.hu\/index.php\/wp-json\/wp\/v2\/posts"}],"about":[{"href":"https:\/\/gazdasagportal.hu\/index.php\/wp-json\/wp\/v2\/types\/post"}],"author":[{"embeddable":true,"href":"https:\/\/gazdasagportal.hu\/index.php\/wp-json\/wp\/v2\/users\/1001010"}],"replies":[{"embeddable":true,"href":"https:\/\/gazdasagportal.hu\/index.php\/wp-json\/wp\/v2\/comments?post=146497"}],"version-history":[{"count":5,"href":"https:\/\/gazdasagportal.hu\/index.php\/wp-json\/wp\/v2\/posts\/146497\/revisions"}],"predecessor-version":[{"id":146503,"href":"https:\/\/gazdasagportal.hu\/index.php\/wp-json\/wp\/v2\/posts\/146497\/revisions\/146503"}],"wp:featuredmedia":[{"embeddable":true,"href":"https:\/\/gazdasagportal.hu\/index.php\/wp-json\/wp\/v2\/media\/146502"}],"wp:attachment":[{"href":"https:\/\/gazdasagportal.hu\/index.php\/wp-json\/wp\/v2\/media?parent=146497"}],"wp:term":[{"taxonomy":"category","embeddable":true,"href":"https:\/\/gazdasagportal.hu\/index.php\/wp-json\/wp\/v2\/categories?post=146497"},{"taxonomy":"post_tag","embeddable":true,"href":"https:\/\/gazdasagportal.hu\/index.php\/wp-json\/wp\/v2\/tags?post=146497"}],"curies":[{"name":"wp","href":"https:\/\/api.w.org\/{rel}","templated":true}]}}