{"id":146403,"date":"2024-06-10T07:47:39","date_gmt":"2024-06-10T05:47:39","guid":{"rendered":"https:\/\/gazdasagportal.hu\/?p=146403"},"modified":"2024-06-10T07:47:39","modified_gmt":"2024-06-10T05:47:39","slug":"az-it-munkaeropiacon-mar-nem-a-mennyiseg-hanem-a-minoseg-szamit","status":"publish","type":"post","link":"https:\/\/gazdasagportal.hu\/index.php\/az-it-munkaeropiacon-mar-nem-a-mennyiseg-hanem-a-minoseg-szamit\/","title":{"rendered":"Az IT munkaer\u0151piacon m\u00e1r nem a mennyis\u00e9g, hanem a min\u0151s\u00e9g sz\u00e1m\u00edt"},"content":{"rendered":"<p><strong>V\u00e1ltozatlanul a legkeresettebbek k\u00f6z\u00e9 tartoznak az informatikai szakemberek a munkaer\u0151piacon<\/strong><a href=\"#_ftn1\" name=\"_ftnref1\">[1]<\/a><strong>, friss diplom\u00e1sk\u00e9nt ma is az \u00e1tlagn\u00e1l r\u00f6videbb id\u0151 alatt, m\u00e1sf\u00e9l h\u00f3napon bel\u00fcl tal\u00e1lnak munk\u00e1t<\/strong><a href=\"#_ftn2\" name=\"_ftnref2\"><strong>[2]<\/strong><\/a><strong>. B\u00e1r a 2012-t\u0151l 2022-ig tart\u00f3 fellend\u00fcl\u00e9s ut\u00e1n az IT szektorban is volt a tavalyi \u00e9vben n\u00e9mi visszaes\u00e9s, de 2024-re a cs\u00f6kken\u0151 tendencia meg\u00e1ll \u00e9s tov\u00e1bbi robban\u00e1sszer\u0171 fejl\u0151d\u00e9s v\u00e1rhat\u00f3 a digitaliz\u00e1ci\u00f3 ter\u00fclet\u00e9n. A visszaes\u00e9s ink\u00e1bb egy \u00e1trendez\u0151d\u00e9s, mert egyfel\u0151l a sz\u0171k ter\u00fcletre tud\u00e1st ad\u00f3 \u201egyorstalpal\u00f3\u201d k\u00e9pz\u00e9seken v\u00e9gzettek ir\u00e1nti kereslet cs\u00f6kken, hiszen az egyszer\u0171, rutinszer\u0171 feladatokat m\u00e1r \u00e1tveszi a mesters\u00e9ges intelligencia. M\u00e1sfel\u0151l m\u00e9g ink\u00e1bb n\u0151 az ig\u00e9ny azon informatikusokra, akik \u00e1tfog\u00f3, alapokat, \u00f6sszef\u00fcgg\u00e9seket, k\u00fcl\u00f6nf\u00e9le rendszereket is elsaj\u00e1t\u00edt\u00f3 ismeretekre tettek szert, akik l\u00e1tj\u00e1k \u00e9s \u00e9rtik a probl\u00e9m\u00e1kat, a folyamatokat, megtal\u00e1lj\u00e1k az optim\u00e1lis megold\u00e1sokat. Az \u00faj v\u00e1llalati trendek szerint az IT ter\u00fcleten csak a megalapozott sz\u00e9lesk\u00f6r\u0171 tud\u00e1s \u00e9s a friss szakmai ismeretek garant\u00e1lj\u00e1k a sikeres karriert \u00e9s a magas fizet\u00e9st. Ezt a fajta tud\u00e1s\u00e1tad\u00e1st tov\u00e1bbra is csak iskolarendszer\u0171 k\u00e9pz\u00e9s sor\u00e1n lehet megval\u00f3s\u00edtani, \u00edgy az egyetemeknek ezekhez a megv\u00e1ltozott k\u00f6r\u00fclm\u00e9nyekhez alkalmazkodva kell oktatnia.<\/strong><!--more--><\/p>\n<div class=\"ads-in-post2\"><script async src=\"https:\/\/pagead2.googlesyndication.com\/pagead\/js\/adsbygoogle.js\"><\/script>\r\n<ins class=\"adsbygoogle\"\r\n     style=\"display:block\"\r\n     data-ad-format=\"fluid\"\r\n     data-ad-layout-key=\"-6t+ed+2i-1n-4w\"\r\n     data-ad-client=\"ca-pub-1959107119989764\"\r\n     data-ad-slot=\"4008251320\"><\/ins>\r\n<script>\r\n     (adsbygoogle = window.adsbygoogle || []).push({});\r\n<\/script><\/div>\n<p><strong>\u00a0<\/strong><\/p>\n<p>Tavaly \u00e9v elej\u00e9n m\u00e9g arr\u00f3l besz\u00e9lt\u00fcnk, hogy 15.000 IT szakember azonnal bel\u00e9phetne a magyar munkaer\u0151piacra, de a helyzet r\u00f6pke egy \u00e9v alatt alapvet\u0151en megv\u00e1ltozott. 2023-ban az USA-ban t\u00f6bb elbocs\u00e1t\u00e1si hull\u00e1m t\u00f6rt\u00e9nt az informatika ter\u00fclet\u00e9n, \u00e9s ezek a folyamatok begy\u0171r\u0171ztek Nyugat-Eur\u00f3p\u00e1ba \u00e9s Magyarorsz\u00e1gra is, cs\u00f6kkent a nyitott IT-poz\u00edci\u00f3k sz\u00e1ma \u00e9s a c\u00e9gek ink\u00e1bb projektmegb\u00edz\u00e1sokkal p\u00f3tolt\u00e1k a hi\u00e1nyz\u00f3 munkaer\u0151t.<\/p>\n<p>&nbsp;<\/p><div id=\"gazda-1955704761\" class=\"gazda-tartalomban gazda-entity-placement\"><script async src=\"https:\/\/pagead2.googlesyndication.com\/pagead\/js\/adsbygoogle.js\"><\/script>\r\n<ins class=\"adsbygoogle\"\r\n     style=\"display:block\"\r\n     data-ad-format=\"fluid\"\r\n     data-ad-layout-key=\"-6t+ed+2i-1n-4w\"\r\n     data-ad-client=\"ca-pub-1959107119989764\"\r\n     data-ad-slot=\"4008251320\"><\/ins>\r\n<script>\r\n     (adsbygoogle = window.adsbygoogle || []).push({});\r\n<\/script><\/div>\n<p>A munkav\u00e1llal\u00f3k is \u00f3vatosabbak, megfontoltabbak lettek a munkahelyv\u00e1lt\u00e1sokkal. Az \u00e1talakul\u00e1s azonban egyben struktur\u00e1lis is, egy min\u0151s\u00e9gi csere figyelhet\u0151 meg a mennyis\u00e9gi v\u00e1ltoz\u00e1sok m\u00f6g\u00f6tt. A sz\u00e9lesk\u00f6r\u0171 tud\u00e1ssal, gyakorlati tapasztalatokkal rendelkez\u0151 IT szakemberek ir\u00e1nti kereslet v\u00e1ltozatlanul magas. Azonban a j\u00f3 fizet\u00e9s \u00e9s biztos meg\u00e9lhet\u00e9s rem\u00e9ny\u00e9ben az elm\u00falt \u00e9vekben a gyorsan \u00e1tk\u00e9pzett, csak egy sz\u0171k informatikai ter\u00fclethez \u00e9s ahhoz sem nagyobb m\u00e9lys\u00e9gekben \u00e9rt\u0151 informatikusokat val\u00f3ban er\u0151teljesen \u00e9rintett\u00e9k az elbocs\u00e1t\u00e1sok, ez\u00e9rt mostanra t\u00f6bb, informatikus k\u00e9pz\u00e9st aj\u00e1nl\u00f3 \u00fan. bootcamp bez\u00e1rt.<\/p>\n<p>&nbsp;<\/p>\n<p>\u201e<em>A k\u00f6zelm\u00falt gazdas\u00e1gi kih\u00edv\u00e1sai az informatika ter\u00fclet\u00e9n is \u00e9reztett\u00e9k a negat\u00edv hat\u00e1sukat, mindezt feler\u0151s\u00edtett\u00e9k a ChatGPT \u00e9s hasonl\u00f3 alkalmaz\u00e1sok berobban\u00e1sa, hiszen a mesters\u00e9ges intelligencia m\u00e1r kit\u0171n\u0151en megoldja ak\u00e1r az egyszer\u0171bb programoz\u00e1st is. M\u00e1sfel\u0151l azonban az MI elterjed\u00e9s\u00e9vel t\u00e1gulnak a lehet\u0151s\u00e9gek az egyetemi k\u00e9pz\u00e9st elv\u00e9gz\u0151 szakemberek ir\u00e1nt, mivel n\u00f6vekszik az ig\u00e9ny a v\u00e1ltoz\u00e1sokra szakmailag felk\u00e9sz\u00fclten reag\u00e1l\u00f3, \u00e1tfog\u00f3bb, komplexebb tud\u00e1ssal b\u00edr\u00f3, diplom\u00e1s informatikusokra.\u201d<\/em> mondta el<strong> Dr. Dietz Ferenc, <\/strong>a G\u00e1bor D\u00e9nes Egyetem eln\u00f6ke, a Mesters\u00e9ges Intelligencia\u00a0Koal\u00edci\u00f3 Oktat\u00e1si \u00e9s Tudatos\u00edt\u00e1si Munkacsoportj\u00e1nak vezet\u0151je.<\/p>\n<p><em>\u00a0<\/em><\/p>\n<p>Az IT ter\u00fcleten tov\u00e1bbra is a munkav\u00e1llal\u00f3k dikt\u00e1lj\u00e1k a munkaer\u0151piaci felt\u00e9teleket, ez\u00e1ltal a munkab\u00e9reik jelent\u0151sen meghaladj\u00e1k a piaci \u00e1tlagot, s\u0151t a m\u00e1s m\u0171szaki ter\u00fcleten el\u00e9rhet\u0151 kereseteket is. A junior programoz\u00f3k brutt\u00f3 600-950 ezer forintos fizet\u00e9sr\u0151l indulnak<a href=\"#_ftn3\" name=\"_ftnref3\">[3]<\/a>. Milli\u00f3s b\u00e9r f\u00f6l\u00e9 a 3-5 \u00e9v gyakorlattal rendelkez\u0151k l\u00e9pnek, a senior software architect, vagy IT-tervez\u0151 \u00e1tlagosan brutt\u00f3 1,3 milli\u00f3 forintot kereshet havonta. Egy IT-menedzser havi 1 milli\u00f3 forintot, m\u00edg egy csapatvezet\u0151 jellemz\u0151en m\u00e1r 1,6-2,5 milli\u00f3 forintos havi fizet\u00e9st vihet haza, a biztons\u00e1gi m\u00e9rn\u00f6k\u00f6k \u00e9s a kiberbiztons\u00e1gi tan\u00e1csad\u00f3k pedig ak\u00e1r 2,5 milli\u00f3 forintot is.<\/p>\n<p><em>\u201eAz \u00faj trendeket ismer\u0151, gyakorlati tud\u00e1ssal rendelkez\u0151 munkav\u00e1llal\u00f3k mai is v\u00e1logathatnak az \u00e1ll\u00e1sok k\u00f6z\u00f6tt. A felfokozott kereslet ok\u00e1n, a nyelvi modelleket tudatosan, k\u00e9szs\u00e9gszinten haszn\u00e1l\u00f3 promt m\u00e9rn\u00f6k\u00f6k, a tesztel\u0151k, a kiberbiztons\u00e1ggal foglakoz\u00f3k szinte maguk dikt\u00e1lj\u00e1k a b\u00e9r\u00fcket.\u201d &#8211; <\/em>h\u00edvta fel a figyelmet a Mesters\u00e9ges Intelligencia\u00a0Koal\u00edci\u00f3 Oktat\u00e1si \u00e9s Tudatos\u00edt\u00e1si Munkacsoportj\u00e1nak vezet\u0151je.<\/p>\n<p><em>\u00a0<\/em><\/p>\n<p>Az IT vil\u00e1gban val\u00f3 \u00e9rv\u00e9nyes\u00fcl\u00e9shez m\u00e1s hivat\u00e1sokn\u00e1l er\u0151teljesebb nyitotts\u00e1g \u00e9s folyamatos meg\u00fajul\u00e1s sz\u00fcks\u00e9ges a talpon marad\u00e1shoz. A kit\u0171n\u0151 diploma, az \u00edg\u00e9retes karrierlehet\u0151s\u00e9g p\u00e1r \u00e9v alatt utc\u00e1ra ker\u00fcl\u00e9st eredm\u00e9nyezhet az \u00faj technol\u00f3gi\u00e1k, programok ismerete \u00e9s k\u00e9szs\u00e9gszint\u0171 haszn\u00e1lata n\u00e9lk\u00fcl.\u00a0 Az EU ez\u00e9rt t\u00e1mogatja az eg\u00e9sz \u00e9leten \u00e1t tart\u00f3 tanul\u00e1st, hogy mindenki rendelkezzen azokkal az ismeretekkel, k\u00e9szs\u00e9gekkel \u00e9s kompetenci\u00e1kkal, amelyekre sz\u00fcks\u00e9ge van ahhoz, hogy boldoguljon a t\u00e1rsadalomban, a munkaer\u0151piacon \u00e9s a mag\u00e1n\u00e9letben. (6) Mindezek elsaj\u00e1t\u00edthat\u00f3k rugalmas, c\u00e9lzott, a megl\u00e9v\u0151 alaptud\u00e1sra r\u00e1\u00e9p\u00edt\u0151 r\u00f6vid t\u00e1v\u00fa k\u00e9pz\u00e9sek keret\u00e9ben, ahol mikrotan\u00fas\u00edtv\u00e1ny igazolja az elsaj\u00e1t\u00edtott tanul\u00e1si eredm\u00e9nyeket.<\/p>\n<p>&nbsp;<\/p>\n<p>Haz\u00e1nkban k\u00fcl\u00f6nb\u00f6z\u0151 f\u00f3kuszokkal sz\u00e1mos egyetem biztos\u00edt sz\u00e9lesk\u00f6r\u0171 informatikai k\u00e9pz\u00e9st, \u00edgy szabadon lehet v\u00e1lasztani, ki, milyen ter\u00fcleten \u00e9s milyen m\u00e9lys\u00e9gben szeretne tud\u00e1st szerezni, hiszen IT ismeretre mindenhol sz\u00fcks\u00e9g van a p\u00e9nz\u00fcgyi ter\u00fclett\u0151l kezdve a kreat\u00edv ipar\u00e1gakig. \u00a0Az informatik\u00e1n bel\u00fcli \u00e9rdekl\u0151d\u00e9si ter\u00fclet \u00e9s az egyetem kiv\u00e1laszt\u00e1sa mellett figyelmet \u00e9rdemel a gyakorlatk\u00f6zelis\u00e9g \u00e9s a nappali vagy t\u00e1voktat\u00e1si munkarend, a tud\u00e1sanyag digit\u00e1lis el\u00e9rhet\u0151s\u00e9ge. Ahogy az IT szektorban egyre n\u00e9pszer\u0171bb a hibrid vagy ak\u00e1r remote (teljes eg\u00e9sz\u00e9ben t\u00e1vmunka) munkav\u00e9gz\u00e9s, az oktat\u00e1sban is egyre keresettebb a nagyfok\u00fa rugalmass\u00e1got biztos\u00edt\u00f3 online k\u00e9pz\u00e9s.<\/p>\n<p><em>\u201eInt\u00e9zm\u00e9ny\u00fcnk digit\u00e1lis oktat\u00e1si m\u00f3dszertan\u00e1val minden hallgat\u00f3nk mind t\u00e9rben mind id\u0151ben rugalmasan tanulhat, ak\u00e1r alapszakot, ak\u00e1r mesterszakot, ak\u00e1r mikrotan\u00fas\u00edtv\u00e1nyt ny\u00fajt\u00f3 k\u00e9pz\u00e9st v\u00e9gez. Ez ut\u00f3bbiak olyan r\u00f6vid k\u00e9pz\u00e9sek, ahol a r\u00e9sztvev\u0151k c\u00e9lir\u00e1nyosan azokat az ismereteket, k\u00e9szs\u00e9geket \u00e9s kompetenci\u00e1kat fejlesztik, amelyekre a sikeres karrierhez sz\u00fcks\u00e9ges szem\u00e9lyes \u00e9s szakmai fejl\u0151d\u00e9s\u00fckh\u00f6z, meg\u00fajul\u00e1sukhoz m\u00e9g sz\u00fcks\u00e9g\u00fck van.\u201d &#8211;<\/em> tette hozz\u00e1 a G\u00e1bor D\u00e9nes Egyetem eln\u00f6ke.<\/p>\n<p>A gazdas\u00e1gi, munkaer\u0151piaci folyamatokat k\u00fcl\u00f6nb\u00f6z\u0151 szemsz\u00f6gb\u0151l vizsg\u00e1l\u00f3 IT, gazdas\u00e1gi \u00e9s HR szakemberek az elm\u00falt id\u0151szak v\u00e1ltoz\u00e1sait \u00e9rt\u00e9kelve egyet\u00e9rtenek abban, hogy az IT szektorban v\u00e1ltozatlanul hatalmas, ma m\u00e9g kiakn\u00e1zatlan fejl\u0151d\u00e9si, \u00e9rv\u00e9nyes\u00fcl\u00e9si \u00e9s karrier lehet\u0151s\u00e9gek vannak. \u00a0El\u0151rejelz\u00e9sek szerint a technol\u00f3giai kiad\u00e1sok 2015 \u00e9s 2030 k\u00f6z\u00f6tt v\u00e1rhat\u00f3an 50%-kal n\u0151nek, \u00e9s ez ak\u00e1r 50 milli\u00f3 munkahelyet is teremthet vil\u00e1gszerte<a href=\"#_ftn4\" name=\"_ftnref4\">[4]<\/a>\u2026<\/p>\n<p><a href=\"#_ftnref1\" name=\"_ftn1\">[1]<\/a> Randstad IT felm\u00e9r\u00e9s, 2024<\/p>\n<p><a href=\"#_ftnref2\" name=\"_ftn2\">[2]<\/a> Diplom\u00e1s P\u00e1lyak\u00f6vet\u00e9si Rendszer felm\u00e9r\u00e9s 2023<\/p>\n<p><a href=\"#_ftnref3\" name=\"_ftn3\">[3]<\/a> Hays Salary Guide<\/p>\n<p>6 https:\/\/education.ec.europa.eu\/hu\/education-levels\/higher-education\/micro-credentials<\/p>\n<p><a href=\"#_ftnref4\" name=\"_ftn4\">[4]<\/a> <a href=\"https:\/\/www.mckinsey.com\/featured-insights\/future-of-work\/jobs-lost-jobs-gained-what-the-future-of-work-will-mean-for-jobs-skills-and-wages#part%203\" target=\"_blank\" rel=\"noopener\">McKinsey kutat\u00e1s<\/a><\/p>\n","protected":false},"excerpt":{"rendered":"<p>V\u00e1ltozatlanul a legkeresettebbek k\u00f6z\u00e9 tartoznak az informatikai szakemberek a munkaer\u0151piacon[1], friss diplom\u00e1sk\u00e9nt ma is az \u00e1tlagn\u00e1l r\u00f6videbb id\u0151 alatt, m\u00e1sf\u00e9l h\u00f3napon bel\u00fcl tal\u00e1lnak munk\u00e1t[2]. B\u00e1r a 2012-t\u0151l 2022-ig tart\u00f3 fellend\u00fcl\u00e9s ut\u00e1n az IT szektorban is volt a tavalyi \u00e9vben n\u00e9mi visszaes\u00e9s, de 2024-re a cs\u00f6kken\u0151 tendencia meg\u00e1ll \u00e9s tov\u00e1bbi robban\u00e1sszer\u0171 fejl\u0151d\u00e9s v\u00e1rhat\u00f3 a digitaliz\u00e1ci\u00f3 ter\u00fclet\u00e9n. &#8230;<\/p>\n","protected":false},"author":1001010,"featured_media":0,"comment_status":"open","ping_status":"open","sticky":false,"template":"","format":"standard","meta":[],"categories":[19],"tags":[],"_links":{"self":[{"href":"https:\/\/gazdasagportal.hu\/index.php\/wp-json\/wp\/v2\/posts\/146403"}],"collection":[{"href":"https:\/\/gazdasagportal.hu\/index.php\/wp-json\/wp\/v2\/posts"}],"about":[{"href":"https:\/\/gazdasagportal.hu\/index.php\/wp-json\/wp\/v2\/types\/post"}],"author":[{"embeddable":true,"href":"https:\/\/gazdasagportal.hu\/index.php\/wp-json\/wp\/v2\/users\/1001010"}],"replies":[{"embeddable":true,"href":"https:\/\/gazdasagportal.hu\/index.php\/wp-json\/wp\/v2\/comments?post=146403"}],"version-history":[{"count":2,"href":"https:\/\/gazdasagportal.hu\/index.php\/wp-json\/wp\/v2\/posts\/146403\/revisions"}],"predecessor-version":[{"id":146405,"href":"https:\/\/gazdasagportal.hu\/index.php\/wp-json\/wp\/v2\/posts\/146403\/revisions\/146405"}],"wp:attachment":[{"href":"https:\/\/gazdasagportal.hu\/index.php\/wp-json\/wp\/v2\/media?parent=146403"}],"wp:term":[{"taxonomy":"category","embeddable":true,"href":"https:\/\/gazdasagportal.hu\/index.php\/wp-json\/wp\/v2\/categories?post=146403"},{"taxonomy":"post_tag","embeddable":true,"href":"https:\/\/gazdasagportal.hu\/index.php\/wp-json\/wp\/v2\/tags?post=146403"}],"curies":[{"name":"wp","href":"https:\/\/api.w.org\/{rel}","templated":true}]}}