{"id":146233,"date":"2024-05-19T10:25:08","date_gmt":"2024-05-19T08:25:08","guid":{"rendered":"https:\/\/gazdasagportal.hu\/?p=146233"},"modified":"2024-05-19T10:25:08","modified_gmt":"2024-05-19T08:25:08","slug":"vallalkozo-figyeljen-szja-bevallaskor","status":"publish","type":"post","link":"https:\/\/gazdasagportal.hu\/index.php\/vallalkozo-figyeljen-szja-bevallaskor\/","title":{"rendered":"SZJA &#8211; Ha v\u00e1llalkoz\u00f3, erre figyeljen szja bevall\u00e1skor"},"content":{"rendered":"<h3><strong><span style=\"font-size: medium;\"><a href=\"https:\/\/gazdasagportal.hu\/\" target=\"_blank\" rel=\"noopener\">SZJA<\/a> &#8211; K\u00f6zeleg m\u00e1jus 21., a szem\u00e9lyij\u00f6vedelemad\u00f3-bevall\u00e1s hat\u00e1rideje. A NAV \u00e1ltal megk\u00fcld\u00f6tt bevall\u00e1s-tervezetet azonban \u00e9rdemes a v\u00e1llalkoz\u00f3knak figyelmesen leellen\u0151rizni \u00e9s kieg\u00e9sz\u00edteni, ez\u00e9rt a K&amp;H \u00f6sszegy\u0171jt\u00f6tt n\u00e9h\u00e1ny tipikus hib\u00e1t \u00e9s hasznos tippet, hogy elker\u00fclj\u00fck a t\u00e9ved\u00e9seket.\u00a0 <\/span><\/strong><\/h3>\n<p><strong>\u00a0<\/strong><!--more--><\/p>\n<div class=\"ads-in-post2\"><script async src=\"https:\/\/pagead2.googlesyndication.com\/pagead\/js\/adsbygoogle.js\"><\/script>\r\n<ins class=\"adsbygoogle\"\r\n     style=\"display:block\"\r\n     data-ad-format=\"fluid\"\r\n     data-ad-layout-key=\"-6t+ed+2i-1n-4w\"\r\n     data-ad-client=\"ca-pub-1959107119989764\"\r\n     data-ad-slot=\"4008251320\"><\/ins>\r\n<script>\r\n     (adsbygoogle = window.adsbygoogle || []).push({});\r\n<\/script><\/div>\n<p><a href=\"https:\/\/gazdasagportal.hu\/wp-content\/uploads\/2024\/04\/calculator-1680905_1280.jpg\"><img decoding=\"async\" loading=\"lazy\" class=\"alignleft size-medium wp-image-145888\" src=\"https:\/\/gazdasagportal.hu\/wp-content\/uploads\/2024\/04\/calculator-1680905_1280-300x200.jpg\" alt=\"SZJA\" width=\"300\" height=\"200\" srcset=\"https:\/\/gazdasagportal.hu\/wp-content\/uploads\/2024\/04\/calculator-1680905_1280-300x200.jpg 300w, https:\/\/gazdasagportal.hu\/wp-content\/uploads\/2024\/04\/calculator-1680905_1280-768x512.jpg 768w, https:\/\/gazdasagportal.hu\/wp-content\/uploads\/2024\/04\/calculator-1680905_1280.jpg 1024w\" sizes=\"(max-width: 300px) 100vw, 300px\" \/><\/a>Fontos hat\u00e1rid\u0151 k\u00f6zeleg azoknak az egy\u00e9ni v\u00e1llalkoz\u00f3knak, akik szem\u00e9lyij\u00f6vedelemad\u00f3-bevall\u00e1sra k\u00f6telezettek. Ennek beny\u00fajt\u00e1s\u00e1ra m\u00e1jus 21-\u00e9ig m\u00e9g n\u00e9h\u00e1ny nap maradt, amit \u00e9rdemes kihaszn\u00e1lni, hogy elker\u00fclj\u00fck a legtipikusabb hib\u00e1kat, hi\u00e1nyoss\u00e1gokat. \u201eAz els\u0151 \u00e9s legfontosabb, hogy a NAV \u00e1ltal megk\u00fcld\u00f6tt tervezet a bek\u00fcld\u00e9s ut\u00e1n kiz\u00e1r\u00f3lag a mag\u00e1nszem\u00e9lyekn\u00e9l v\u00e1lik elfogadott\u00e1, a v\u00e1llalkoz\u00e1sokn\u00e1l a c\u00e9g adataival ki kell eg\u00e9sz\u00edti a tervezetet \u00e9s be is kell k\u00fcldeni. Szint\u00e9n a 2023-as bevall\u00e1sban lehet jelezni az ad\u00f3kedvezm\u00e9nyt, ha \u00e9v k\u00f6zben nem lett ig\u00e9nybe v\u00e9ve\u201d \u2013 h\u00edvja fel a figyelmet <strong>Szil\u00e1gyi Anita<\/strong>, <strong>a V\u00e1llalkoz\u00e1s Okosan tan\u00e1csad\u00f3ja, a K&amp;H: \u00fczletet ide! szakmai partnere<\/strong>.<\/p>\n<p>&nbsp;<\/p>\n<p><strong>a leggyakoribb ban\u00e1nh\u00e9jak, amikre \u00e9rdemes figyelni \u00a0<\/strong><\/p><div id=\"gazda-255500179\" class=\"gazda-tartalomban gazda-entity-placement\"><script async src=\"https:\/\/pagead2.googlesyndication.com\/pagead\/js\/adsbygoogle.js\"><\/script>\r\n<ins class=\"adsbygoogle\"\r\n     style=\"display:block\"\r\n     data-ad-format=\"fluid\"\r\n     data-ad-layout-key=\"-6t+ed+2i-1n-4w\"\r\n     data-ad-client=\"ca-pub-1959107119989764\"\r\n     data-ad-slot=\"4008251320\"><\/ins>\r\n<script>\r\n     (adsbygoogle = window.adsbygoogle || []).push({});\r\n<\/script><\/div>\n<ul>\n<li>a tervezet elfogad\u00e1sa csak azut\u00e1n t\u00f6rt\u00e9njen, hogy a v\u00e1llalkoz\u00e1s bev\u00e9teli \u00e9s egy\u00e9b adatait be\u00edrt\u00e1k.<\/li>\n<li>az \u00e1tal\u00e1nyad\u00f3z\u00f3knak kiz\u00e1r\u00f3lag az \u00e1tal\u00e1nyad\u00f3s bev\u00e9telen k\u00edv\u00fcli szoci\u00e1lis hozz\u00e1j\u00e1rul\u00e1si ad\u00f3t kell felt\u00fcntetni, amennyiben volt ilyen.<\/li>\n<li>ha valaki 2023-ban sz\u00fcneteltette a v\u00e1llalkoz\u00e1s\u00e1t, \u00e9s az ad\u00f3\u00e9vben nem kezdte \u00fajra a tev\u00e9kenys\u00e9g\u00e9t, akkor ezt jel\u00f6lni kell az szja bevall\u00e1sban. A sz\u00fcnetel\u00e9s eset\u00e9n figyelni kell arra, hogy a bevall\u00e1si id\u0151szak az akt\u00edv id\u0151szak legyen.<\/li>\n<li>a mag\u00e1nszem\u00e9lyek \u00e9s a v\u00e1llalkoz\u00f3k szja-bevall\u00e1sa egy szja tervezet, nem kell \u201em\u00e1sikat\u201d keresni.<\/li>\n<li>az egy\u00e9ni v\u00e1llalkoz\u00f3knak az szja-bevall\u00e1s mellett a helyi ipar\u0171z\u00e9si ad\u00f3r\u00f3l is bevall\u00e1st kell beny\u00fajtani, ennek hat\u00e1rideje 2024. m\u00e1jus 31.<\/li>\n<li>az szja-bevall\u00e1st az eSZJA oldalon \u00e9s az \u00c1ltal\u00e1nos Nyomtatv\u00e1nykit\u00f6lt\u0151 (\u00c1NYK) programban is ki lehet t\u00f6lteni, azonban m\u00e1s n\u00e9vvel szerepel: a 23SZJA nyomtatv\u00e1nyt az \u00c1NYK-ban 2353-as nyomtatv\u00e1nyk\u00e9nt kell keresni, vagy ak\u00e1r ki is lehet export\u00e1lni az eSZJA fel\u00fclet\u00e9r\u0151l \u00e9s az \u00c1NYK-ban kit\u00f6lteni.<\/li>\n<li>ha 2023-ban megsz\u0171nt az egy\u00e9ni v\u00e1llalkoz\u00e1s, akkor ezt jel\u00f6lni kell az szja-bevall\u00e1sban, \u00e9s azt is, hogy az ad\u00f3\u00e9v folyam\u00e1n nem kezdett \u00faj egy\u00e9ni v\u00e1llalkoz\u00f3i tev\u00e9kenys\u00e9get.<\/li>\n<\/ul>\n<p>&nbsp;<\/p>\n<p>\u201eAzt is \u00e9rdemes \u00e9szben tartani, hogy a 2023-as \u00e9vre csak akkor k\u00e9rhet\u0151 j\u00f6vedelemigazol\u00e1s \u2013 p\u00e9ld\u00e1ul hitelfelv\u00e9telhez \u2013, ha az szja-bevall\u00e1s be lett ny\u00fajtva. Ha pedig valaki hib\u00e1san ny\u00fajtotta be a bevall\u00e1st, \u00e9s ez\u00e9rt hiba\u00fczenetet kap a rendszert\u0151l, \u00e9rdemes szak\u00e9rt\u0151h\u00f6z fordulni, hogy ne t\u00f6rt\u00e9njen nagyobb galiba\u201d \u2013 tan\u00e1csolja a K&amp;H: \u00fczletet ide! szakmai partnere.<\/p>\n<p>A negyed\u00e9vben aktu\u00e1lis, tov\u00e1bbi ad\u00f3z\u00e1si teend\u0151k r\u00e9szleteir\u0151l \u00e9s egy\u00e9b, v\u00e1llalkoz\u00f3knak sz\u00f3l\u00f3, p\u00e9nz\u00fcgyi tudatoss\u00e1got \u00e9s a n\u00f6veked\u00e9st t\u00e1mogat\u00f3 t\u00e9m\u00e1kr\u00f3l az <a href=\"https:\/\/www.uzletetide.hu\/\" target=\"_blank\" rel=\"noopener\">\u00fczletetide.hu<\/a> oldalon lehet t\u00e1j\u00e9koz\u00f3dni.<\/p>\n<p><strong>\u00a0\u00a0\u00a0\u00a0 \u00a0\u00a0\u00a0<\/strong><strong> \u00a0\u00a0<\/strong><\/p>\n<p><strong>A K&amp;H Csoportr\u00f3l<\/strong><\/p>\n<p>Az orsz\u00e1g egyik vezet\u0151 \u00e9s orsz\u00e1gosan t\u00f6bb mint 3800 munkat\u00e1rsat foglalkoztat\u00f3 p\u00e9nzint\u00e9zetek\u00e9nt a K&amp;H c\u00e9lja, hogy \u00fcgyfelei ig\u00e9nyeit mindenkor magas szinten, gyorsan \u00e9s g\u00f6rd\u00fcl\u00e9kenyen el\u00e9g\u00edtse ki, \u00e9s a lehet\u0151 legteljesebb term\u00e9kpalett\u00e1t ny\u00fajtsa sz\u00e1mukra. A K&amp;H orsz\u00e1gszerte 195 lakoss\u00e1gi \u00fcgyf\u00e9lpontot m\u0171k\u00f6dtet, \u00e9s csoportszinten mintegy 1,6 milli\u00f3 \u00fcgyf\u00e9lnek k\u00edn\u00e1l p\u00e9nz\u00fcgyi szolg\u00e1ltat\u00e1sokat. A magyar gazdas\u00e1g m\u0171k\u00f6d\u00e9s\u00e9t mintegy 3600 milli\u00e1rd forintnyi kihelyezett hitel- \u00e9s hiteljelleg\u0171 \u00e1llom\u00e1nnyal seg\u00edti h\u00e1ztart\u00e1sok, kisv\u00e1llalkoz\u00e1sok, v\u00e1llalatok \u00e9s \u00f6nkorm\u00e1nyzatok finansz\u00edroz\u00e1s\u00e1n kereszt\u00fcl. A c\u00e9gcsoport hozz\u00e1vet\u0151leg 2300 magyar besz\u00e1ll\u00edt\u00f3nak \u00e9s mintegy 700 banki \u00e9s biztos\u00edt\u00e1si \u00fcgyn\u00f6knek biztos\u00edt megrendel\u00e9seket \u00e9s folyamatos tev\u00e9kenys\u00e9get.<\/p>\n<p>&nbsp;<\/p>\n<h3><a href=\"https:\/\/kvizportal.hu\/category\/kviz\/\" target=\"_blank\" rel=\"noopener\"><strong>Kv\u00edz<\/strong><\/a>:<\/h3>\n","protected":false},"excerpt":{"rendered":"<p>SZJA &#8211; K\u00f6zeleg m\u00e1jus 21., a szem\u00e9lyij\u00f6vedelemad\u00f3-bevall\u00e1s hat\u00e1rideje. A NAV \u00e1ltal megk\u00fcld\u00f6tt bevall\u00e1s-tervezetet azonban \u00e9rdemes a v\u00e1llalkoz\u00f3knak figyelmesen leellen\u0151rizni \u00e9s kieg\u00e9sz\u00edteni, ez\u00e9rt a K&amp;H \u00f6sszegy\u0171jt\u00f6tt n\u00e9h\u00e1ny tipikus hib\u00e1t \u00e9s hasznos tippet, hogy elker\u00fclj\u00fck a t\u00e9ved\u00e9seket.\u00a0 \u00a0<\/p>\n","protected":false},"author":1001010,"featured_media":145888,"comment_status":"open","ping_status":"open","sticky":false,"template":"","format":"standard","meta":[],"categories":[19],"tags":[],"_links":{"self":[{"href":"https:\/\/gazdasagportal.hu\/index.php\/wp-json\/wp\/v2\/posts\/146233"}],"collection":[{"href":"https:\/\/gazdasagportal.hu\/index.php\/wp-json\/wp\/v2\/posts"}],"about":[{"href":"https:\/\/gazdasagportal.hu\/index.php\/wp-json\/wp\/v2\/types\/post"}],"author":[{"embeddable":true,"href":"https:\/\/gazdasagportal.hu\/index.php\/wp-json\/wp\/v2\/users\/1001010"}],"replies":[{"embeddable":true,"href":"https:\/\/gazdasagportal.hu\/index.php\/wp-json\/wp\/v2\/comments?post=146233"}],"version-history":[{"count":1,"href":"https:\/\/gazdasagportal.hu\/index.php\/wp-json\/wp\/v2\/posts\/146233\/revisions"}],"predecessor-version":[{"id":146234,"href":"https:\/\/gazdasagportal.hu\/index.php\/wp-json\/wp\/v2\/posts\/146233\/revisions\/146234"}],"wp:featuredmedia":[{"embeddable":true,"href":"https:\/\/gazdasagportal.hu\/index.php\/wp-json\/wp\/v2\/media\/145888"}],"wp:attachment":[{"href":"https:\/\/gazdasagportal.hu\/index.php\/wp-json\/wp\/v2\/media?parent=146233"}],"wp:term":[{"taxonomy":"category","embeddable":true,"href":"https:\/\/gazdasagportal.hu\/index.php\/wp-json\/wp\/v2\/categories?post=146233"},{"taxonomy":"post_tag","embeddable":true,"href":"https:\/\/gazdasagportal.hu\/index.php\/wp-json\/wp\/v2\/tags?post=146233"}],"curies":[{"name":"wp","href":"https:\/\/api.w.org\/{rel}","templated":true}]}}