{"id":146151,"date":"2024-05-08T15:27:36","date_gmt":"2024-05-08T13:27:36","guid":{"rendered":"https:\/\/gazdasagportal.hu\/?p=146151"},"modified":"2024-05-08T15:28:50","modified_gmt":"2024-05-08T13:28:50","slug":"tudnivalok-a-2023-evi-szja-bevallas","status":"publish","type":"post","link":"https:\/\/gazdasagportal.hu\/index.php\/tudnivalok-a-2023-evi-szja-bevallas\/","title":{"rendered":"Fontos: Hasznos tudnival\u00f3k a 2023. \u00e9vi szja-bevall\u00e1sokkal kapcsolatban"},"content":{"rendered":"<h2 style=\"font-weight: 400;\"><b><span style=\"font-size: medium;\">A 2023. \u00e9vi szja-bevall\u00e1s beny\u00fajt\u00e1s\u00e1ra m\u00e1r csak egy sz\u0171k h\u00f3nap \u00e1ll a mag\u00e1nszem\u00e9lyek rendelkez\u00e9s\u00e9re, ugyanis ennek hat\u00e1rideje 2024. m\u00e1jus 21. \u00a0Fontos kiemelni, hogy az \u00f6sszevont ad\u00f3alap ut\u00e1n befizetett j\u00f6vedelemad\u00f3 1+1%-\u00e1nak felaj\u00e1nl\u00e1s\u00e1ra is csak az eml\u00edtett hat\u00e1rid\u0151ig van lehet\u0151s\u00e9g, ez viszont t\u00f6rt\u00e9nhet elektronikusan vagy pap\u00edr alapon, f\u00fcggetlen\u00fcl a bevall\u00e1s beny\u00fajt\u00e1s\u00e1nak m\u00f3dj\u00e1t\u00f3l.<\/span><\/b><\/h2>\n<p><!--more--><\/p>\n<div class=\"ads-in-post2\"><script async src=\"https:\/\/pagead2.googlesyndication.com\/pagead\/js\/adsbygoogle.js\"><\/script>\r\n<ins class=\"adsbygoogle\"\r\n     style=\"display:block\"\r\n     data-ad-format=\"fluid\"\r\n     data-ad-layout-key=\"-6t+ed+2i-1n-4w\"\r\n     data-ad-client=\"ca-pub-1959107119989764\"\r\n     data-ad-slot=\"4008251320\"><\/ins>\r\n<script>\r\n     (adsbygoogle = window.adsbygoogle || []).push({});\r\n<\/script><\/div>\n<p style=\"font-weight: 400;\">Hab\u00e1r az elm\u00falt \u00e9vek sor\u00e1n az ad\u00f3bevall\u00e1ssal kapcsolatos t\u00e1j\u00e9koztat\u00e1s sz\u00e9lesk\u00f6r\u0171bb lett, valamint a kapcsol\u00f3d\u00f3 folyamatok egyszer\u0171s\u00f6dtek, hasznos lehet a bevall\u00e1sk\u00e9sz\u00edt\u00e9s sor\u00e1n a bevall\u00e1si tervezettel, az ig\u00e9nybevehet\u0151 ad\u00f3kedvezm\u00e9nyekkel vagy \u00e9pp a nem munkaviszonyb\u00f3l sz\u00e1rmaz\u00f3 j\u00f6vedelmek ad\u00f3z\u00e1s\u00e1val kapcsolatban t\u00e1j\u00e9koz\u00f3dni.<\/p>\n<p style=\"font-weight: 400;\">A NAV minden \u00e9vben m\u00e1rcius 15-t\u0151l el\u00e9rhet\u0151v\u00e9 teszi a munk\u00e1ltat\u00f3, kifizet\u0151 \u00e1ltal megadott adatok alapj\u00e1n a szja-bevall\u00e1si tervezetet elektronikus fel\u00fclet\u00e9n a mag\u00e1nszem\u00e9lyeknek, mez\u0151gazdas\u00e1gi \u0151stermel\u0151knek, \u00e1fafizet\u00e9sre k\u00f6telezett mag\u00e1nszem\u00e9lyeknek \u00e9s egy\u00e9ni v\u00e1llalkoz\u00f3knak. (2023. \u00e9vi szja-bevall\u00e1s)<\/p>\n<p style=\"font-weight: 400;\">A mag\u00e1nszem\u00e9lyeknek, akiknek volt munkahely\u00fck \u00e9s kaptak munkab\u00e9rt, valamint a f\u0151\u00e1ll\u00e1s\u00fa kat\u00e1s egy\u00e9ni v\u00e1llalkoz\u00f3knak, akik m\u00e1s j\u00f6vedelmet nem szereztek 2023-ban, a tervezet 2024. m\u00e1jus 21-\u00e9n automatikusan bevall\u00e1ss\u00e1 v\u00e1lik k\u00fcl\u00f6n j\u00f3v\u00e1hagy\u00e1s n\u00e9lk\u00fcl, amennyiben azt nem \u00edrj\u00e1k fel\u00fcl, vagy nem ny\u00fajtanak be k\u00fcl\u00f6n szja-bevall\u00e1st. Az egy\u00e9ni v\u00e1llalkoz\u00f3knak, a mez\u0151gazdas\u00e1gi \u0151stermel\u0151knek, \u00e9s az \u00e1fafizet\u00e9sre k\u00f6telezetteknek nem v\u00e1lik automatikusan bevall\u00e1ss\u00e1 a tervezet\u00fck, nekik tov\u00e1bbra is \u00f6n\u00e1ll\u00f3an kell bevallaniuk a tev\u00e9kenys\u00e9gb\u0151l sz\u00e1rmaz\u00f3 j\u00f6vedelm\u00fcket, az ad\u00f3hivatal nyilv\u00e1ntart\u00e1s\u00e1ban nem szerepl\u0151 adatokkal kieg\u00e9sz\u00edtve.<\/p><div id=\"gazda-2456100725\" class=\"gazda-tartalomban gazda-entity-placement\"><script async src=\"https:\/\/pagead2.googlesyndication.com\/pagead\/js\/adsbygoogle.js\"><\/script>\r\n<ins class=\"adsbygoogle\"\r\n     style=\"display:block\"\r\n     data-ad-format=\"fluid\"\r\n     data-ad-layout-key=\"-6t+ed+2i-1n-4w\"\r\n     data-ad-client=\"ca-pub-1959107119989764\"\r\n     data-ad-slot=\"4008251320\"><\/ins>\r\n<script>\r\n     (adsbygoogle = window.adsbygoogle || []).push({});\r\n<\/script><\/div>\n<p>&nbsp;<\/p>\n<p style=\"font-weight: 400;\"><strong>Ig\u00e9nybe vehet\u0151 kedvezm\u00e9nyek (2023. \u00e9vi szja-bevall\u00e1sok)<\/strong><\/p>\n<p style=\"font-weight: 400;\"><strong>\u00a0<\/strong>A 2023-as ad\u00f3\u00e9vre (2023. \u00e9vi szja-bevall\u00e1s) vonatkoz\u00f3an tov\u00e1bbra is ig\u00e9nybe vehet\u0151k ad\u00f3alap-kedvezm\u00e9nyek, amelyeket meghat\u00e1rozott sorrendben kell \u00e9rv\u00e9nyes\u00edteni:<\/p>\n<ol style=\"font-weight: 400;\">\n<li>a n\u00e9gy vagy t\u00f6bb gyermeket nevel\u0151 any\u00e1k kedvezm\u00e9nye,<\/li>\n<li>25 \u00e9v alatti fiatalok kedvezm\u00e9nye<\/li>\n<li>30 \u00e9v alatti any\u00e1k kedvezm\u00e9nye<\/li>\n<li>szem\u00e9lyi kedvezm\u00e9ny,<\/li>\n<li>els\u0151 h\u00e1zasok kedvezm\u00e9nye,<\/li>\n<li>csal\u00e1di kedvezm\u00e9ny.<\/li>\n<\/ol>\n<p style=\"font-weight: 400;\"><a href=\"https:\/\/gazdasagportal.hu\/wp-content\/uploads\/2023\/06\/adovaltozasok-scaled.jpg\"><img decoding=\"async\" loading=\"lazy\" class=\"alignleft size-medium wp-image-143977\" src=\"https:\/\/gazdasagportal.hu\/wp-content\/uploads\/2023\/06\/adovaltozasok-300x200.jpg\" alt=\"2023. \u00e9vi szja-bevall\u00e1s\" width=\"300\" height=\"200\" srcset=\"https:\/\/gazdasagportal.hu\/wp-content\/uploads\/2023\/06\/adovaltozasok-300x200.jpg 300w, https:\/\/gazdasagportal.hu\/wp-content\/uploads\/2023\/06\/adovaltozasok-1024x683.jpg 1024w, https:\/\/gazdasagportal.hu\/wp-content\/uploads\/2023\/06\/adovaltozasok-768x512.jpg 768w, https:\/\/gazdasagportal.hu\/wp-content\/uploads\/2023\/06\/adovaltozasok-1536x1024.jpg 1536w, https:\/\/gazdasagportal.hu\/wp-content\/uploads\/2023\/06\/adovaltozasok-2048x1365.jpg 2048w\" sizes=\"(max-width: 300px) 100vw, 300px\" \/><\/a>A 2022-es ad\u00f3\u00e9vben bevezetett 25 \u00e9v alatti fiatalok kedvezm\u00e9nye ut\u00e1n, 2023. janu\u00e1r 1-t\u0151l \u00faj ad\u00f3alap-kedvezm\u00e9ny \u00e9rv\u00e9nyes\u00edthet\u0151, melyben a 25. \u00e9v\u00fcket bet\u00f6lt\u00f6tt 30 \u00e9v alatti any\u00e1k r\u00e9szes\u00fclhetnek. A kedvezm\u00e9nyre jogosult any\u00e1nak nem kell szem\u00e9lyi j\u00f6vedelemad\u00f3t fizetnie a kedvezm\u00e9ny havi \u00f6sszeg\u00e9ig a jogosults\u00e1g\u00e1nak id\u0151szak\u00e1ban, a t\u00f6rv\u00e9nyben meghat\u00e1rozott, \u00f6sszevont ad\u00f3alapba tartoz\u00f3 j\u00f6vedelmei ut\u00e1n. A 2023-as \u00e9v vonatkoz\u00e1s\u00e1ban ez minden jogosults\u00e1gi h\u00f3napban maximum 499.952 forint ad\u00f3alap-cs\u00f6kkent\u00e9st jelent, mely havonta 74.993 forint megtakar\u00edt\u00e1st eredm\u00e9nyez. \u00cdgy, eg\u00e9sz \u00e9vben fenn\u00e1ll\u00f3 jogosults\u00e1g eset\u00e9n ak\u00e1r 899.914 forint \u00f6sszeg\u0171 ad\u00f3visszat\u00e9r\u00edt\u00e9sben r\u00e9szes\u00fclhetnek az \u00e9rintett mag\u00e1nszem\u00e9lyek. Amennyiben valaki \u00e9v k\u00f6zben nem tett ad\u00f3el\u0151leg-nyilatkozatot a kedvezm\u00e9nyre val\u00f3 jogosults\u00e1g\u00e1r\u00f3l, az ad\u00f3visszat\u00e9r\u00edt\u00e9st az ad\u00f3bevall\u00e1s\u00e1ban ig\u00e9nyelheti.<\/p>\n<p style=\"font-weight: 400;\">Tekintettel arra, hogy a szem\u00e9lyi kedvezm\u00e9nyre jogos\u00edt\u00f3 betegs\u00e9gek list\u00e1ja folyamatosan b\u0151v\u00fcl, \u00e9rdemes minden \u00e9vben ellen\u0151rizni a jogszab\u00e1lyi v\u00e1ltoz\u00e1sokat, hiszen a 2023-as ad\u00f3\u00e9vre vonatkoz\u00f3an 139.140 forint megtakar\u00edt\u00e1st is jelenthet azoknak, akik olyan betegs\u00e9gben szenvednek, amely az szja k\u00f6telezetts\u00e9g szempontj\u00e1b\u00f3l s\u00falyos fogyat\u00e9koss\u00e1gnak min\u0151s\u00fcl. A kedvezm\u00e9nyre jogos\u00edthat t\u00f6bbek k\u00f6z\u00f6tt a glut\u00e9n- \u00e9s a lakt\u00f3z\u00e9rz\u00e9kenys\u00e9g is. Amennyiben az ad\u00f3\u00e9v eltelt\u00e9vel ut\u00f3lag ker\u00fcl meg\u00e1llap\u00edt\u00e1sra a kedvezm\u00e9nyre val\u00f3 jogosults\u00e1g, az orvosi igazol\u00e1son szerepl\u0151 kezd\u0151 napt\u00f3l az ad\u00f3kedvezm\u00e9ny visszamen\u0151leg, az ad\u00f3bevall\u00e1s \u00f6nellen\u0151rz\u00e9s\u00e9vel \u00e9rv\u00e9nyes\u00edthet\u0151 el\u00e9v\u00fcl\u00e9si id\u0151n, azaz 5 \u00e9ven bel\u00fcl. Tov\u00e1bb\u00e1, az el\u00e9v\u00fcl\u00e9si id\u0151n bel\u00fcl az \u00f6nk\u00e9ntes p\u00e9nzt\u00e1ri (pl. eg\u00e9szs\u00e9gp\u00e9nzt\u00e1r) befizet\u00e9sek ut\u00e1ni kedvezm\u00e9nyek is \u00e9rv\u00e9nyes\u00edthet\u0151k ut\u00f3lag, amennyiben a mag\u00e1nszem\u00e9ly elmulasztotta ad\u00f3bevall\u00e1s\u00e1ban jel\u00f6lni jogosults\u00e1g\u00e1t a kedvezm\u00e9nyre.<\/p>\n<p>&nbsp;<\/p>\n<p style=\"font-weight: 400;\"><strong>Egy\u00e9b bev\u00e9telek ad\u00f3z\u00e1sa (2023. \u00e9vi szja-bevall\u00e1sok)<\/strong><\/p>\n<p style=\"font-weight: 400;\"><strong>\u00a0<\/strong>Munkaviszonyuk mellett sokan jutnak bev\u00e9telhez egy\u00e9b forr\u00e1sokb\u00f3l, mint p\u00e9ld\u00e1ul ingatlan b\u00e9rbead\u00e1s\u00e1b\u00f3l. Egy\u00e9ni v\u00e1llalkoz\u00f3nak nem min\u0151s\u00fcl\u0151 mag\u00e1nszem\u00e9ly sz\u00e1ll\u00e1shely kiad\u00e1sa eset\u00e9n v\u00e1laszthatja a szob\u00e1nk\u00e9nt 38.400 Ft t\u00e9teles \u00e1tal\u00e1nyad\u00f3z\u00e1s lehet\u0151s\u00e9g\u00e9t, vagy hasonl\u00f3an az ingatlan-b\u00e9rbead\u00e1sb\u00f3l sz\u00e1rmaz\u00f3 j\u00f6vedelem eset\u00e9n az \u00f6n\u00e1ll\u00f3 tev\u00e9kenys\u00e9gre vonatkoz\u00f3 szab\u00e1lyok szerinti t\u00e9teles k\u00f6lts\u00e9gelsz\u00e1mol\u00e1st vagy 10%-os k\u00f6lts\u00e9gelsz\u00e1mol\u00e1st is. Ebben az esetben a mag\u00e1nszem\u00e9ly a k\u00f6lts\u00e9gek elsz\u00e1mol\u00e1s\u00e1t k\u00f6vet\u0151en fennmarad\u00f3 bev\u00e9telre sz\u00e1m\u00edtott 15% szem\u00e9lyi j\u00f6vedelemad\u00f3t minden negyed\u00e9vet k\u00f6vet\u0151 h\u00f3nap 12. napj\u00e1ig k\u00f6teles megfizeti, valamint az \u00e9ves szja-bevall\u00e1sban is felt\u00fcntetni.<\/p>\n<p style=\"font-weight: 400;\">Fontos, hogy a v\u00e1lasztott elsz\u00e1mol\u00e1si m\u00f3dot az adott ad\u00f3\u00e9vben valamennyi \u00f6n\u00e1ll\u00f3 tev\u00e9kenys\u00e9gb\u0151l sz\u00e1rmaz\u00f3 bev\u00e9telre azonosan kell alkalmazni. Amennyiben a mag\u00e1nszem\u00e9ly a <a href=\"https:\/\/gazdasagportal.hu\/\" target=\"_blank\" rel=\"noopener\">t\u00e9teles \u00e1tal\u00e1nyad\u00f3z\u00e1s<\/a>t v\u00e1lasztja, \u00fagy egy\u00e9b felmer\u00fcl\u0151 k\u00f6lts\u00e9get nem tud elsz\u00e1molni.<\/p>\n<p style=\"font-weight: 400;\">Az el\u0151z\u0151 ad\u00f3\u00e9vhez k\u00e9pest v\u00e1ltoz\u00e1s, hogy 2023. j\u00fanius 1-j\u00e9t k\u00f6vet\u0151en a kamatj\u00f6vedelmek ut\u00e1n, az eddigi 15% szem\u00e9lyi j\u00f6vedelemad\u00f3 mellett, 13% szoci\u00e1lis hozz\u00e1j\u00e1rul\u00e1si ad\u00f3t (szocho) is kell fizetni. Amennyiben a kamatj\u00f6vedelem kifizet\u0151t\u0151l sz\u00e1rmazik, a mag\u00e1nszem\u00e9lyt terhel\u0151 ad\u00f3k\u00f6telezetts\u00e9get a kifizet\u0151 \u00e1llap\u00edtja meg, vonja le \u00e9s vallja be a NAV-nak. Abban az esetben, ha kamatj\u00f6vedelem nem kifizet\u0151t\u0151l sz\u00e1rmazik, a kamatj\u00f6vedelmet terhel\u0151 szja \u00e9s szocho k\u00f6telezetts\u00e9get a mag\u00e1nszem\u00e9lynek kell meg\u00e1llap\u00edtania, befizetnie \u00e9s bevallania az \u00e9ves ad\u00f3bevall\u00e1sban. Ilyen eset lehet a k\u00fclf\u00f6ldr\u0151l sz\u00e1rmaz\u00f3 kamatj\u00f6vedelem.<\/p>\n<p style=\"font-weight: 400;\">Ha az ad\u00f3z\u00f3 b\u00e1rmilyen k\u00fclf\u00f6ldi befektet\u00e9sekb\u0151l sz\u00e1rmaz\u00f3 2023-ban megszerzett j\u00f6vedelemmel rendelkezik, fontos, hogy ezen j\u00f6vedelmek bevall\u00e1s\u00e1nak \u00e9s ad\u00f3z\u00e1s\u00e1nak vonatkoz\u00e1s\u00e1ban is k\u00f6r\u00fcltekint\u0151en j\u00e1rjon el, figyelve az aktu\u00e1lis szab\u00e1lyoz\u00e1sokat. Hiszen a NAV automatikus inform\u00e1ci\u00f3csere keret\u00e9ben a magyar mag\u00e1nszem\u00e9lyek k\u00fclf\u00f6ldi j\u00f6vedelmeir\u0151l most m\u00e1r rendszeresen kap adatot.<\/p>\n<p style=\"font-weight: 400;\"><em>\u201eAz ad\u00f3hat\u00f3s\u00e1g kiemelt figyelmet ford\u00edt annak ellen\u0151rz\u00e9s\u00e9re, hogy a k\u00fclf\u00f6ldr\u0151l sz\u00e1rmaz\u00f3 bev\u00e9telek megfelel\u0151en szerepelnek-e a mag\u00e1nszem\u00e9lyek ad\u00f3bevall\u00e1s\u00e1ban.\u00a0Abban az esetben, ha a bevall\u00e1sban egy\u00e1ltal\u00e1n nem, vagy csak r\u00e9szben szerepelnek a k\u00fclf\u00f6ldr\u0151l sz\u00e1rmaz\u00f3 j\u00f6vedelmek, \u00fagy a NAV jogk\u00f6vet\u00e9si vizsg\u00e1latot, de ak\u00e1r ad\u00f3ellen\u0151rz\u00e9st is ind\u00edthat a mag\u00e1nszem\u00e9lyekkel szemben\u201d\u00a0<\/em>\u2013 h\u00edvta fel a figyelmet Baranyi G\u00e1bor, a Deloitte ad\u00f3oszt\u00e1ly\u00e1nak partnere.<\/p>\n<p>&nbsp;<\/p>\n<p style=\"font-weight: 400;\"><strong>Kriptoeszk\u00f6z\u00f6k a bevall\u00e1sban (2023. \u00e9vi szja-bevall\u00e1sok)<\/strong><\/p>\n<p style=\"font-weight: 400;\"><strong>\u00a0<\/strong>Azoknak a mag\u00e1nszem\u00e9lyeknek, akiknek 2023-ban keletkezett j\u00f6vedelme kriptoeszk\u00f6zzel v\u00e9grehajtott \u00fcgyletb\u0151l, a 2022. janu\u00e1r 1-t\u0151l hat\u00e1lyos szab\u00e1lyok szerint kell a kriptoeszk\u00f6z\u00f6k \u00e1truh\u00e1z\u00e1s\u00e1b\u00f3l, \u00e1tenged\u00e9s\u00e9b\u0151l sz\u00e1rmaz\u00f3 j\u00f6vedelmeket meg\u00e1llap\u00edtani \u00e9s az ad\u00f3t megfizetni. Ha az ad\u00f3\u00e9vben vesztes\u00e9ge vagy r\u00e1ford\u00edt\u00e1sa volt a mag\u00e1nszem\u00e9lynek, akkor is \u00e9rdemes ezeket a bevall\u00e1sban felt\u00fcntetni, mivel a szab\u00e1lyoz\u00e1s \u00e9rtelm\u00e9ben, a t\u00e1rgy\u00e9vi igazolt k\u00f6lts\u00e9geket el lehet sz\u00e1molni \u00e9s alkalmazhat\u00f3 ad\u00f3kiegyenl\u00edt\u00e9s is. A j\u00f6vedelem ut\u00e1n pedig 15% szja-t kell fizetni. Ad\u00f3k\u00f6teles \u00fcgylet csak akkor keletkezik, ha a kriptoeszk\u00f6z kiker\u00fcl a \u201ckriptovil\u00e1gb\u00f3l\u201d, ameddig a kriptoeszk\u00f6z kriptoeszk\u00f6zre ker\u00fcl \u00e1tv\u00e1lt\u00e1sra, az \u00fcgylet ad\u00f3mentes.<\/p>\n<p style=\"font-weight: 400;\"><strong>\u00a0<\/strong><strong>\u00a0<\/strong><\/p>\n<p style=\"font-weight: 400;\"><strong>K\u00f6nny\u00edt\u00e9sek is k\u00e9rhet\u0151k (2023. \u00e9vi szja-bevall\u00e1sok)<\/strong><\/p>\n<p style=\"font-weight: 400;\"><strong>\u00a0<\/strong>Tov\u00e1bbra is lehet\u0151s\u00e9g\u00fck van a m\u00e1r kor\u00e1bban elfogadott \u00e9s hat\u00e1lyban l\u00e9v\u0151 jogszab\u00e1lyok \u00e1ltal k\u00edn\u00e1lt k\u00f6nny\u00edt\u00e9si lehet\u0151s\u00e9gek ig\u00e9nybev\u00e9tel\u00e9hez azoknak a mag\u00e1nszem\u00e9lyeknek, akik ad\u00f3bevall\u00e1suk elk\u00e9sz\u00edt\u00e9s\u00e9vel, az ad\u00f3k\u00f6telezetts\u00e9g megfizet\u00e9s\u00e9vel neh\u00e9zs\u00e9gbe \u00fctk\u00f6znek. Bizonyos esetekben az szja-bevall\u00e1s beny\u00fajt\u00e1s\u00e1nak k\u00e9sedelm\u00e9vel, valamint az esetleges b\u00edrs\u00e1gok, p\u00f3tl\u00e9kok megfizet\u00e9s\u00e9vel kapcsolatban a mag\u00e1nszem\u00e9lyeknek lehet\u0151s\u00e9g\u00fck van kiment\u00e9si lehet\u0151s\u00e9ggel \u00e9lni.<\/p>\n<p style=\"font-weight: 400;\">Az szja t\u00f6rv\u00e9ny \u00e9s az ad\u00f3igazgat\u00e1si rendtart\u00e1sr\u00f3l sz\u00f3l\u00f3 t\u00f6rv\u00e9ny lehet\u0151s\u00e9get biztos\u00edt igazol\u00e1si k\u00e9relem beny\u00fajt\u00e1s\u00e1ra, amennyiben a (nem \u00c1FA k\u00f6teles) mag\u00e1nszem\u00e9lynek az szja-bevall\u00e1s elk\u00e9sz\u00edt\u00e9s\u00e9hez, az ad\u00f3bevall\u00e1si tervezet adatainak fel\u00fclvizsg\u00e1lat\u00e1hoz sz\u00fcks\u00e9ges iratok, igazol\u00e1sok \u00f6nhib\u00e1j\u00e1n k\u00edv\u00fcl nem \u00e1llnak a rendelkez\u00e9s\u00e9re \u00e9s emiatt el\u0151rel\u00e1that\u00f3lag nem tudja bevall\u00e1s\u00e1t hat\u00e1rid\u0151ben beny\u00fajtani, a tervezetet fel\u00fclvizsg\u00e1lni. Fontos, hogy a bevall\u00e1s beny\u00fajt\u00e1s\u00e1nak k\u00e9sedelm\u00e9r\u0151l a beny\u00fajt\u00e1sra el\u0151\u00edrt hat\u00e1rid\u0151n bel\u00fcl sz\u00fcks\u00e9ges a bejelent\u00e9st megtenni a NAV fel\u00e9, azaz m\u00e1jus 21. el\u0151tt. Az igazol\u00e1si k\u00e9relemr\u0151l az ad\u00f3hivatal egyedileg d\u00f6nt, azonban a k\u00e9relem nem utas\u00edthat\u00f3 el, ha a mag\u00e1nszem\u00e9ly k\u00fclf\u00f6ldr\u0151l sz\u00e1rmaz\u00f3 j\u00f6vedelemmel is rendelkezik \u00e9s a mulaszt\u00e1st azzal menti ki, hogy az ad\u00f3k\u00f6telezetts\u00e9g meg\u00e1llap\u00edt\u00e1s\u00e1hoz nemzetk\u00f6zi egyezm\u00e9ny, viszonoss\u00e1g, vagy k\u00fclf\u00f6ldi ad\u00f3jog vizsg\u00e1lata sz\u00fcks\u00e9ges.\u00a0 Amennyiben a mag\u00e1nszem\u00e9ly az szja-bevall\u00e1s k\u00e9sedelmes beny\u00fajt\u00e1s\u00e1ra vonatkoz\u00f3 bejelent\u00e9st tesz, a bevall\u00e1si k\u00e9sedelem miatt mulaszt\u00e1si b\u00edrs\u00e1g a bevall\u00e1s napt\u00e1ri \u00e9v\u00e9nek november 20. napj\u00e1ig nem szabhat\u00f3 ki, kiv\u00e9ve, ha az ad\u00f3z\u00f3 bevall\u00e1s\u00e1t november 20-a el\u0151tt ny\u00fajtja be \u00e9s k\u00e9sedelm\u00e9t igazoltan nem menti ki.<\/p>\n<p style=\"font-weight: 400;\">Abban az esetben, ha a mag\u00e1nszem\u00e9lynek az szja-bevall\u00e1s beny\u00fajt\u00e1s\u00e1val egyidej\u0171leg ad\u00f3fizet\u00e9si k\u00f6telezetts\u00e9ge is keletkezik, k\u00e9sedelmes fizet\u00e9s eset\u00e9n nem kell k\u00e9sedelmi p\u00f3tl\u00e9kot fizetnie arra az id\u0151szakra, amelyre a k\u00e9sedelm\u00e9t igazolta. Az igazol\u00e1snak csak abban az esetben van helye, ha a k\u00e9sedelmet elh\u00e1r\u00edthatatlan k\u00fcls\u0151 ok (vis maior) id\u00e9zte el\u0151.<\/p>\n<p style=\"font-weight: 400;\">A fizet\u00e9si kedvezm\u00e9nnyel kapcsolatos k\u00e9relem beny\u00fajthat\u00f3 elektronikusan vagy pap\u00edr alapon postai \u00faton az ad\u00f3hivatal fel\u00e9. Fontos, hogy a m\u00e9rs\u00e9kl\u00e9s vagy elenged\u00e9s csak lej\u00e1rt esed\u00e9kess\u00e9g\u0171, ki nem egyenl\u00edtett tartoz\u00e1sra enged\u00e9lyezhet\u0151 \u00e9s mag\u00e1nszem\u00e9lyek eset\u00e9n felt\u00e9tel a meg\u00e9lhet\u00e9s vesz\u00e9lyeztetetts\u00e9ge. Amennyiben a mag\u00e1nszem\u00e9ly fizet\u00e9si k\u00f6nny\u00edt\u00e9st, azaz r\u00e9szletfizet\u00e9st vagy halaszt\u00e1st k\u00e9rv\u00e9nyez, felt\u00e9tel az \u00e1tmeneti fizet\u00e9si neh\u00e9zs\u00e9g fenn\u00e1ll\u00e1sa.<\/p>\n<p style=\"font-weight: 400;\"><strong>\u00a0<\/strong><\/p>\n<h4>A Deloitte-r\u00f3l<\/h4>\n<p style=\"font-weight: 400;\">A Deloitte sz\u00e1mos ipar\u00e1gban ny\u00fajt k\u00f6nyvvizsg\u00e1lati, valamint ad\u00f3- \u00e9s egy\u00e9b tan\u00e1csad\u00e1si, tov\u00e1bb\u00e1 jogi szolg\u00e1ltat\u00e1sokat (\u00fcgyfeleinknek egy\u00fcttm\u0171k\u00f6d\u0151 \u00fcgyv\u00e9di irod\u00e1nk, a Deloitte Legal G\u00f6nd\u00f6cz \u00e9s T\u00e1rsai \u00dcgyv\u00e9di Iroda ny\u00fajtja a jogi tan\u00e1csad\u00e1si szolg\u00e1ltat\u00e1sokat) \u00e1llami \u00e9s mag\u00e1nc\u00e9gek r\u00e9sz\u00e9re egyar\u00e1nt. T\u00f6bb mint 150 orsz\u00e1gban jelen l\u00e9v\u0151 h\u00e1l\u00f3zat\u00e1n kereszt\u00fcl a Deloitte vil\u00e1gsz\u00ednvonal\u00fa szak\u00e9rtelm\u00e9vel \u00e9s min\u0151s\u00e9gi szolg\u00e1ltat\u00e1saival seg\u00edti \u00fcgyfeleit abban, hogy megfeleljenek az el\u0151tt\u00fck \u00e1ll\u00f3 \u00fczleti kih\u00edv\u00e1soknak. A Deloitte mintegy 312 000 szak\u00e9rt\u0151je egyt\u0151l egyig arra t\u00f6rekszik, hogy a kiv\u00e1l\u00f3s\u00e1g m\u00e9rc\u00e9j\u00e9v\u00e9 v\u00e1ljon.<\/p>\n<p style=\"font-weight: 400;\">A Deloitte n\u00e9v az Egyes\u00fclt Kir\u00e1lys\u00e1gban \u201ccompany limited by guarantee\u201d form\u00e1ban alap\u00edtott Deloitte Touche Tohmatsu Limited t\u00e1rsas\u00e1gra \u00e9s tagv\u00e1llalatainak h\u00e1l\u00f3zat\u00e1ra utal, melyek mindegyike \u00f6n\u00e1ll\u00f3, egym\u00e1st\u00f3l elk\u00fcl\u00f6n\u00fcl\u0151 jogi szem\u00e9ly. A Deloitte Touche Tohmatsu Limited \u00e9s tagv\u00e1llalatai jogi strukt\u00far\u00e1j\u00e1nak r\u00e9szletes bemutat\u00e1s\u00e1t a k\u00f6vetkez\u0151 link alatt tal\u00e1lja:\u00a0<a href=\"http:\/\/www.deloitte.com\/hu\/magunkrol\" data-saferedirecturl=\"https:\/\/www.google.com\/url?q=http:\/\/www.deloitte.com\/hu\/magunkrol&amp;source=gmail&amp;ust=1715259418414000&amp;usg=AOvVaw1ahinTT6O8yWjHrFzF4ujE\" target=\"_blank\" rel=\"noopener\">www.deloitte.com\/hu\/magunkrol<\/a>.<\/p>\n<p>&nbsp;<\/p>\n<h3><a href=\"https:\/\/kvizportal.hu\/\" target=\"_blank\" rel=\"noopener\">Kv\u00edz<\/a>:<\/h3>\n<h5><span style=\"font-size: small;\">Itt van n\u00e9h\u00e1ny \u00e9rdekes teszt: <a href=\"https:\/\/kvizportal.hu\/muveltsegi-kviz-frissito-teszt-meg-sem-kottyan-6430\/\" target=\"_blank\" rel=\"noopener\">Ez a friss\u00edt\u0151 teszt meg sem kottyan majd (698)<\/a> vagy <a href=\"https:\/\/kvizportal.hu\/agykarbantarto-kviz-nyolc-kattintas-mosoly-6430\/\" target=\"_blank\" rel=\"noopener\">Nyolc j\u00f3 kattint\u00e1s \u00e9s egy kis mosoly (415)<\/a> vagy <a href=\"https:\/\/kvizportal.hu\/elmeparbaj-kviz-neked-csinaltuk-6430\/\" target=\"_blank\" rel=\"noopener\">Ezt az \u00e9rdekes kv\u00edzt neked csin\u00e1ltuk (738)<\/a> vagy <a href=\"https:\/\/kvizportal.hu\/nyolc-pontos-kviz-le-a-kalappal-6430\/\" target=\"_blank\" rel=\"noopener\">Le a kalappal, ha j\u00f3l siker\u00fcl (999)<\/a> vagy <a href=\"https:\/\/kvizportal.hu\/muveltsegi-kviz-izgalmas-kihivas-6430\/\" target=\"_blank\" rel=\"noopener\">Egy kis izgalmas kih\u00edv\u00e1s mindenkinek (854)<\/a><\/span><\/h5>\n","protected":false},"excerpt":{"rendered":"<p>A 2023. \u00e9vi szja-bevall\u00e1s beny\u00fajt\u00e1s\u00e1ra m\u00e1r csak egy sz\u0171k h\u00f3nap \u00e1ll a mag\u00e1nszem\u00e9lyek rendelkez\u00e9s\u00e9re, ugyanis ennek hat\u00e1rideje 2024. m\u00e1jus 21. \u00a0Fontos kiemelni, hogy az \u00f6sszevont ad\u00f3alap ut\u00e1n befizetett j\u00f6vedelemad\u00f3 1+1%-\u00e1nak felaj\u00e1nl\u00e1s\u00e1ra is csak az eml\u00edtett hat\u00e1rid\u0151ig van lehet\u0151s\u00e9g, ez viszont t\u00f6rt\u00e9nhet elektronikusan vagy pap\u00edr alapon, f\u00fcggetlen\u00fcl a bevall\u00e1s beny\u00fajt\u00e1s\u00e1nak m\u00f3dj\u00e1t\u00f3l.<\/p>\n","protected":false},"author":1001010,"featured_media":143977,"comment_status":"open","ping_status":"open","sticky":false,"template":"","format":"standard","meta":[],"categories":[436,19],"tags":[],"_links":{"self":[{"href":"https:\/\/gazdasagportal.hu\/index.php\/wp-json\/wp\/v2\/posts\/146151"}],"collection":[{"href":"https:\/\/gazdasagportal.hu\/index.php\/wp-json\/wp\/v2\/posts"}],"about":[{"href":"https:\/\/gazdasagportal.hu\/index.php\/wp-json\/wp\/v2\/types\/post"}],"author":[{"embeddable":true,"href":"https:\/\/gazdasagportal.hu\/index.php\/wp-json\/wp\/v2\/users\/1001010"}],"replies":[{"embeddable":true,"href":"https:\/\/gazdasagportal.hu\/index.php\/wp-json\/wp\/v2\/comments?post=146151"}],"version-history":[{"count":2,"href":"https:\/\/gazdasagportal.hu\/index.php\/wp-json\/wp\/v2\/posts\/146151\/revisions"}],"predecessor-version":[{"id":146153,"href":"https:\/\/gazdasagportal.hu\/index.php\/wp-json\/wp\/v2\/posts\/146151\/revisions\/146153"}],"wp:featuredmedia":[{"embeddable":true,"href":"https:\/\/gazdasagportal.hu\/index.php\/wp-json\/wp\/v2\/media\/143977"}],"wp:attachment":[{"href":"https:\/\/gazdasagportal.hu\/index.php\/wp-json\/wp\/v2\/media?parent=146151"}],"wp:term":[{"taxonomy":"category","embeddable":true,"href":"https:\/\/gazdasagportal.hu\/index.php\/wp-json\/wp\/v2\/categories?post=146151"},{"taxonomy":"post_tag","embeddable":true,"href":"https:\/\/gazdasagportal.hu\/index.php\/wp-json\/wp\/v2\/tags?post=146151"}],"curies":[{"name":"wp","href":"https:\/\/api.w.org\/{rel}","templated":true}]}}