{"id":145906,"date":"2024-04-11T09:45:09","date_gmt":"2024-04-11T08:45:09","guid":{"rendered":"https:\/\/gazdasagportal.hu\/?p=145906"},"modified":"2024-04-11T09:45:20","modified_gmt":"2024-04-11T08:45:20","slug":"auto-legtobb-baleset","status":"publish","type":"post","link":"https:\/\/gazdasagportal.hu\/index.php\/auto-legtobb-baleset\/","title":{"rendered":"Ezeket az aut\u00f3kat \u00e9ri a legt\u00f6bb baleset egy tanulm\u00e1ny szerint Magyarorsz\u00e1gon"},"content":{"rendered":"<h2><span style=\"font-size: medium;\">A carVertical aut\u00f3ipari adatszolg\u00e1ltat\u00f3 friss tanulm\u00e1nya felt\u00e1rta, hogy melyik aut\u00f3m\u00e1rk\u00e1t \u00e9ri a legt\u00f6bb s\u00e9r\u00fcl\u00e9s Magyarorsz\u00e1gon: a lista \u00e9l\u00e9n a BMW j\u00e1rm\u0171vek \u00e1llnak. Ez hasonl\u00f3 a t\u00f6bbi orsz\u00e1g trendj\u00e9re is, azaz a BMW a legink\u00e1bb s\u00e9r\u00fclt m\u00e1rka vil\u00e1gszerte. A spektrum m\u00e1sik v\u00e9g\u00e9n a Fiat \u00e1ll, amelyet haz\u00e1nkban a legkev\u00e9sb\u00e9 \u00e9rnek k\u00f6z\u00fati balesetek. 2023 k\u00e1radatainak tanulm\u00e1nyoz\u00e1sa alapj\u00e1n a kutat\u00e1s azt is felt\u00e1rta, hogy a Mercedes-Benz, a Kia \u00e9s az Audi rendelkezik a legmagasabb k\u00e1r\u00e9rt\u00e9kkel.<\/span><\/h2>\n<p><!--more--><\/p>\n<div class=\"ads-in-post2\"><script async src=\"https:\/\/pagead2.googlesyndication.com\/pagead\/js\/adsbygoogle.js\"><\/script>\r\n<ins class=\"adsbygoogle\"\r\n     style=\"display:block\"\r\n     data-ad-format=\"fluid\"\r\n     data-ad-layout-key=\"-6t+ed+2i-1n-4w\"\r\n     data-ad-client=\"ca-pub-1959107119989764\"\r\n     data-ad-slot=\"4008251320\"><\/ins>\r\n<script>\r\n     (adsbygoogle = window.adsbygoogle || []).push({});\r\n<\/script><\/div>\n<h3>5 BMW-b\u0151l 4 szenvedett m\u00e1r balesetet<\/h3>\n<p><a href=\"https:\/\/carvertical.com\/hu\" target=\"_blank\" rel=\"noopener\">A carVerticalon <\/a>ellen\u0151rz\u00f6tt BMW-k 73,9%-\u00e1t \u00e9rte m\u00e1r s\u00e9r\u00fcl\u00e9s. A Skod\u00e1k (69,5%), a Volv\u00f3k (68%), a Fordok (62,6%) \u00e9s a Hyundai-ok (62%) is gyakran megs\u00e9r\u00fclnek, ami azt sugallja, hogy a vev\u0151knek el\u0151vigy\u00e1zatosnak kell lenni\u00fck ezen haszn\u00e1ltaut\u00f3k v\u00e1s\u00e1rl\u00e1sakor.<\/p>\n<p>A BMW nemcsak Magyarorsz\u00e1gon, hanem a <a href=\"https:\/\/www.carvertical.com\/blog\/most-damaged-cars\" target=\"_blank\" rel=\"noopener\">vil\u00e1g sz\u00e1mos<\/a> m\u00e1s orsz\u00e1g\u00e1ban is a legink\u00e1bb s\u00e9r\u00fclt j\u00e1rm\u0171vek list\u00e1j\u00e1nak \u00e9l\u00e9n \u00e1ll.<\/p>\n<p>\u201eA BMW nagyon keresett aut\u00f3m\u00e1rka, de annak ellen\u00e9re, hogy felkapott j\u00e1rm\u0171gy\u00e1rt\u00f3, a r\u00e9gebbi \u00e9s megfizethet\u0151bb modelleket gyakran fiatal \u00e9s tapasztalatlan sof\u0151r\u00f6k v\u00e1s\u00e1rolj\u00e1k. Emellett a biztos\u00edt\u00f3t\u00e1rsas\u00e1gok szerint a BMW sof\u0151rjei hajlamosabbak a kock\u00e1zatv\u00e1llal\u00e1sra vezet\u00e9s k\u00f6zben. \u00cdgy nem csoda, hogy a BMW \u00e1ll azon aut\u00f3m\u00e1rk\u00e1k list\u00e1j\u00e1nak az \u00e9l\u00e9n, amelyeket a leggyakrabban \u00e9r k\u00e1resem\u00e9ny\u201d \u2013 magyar\u00e1zza Matas Buzelis, aut\u00f3ipari szak\u00e9rt\u0151, a carVertical kommunik\u00e1ci\u00f3s vezet\u0151je.<\/p><div id=\"gazda-43823892\" class=\"gazda-tartalomban gazda-entity-placement\"><script async src=\"https:\/\/pagead2.googlesyndication.com\/pagead\/js\/adsbygoogle.js\"><\/script>\r\n<ins class=\"adsbygoogle\"\r\n     style=\"display:block\"\r\n     data-ad-format=\"fluid\"\r\n     data-ad-layout-key=\"-6t+ed+2i-1n-4w\"\r\n     data-ad-client=\"ca-pub-1959107119989764\"\r\n     data-ad-slot=\"4008251320\"><\/ins>\r\n<script>\r\n     (adsbygoogle = window.adsbygoogle || []).push({});\r\n<\/script><\/div>\n<p>Azok az kocsik, amelyek a m\u00faltban s\u00falyosan megs\u00e9r\u00fcltek, \u00e9rz\u00e9kenyebbek lehetnek az alkalmi meghib\u00e1sod\u00e1sokra, \u00e9s alapos jav\u00edt\u00e1st ig\u00e9nyelnek. Arr\u00f3l nem is besz\u00e9lve, hogy bizonyos esetekben a biztons\u00e1gukra is hat\u00e1ssal lehet egy m\u00faltbeli baleset. Egy j\u00e1rm\u0171 t\u00f6rt\u00e9net\u00e9nek online felt\u00e1r\u00e1sa cs\u00f6kkenti egy rossz v\u00e9tel val\u00f3sz\u00edn\u0171s\u00e9g\u00e9t, ami azt\u00e1n gyorsan elnyelheti a p\u00e9nz\u00fcnket.<\/p>\n<p>Az aut\u00f3tulajdonosoknak az\u00e9rt is ellen\u0151rizni\u00fck kellene j\u00e1rm\u0171veik t\u00f6rt\u00e9net\u00e9t, hogy megtudj\u00e1k, nincs-e az aut\u00f3n olyan rejtett s\u00e9r\u00fcl\u00e9s, amelyet alaposan ki kell vizsg\u00e1lnia egy szerel\u0151nek. Sokkal egyszer\u0171bb eladni egy aut\u00f3t tiszta t\u00f6rt\u00e9neti jelent\u00e9ssel \u00e9s \u00fagy t\u00e1rgyalni a vev\u0151kkel.<\/p>\n<p>Magyarorsz\u00e1gon a Fiat-\u00f3k s\u00e9r\u00fclnek meg a legkev\u00e9sb\u00e9 \u2013 a carVerticalon ellen\u0151rz\u00f6tt Fiat j\u00e1rm\u0171vek mind\u00f6ssze 41,8%-\u00e1nak volt valamilyen s\u00e9r\u00fcl\u00e9se. Nem sokkal marad el t\u0151le az Opel (47,7%), a Nissan (48,07%), a Renault (48,14%) \u00e9s a Mazda (48,8%) sem.<\/p>\n<h3><\/h3>\n<h3>Egyes kocsikat gyakrabban \u00e9ri k\u00e1r<\/h3>\n<p>Ami a k\u00e1rfeljegyz\u00e9seket illeti, n\u00e9h\u00e1ny j\u00e1rm\u0171m\u00e1rka magyarorsz\u00e1gi el\u0151zm\u00e9nyjelent\u00e9s\u00e9ben t\u00f6bb incidens is szerepel. A carVerticalon ellen\u0151rz\u00f6tt \u00e1tlagos BMW 2,2 k\u00e1rrekordot mutatott, ezt k\u00f6veti a Volvo (2,1), a Skoda (2), a Honda (2) \u00e9s az Audi (1,97).<\/p>\n<p>\u201eTeljesen \u00e1tlagos, hogy egy aut\u00f3 5 \u00e9vente egyszer balesetet szenved. A balesetek sz\u00e1ma a futott kilom\u00e9terrel is \u00f6sszef\u00fcgghet. A t\u00f6bbsz\u00f6r\u00f6sen s\u00falyos k\u00e1rokat szenvedett j\u00e1rm\u0171vek tulajdonl\u00e1sa vagy karbantart\u00e1sa azonban gyakran probl\u00e9m\u00e1s. Meglep\u0151 m\u00f3don a carVertical azt tal\u00e1lta, hogy id\u00e9n a legt\u00f6bb k\u00e1resem\u00e9ny egy Volkswagen Passatn\u00e1l t\u00f6rt\u00e9nt. Ennek a j\u00e1rm\u0171nek a jelent\u00e9s\u00e9ben 32 k\u00e1reset szerepelt\u201d \u2013 mondja Buzelis.<\/p>\n<p>A legkevesebb baleset a Fiat j\u00e1rm\u0171veket \u00e9ri \u2013 egy \u00e1tlagos Fiat modell 1,68 s\u00e9r\u00fcl\u00e9st szenvedett a carVertical adatai szerint, a Renault-n\u00e1l ez a sz\u00e1m 1,74, a Ki\u00e1n\u00e1l \u00e9s a Citroenn\u00e9l 1,76, a Nissann\u00e1l pedig 1,78.<\/p>\n<p>Ezek a gy\u00e1rt\u00f3k olyan <a href=\"https:\/\/gazdasagportal.hu\/\" target=\"_blank\" rel=\"noopener\">gazdas\u00e1g<\/a>os aut\u00f3k gy\u00e1rt\u00e1s\u00e1ra helyezik a hangs\u00falyt, amelyeket a sebess\u00e9grajong\u00f3k jellemz\u0151en elker\u00fclnek, \u00edgy ezek a j\u00e1rm\u0171vek ritk\u00e1bban szenvednek balesetet.<\/p>\n<h3><\/h3>\n<h3>A Mercedes-Benz, a Kia \u00e9s az Audi aut\u00f3k rekordokat d\u00f6ntenek a legdr\u00e1g\u00e1bb k\u00e1rok tekintet\u00e9ben Magyarorsz\u00e1gon<\/h3>\n<p>A fels\u0151bb kateg\u00f3ri\u00e1s j\u00e1rm\u0171vek k\u00e1rk\u00f6lts\u00e9ge viszonylag magas Magyarorsz\u00e1gon:<\/p>\n<p>Mercedes-Benz \u2013 1 276 734 Ft, Kia \u2013 1 164 920 Ft, Audi \u2013 1 150 088 Ft. B\u00e1r egy kisebb \u00fct\u00e9s miatt nem kell agg\u00f3dni, amikor aut\u00f3t sz\u00e1nd\u00e9kozunk v\u00e1s\u00e1rolni, a nagyobb k\u00e1rokat fontos megbesz\u00e9lni egy hozz\u00e1\u00e9rt\u0151 szerel\u0151vel, hogy elker\u00fclj\u00fck a j\u00f6v\u0151beni probl\u00e9m\u00e1kat.<\/p>\n<p>A pr\u00e9mium j\u00e1rm\u0171m\u00e1rk\u00e1k jellemz\u0151en magasabb \u00e1tlagos k\u00e1r\u00e9rt\u00e9kkel rendelkeznek, mint a gazdas\u00e1gos aut\u00f3k, \u00edgy a kisebb k\u00e1rok jav\u00edt\u00e1sa is ak\u00e1r t\u00f6bb ezer eur\u00f3ba ker\u00fclhet.<\/p>\n<p>A j\u00e1rm\u0171 m\u00e1rk\u00e1j\u00e1t\u00f3l f\u00fcgg\u0151en ugyanazon k\u00e1rok jav\u00edt\u00e1sa elt\u00e9r\u0151 k\u00f6lts\u00e9ggel j\u00e1rhat. A Dodge-ok a legmagasabb \u00e1tlagos k\u00e1r\u00e9rt\u00e9kkel rendelkeznek vil\u00e1gszerte (2 260 230 Ft), ezt k\u00f6veti a Porsche (1 990 675 Ft) \u00e9s a Tesla (1 861 410 Ft).<\/p>\n<h3><\/h3>\n<h3>M\u00f3dszertan<\/h3>\n<p>A carVertical kutat\u00e1sa a v\u00e1llalat felhaszn\u00e1l\u00f3i \u00e1ltal 2022 \u00e9s 2023 okt\u00f3bere k\u00f6z\u00f6tt beszerzett t\u00e9nyleges aut\u00f3t\u00f6rt\u00e9neti jelent\u00e9seket vizsg\u00e1lta. Az ezekben szerepl\u0151 k\u00e1rokat m\u00e1rk\u00e1nk\u00e9nt \u00f6sszes\u00edtette, elemezte, sz\u00e1zal\u00e9kolta \u00e9s rangsorolta. A t\u00f6rt\u00e9net-ellen\u0151rz\u00e9sek milli\u00f3inak feldolgoz\u00e1sa lehet\u0151v\u00e9 teszi a v\u00e1llalat sz\u00e1m\u00e1ra, hogy betekint\u00e9st nyerjen a haszn\u00e1lt aut\u00f3k piac\u00e1nak trendjeibe, \u00f6sszef\u00fcgg\u00e9seibe \u00e9s el\u0151rejelz\u00e9seibe.<\/p>\n<h4><a href=\"https:\/\/kvizportal.hu\/\" target=\"_blank\" rel=\"noopener\">Kv\u00edz<\/a>:<\/h4>\n<h5><span style=\"font-size: small;\">Itt van n\u00e9h\u00e1ny \u00e9rdekes teszt: <a href=\"https:\/\/kvizportal.hu\/agytorna-kviz-nyolc-kattintas-mosoly-6328\/\" target=\"_blank\" rel=\"noopener\">Nyolc j\u00f3 kattint\u00e1s \u00e9s egy kis mosoly (544)<\/a> vagy <a href=\"https:\/\/kvizportal.hu\/tudasproba-kviz-nyolc-valasz-es-mosoly-6328\/\" target=\"_blank\" rel=\"noopener\">Nyolc j\u00f3 v\u00e1lasz \u00e9s egy kis mosoly (431)<\/a> vagy <a href=\"https:\/\/kvizportal.hu\/agykarbantarto-kviz-jatszd-le-ezt-a-quizt-6328\/\" target=\"_blank\" rel=\"noopener\">Van p\u00e1r perced? J\u00e1tszd le ezt az izgalmas quizt (595)<\/a> vagy <a href=\"https:\/\/kvizportal.hu\/kvizkerdes-csokor-frissito-teszt-6328\/\" target=\"_blank\" rel=\"noopener\">Ez a friss\u00edt\u0151 teszt meg sem kottyan majd (592)<\/a>\u00a0<\/span><\/h5>\n","protected":false},"excerpt":{"rendered":"<p>A carVertical aut\u00f3ipari adatszolg\u00e1ltat\u00f3 friss tanulm\u00e1nya felt\u00e1rta, hogy melyik aut\u00f3m\u00e1rk\u00e1t \u00e9ri a legt\u00f6bb s\u00e9r\u00fcl\u00e9s Magyarorsz\u00e1gon: a lista \u00e9l\u00e9n a BMW j\u00e1rm\u0171vek \u00e1llnak. Ez hasonl\u00f3 a t\u00f6bbi orsz\u00e1g trendj\u00e9re is, azaz a BMW a legink\u00e1bb s\u00e9r\u00fclt m\u00e1rka vil\u00e1gszerte. A spektrum m\u00e1sik v\u00e9g\u00e9n a Fiat \u00e1ll, amelyet haz\u00e1nkban a legkev\u00e9sb\u00e9 \u00e9rnek k\u00f6z\u00fati balesetek. 2023 k\u00e1radatainak tanulm\u00e1nyoz\u00e1sa alapj\u00e1n &#8230;<\/p>\n","protected":false},"author":1001010,"featured_media":145907,"comment_status":"open","ping_status":"open","sticky":false,"template":"","format":"standard","meta":[],"categories":[436,19],"tags":[],"_links":{"self":[{"href":"https:\/\/gazdasagportal.hu\/index.php\/wp-json\/wp\/v2\/posts\/145906"}],"collection":[{"href":"https:\/\/gazdasagportal.hu\/index.php\/wp-json\/wp\/v2\/posts"}],"about":[{"href":"https:\/\/gazdasagportal.hu\/index.php\/wp-json\/wp\/v2\/types\/post"}],"author":[{"embeddable":true,"href":"https:\/\/gazdasagportal.hu\/index.php\/wp-json\/wp\/v2\/users\/1001010"}],"replies":[{"embeddable":true,"href":"https:\/\/gazdasagportal.hu\/index.php\/wp-json\/wp\/v2\/comments?post=145906"}],"version-history":[{"count":2,"href":"https:\/\/gazdasagportal.hu\/index.php\/wp-json\/wp\/v2\/posts\/145906\/revisions"}],"predecessor-version":[{"id":145909,"href":"https:\/\/gazdasagportal.hu\/index.php\/wp-json\/wp\/v2\/posts\/145906\/revisions\/145909"}],"wp:featuredmedia":[{"embeddable":true,"href":"https:\/\/gazdasagportal.hu\/index.php\/wp-json\/wp\/v2\/media\/145907"}],"wp:attachment":[{"href":"https:\/\/gazdasagportal.hu\/index.php\/wp-json\/wp\/v2\/media?parent=145906"}],"wp:term":[{"taxonomy":"category","embeddable":true,"href":"https:\/\/gazdasagportal.hu\/index.php\/wp-json\/wp\/v2\/categories?post=145906"},{"taxonomy":"post_tag","embeddable":true,"href":"https:\/\/gazdasagportal.hu\/index.php\/wp-json\/wp\/v2\/tags?post=145906"}],"curies":[{"name":"wp","href":"https:\/\/api.w.org\/{rel}","templated":true}]}}