{"id":145833,"date":"2024-04-05T09:28:11","date_gmt":"2024-04-05T08:28:11","guid":{"rendered":"https:\/\/gazdasagportal.hu\/?p=145833"},"modified":"2024-04-05T09:28:11","modified_gmt":"2024-04-05T08:28:11","slug":"erste-elemzo-fordulat-februarban","status":"publish","type":"post","link":"https:\/\/gazdasagportal.hu\/index.php\/erste-elemzo-fordulat-februarban\/","title":{"rendered":"Erste elemz\u0151i k\u00f6zlem\u00e9ny \u2013 Fordulat febru\u00e1rban"},"content":{"rendered":"<h2 style=\"font-weight: 400;\"><span style=\"font-size: medium;\">Erste elemz\u0151 &#8211; P\u00e9ntek reggel k\u00e9t fontos hazai adat is napvil\u00e1got l\u00e1tott. Ma reggel kiskereskedelmi forgalmi adatokat tett k\u00f6zz\u00e9 a K\u00f6zponti Statisztikai Hivatal a febru\u00e1ri h\u00f3napra vonatkoz\u00f3an: megtorpant a helyre\u00e1ll\u00e1s, ugyanis havi alapon 0,6 sz\u00e1zal\u00e9kkal cs\u00f6kkent a forgalom. A fogyaszt\u00e1si indik\u00e1tor napt\u00e1rhat\u00e1st\u00f3l megtiszt\u00edtott mutat\u00f3ja javult: 1,1 sz\u00e1zal\u00e9kkal emelkedett az \u00e9ves index az idei m\u00e1sodik h\u00f3napban, havi alapon stagn\u00e1lt a volumen. Az \u00e9lelmiszer jelleg\u0171 \u00fczletek elad\u00e1sai 2,7 sz\u00e1zal\u00e9kkal n\u0151ttek, a tart\u00f3s cikkek\u00e9 2,1 sz\u00e1zal\u00e9kra cs\u00f6kkent, m\u00edg az \u00fczemanyag-forgalom 3,9 sz\u00e1zal\u00e9kkal emelkedett az el\u0151z\u0151 \u00e9v azonos id\u0151szak\u00e1hoz viszony\u00edtva. Kedvez\u0151tlen fejlem\u00e9ny a tart\u00f3s cikkek forgalm\u00e1nak zsugorod\u00e1sa, mert ez a mutat\u00f3 fejezi ki legink\u00e1bb a fogyaszt\u00e1s ciklikus poz\u00edci\u00f3j\u00e1nak \u00e1ll\u00e1s\u00e1t.<\/span><\/h2>\n<p><!--more--><\/p>\n<div class=\"ads-in-post2\"><script async src=\"https:\/\/pagead2.googlesyndication.com\/pagead\/js\/adsbygoogle.js\"><\/script>\r\n<ins class=\"adsbygoogle\"\r\n     style=\"display:block\"\r\n     data-ad-format=\"fluid\"\r\n     data-ad-layout-key=\"-6t+ed+2i-1n-4w\"\r\n     data-ad-client=\"ca-pub-1959107119989764\"\r\n     data-ad-slot=\"4008251320\"><\/ins>\r\n<script>\r\n     (adsbygoogle = window.adsbygoogle || []).push({});\r\n<\/script><\/div>\n<p style=\"font-weight: 400;\">A kil\u00e1bal\u00e1s \u00f6sszess\u00e9g\u00e9ben, fokozatosan folytat\u00f3dhat: f\u0151k\u00e9nt a stabil, pozit\u00edv re\u00e1lb\u00e9rv\u00e1ltoz\u00e1s eredm\u00e9nyek\u00e9nt. Ezzel egy\u00fctt \u2013 mint a mell\u00e9kelt \u00e1bra mutatja \u2013 lehetnek k\u00e1ty\u00fak az \u00faton: a fel\u00edvel\u00e9st valamelyest lass\u00edthatja az elm\u00falt id\u0151szakban megtapasztalt j\u00f3l\u00e9ti vesztes\u00e9gek k\u00f6vetkezt\u00e9ben fell\u00e9p\u0151 \u00f3vatoss\u00e1gi mot\u00edvum.<\/p>\n<p style=\"font-weight: 400;\">Ma reggel ipari termel\u00e9si adatokat is k\u00f6zz\u00e9tett a K\u00f6zponti Statisztikai Hivatal az idei m\u00e1sodik h\u00f3napra vonatkoz\u00f3an. A termel\u00e9s volumene \u00e9ves szinten 1,4 sz\u00e1zal\u00e9kkal n\u0151tt a munkanaphat\u00e1ssal igaz\u00edtott adatok szerint. Az \u00e9rt\u00e9k messze meghaladta az elemz\u0151i konszenzust\u00f3l. Havi szinten az \u00e1ltal\u00e1nos eur\u00f3pai trendekkel ellent\u00e9tben, kiugr\u00f3 m\u00e9rt\u00e9kben 3,5 sz\u00e1zal\u00e9kkal n\u0151tt az ipari kibocs\u00e1t\u00e1s a szezon\u00e1lisan \u00e9s munkanapt\u00e9nyez\u0151vel igaz\u00edtott adat szerint. A termel\u00e9s az \u00e9v els\u0151 k\u00e9t h\u00f3napj\u00e1ban 0,9%-kal kisebb volt, mint 2023 azonos id\u0151szak\u00e1ban.<\/p>\n<p style=\"font-weight: 400;\">A febru\u00e1ri ipari termel\u00e9si adat r\u00e9szleteit j\u00f6v\u0151 h\u00e9ten ismerteti a KSH. A hivatal komment\u00e1rja szerint: \u201ea termel\u00e9s n\u00f6veked\u00e9s\u00e9hez a feldolgoz\u00f3ipari al\u00e1gak t\u00f6bbs\u00e9ge hozz\u00e1j\u00e1rult. A legnagyobb s\u00faly\u00fa al\u00e1gak k\u00f6z\u00fcl a j\u00e1rm\u0171gy\u00e1rt\u00e1s, illetve az \u00e9lelmiszer, ital \u00e9s doh\u00e1nyterm\u00e9k gy\u00e1rt\u00e1sa b\u0151v\u00fclt az egy \u00e9vvel kor\u00e1bbihoz viszony\u00edtva, ugyanakkor a villamos berendez\u00e9s, valamint a sz\u00e1m\u00edt\u00f3g\u00e9p, elektronikai, optikai term\u00e9k gy\u00e1rt\u00e1sa cs\u00f6kkent\u201d. \u00c1ltal\u00e1nosan kedvez\u0151tlen\u00fcl hat a hazai kibocs\u00e1t\u00e1sra az \u00e1ltal\u00e1nosan gyenge eur\u00f3pai konjunkt\u00fara is. A tavaly \u0151szig j\u00f3l teljes\u00edt\u0151 akkumul\u00e1torgy\u00e1rt\u00e1s tov\u00e1bbra is m\u00e9lyen a kapacit\u00e1sai alatt termelhetett. Ezzel egy\u00fctt kedvez\u0151, hogy a j\u00e1rm\u0171ipar jelent\u0151s visszapattan\u00e1st mutatott febru\u00e1rban.<\/p><div id=\"gazda-3187895871\" class=\"gazda-tartalomban gazda-entity-placement\"><script async src=\"https:\/\/pagead2.googlesyndication.com\/pagead\/js\/adsbygoogle.js\"><\/script>\r\n<ins class=\"adsbygoogle\"\r\n     style=\"display:block\"\r\n     data-ad-format=\"fluid\"\r\n     data-ad-layout-key=\"-6t+ed+2i-1n-4w\"\r\n     data-ad-client=\"ca-pub-1959107119989764\"\r\n     data-ad-slot=\"4008251320\"><\/ins>\r\n<script>\r\n     (adsbygoogle = window.adsbygoogle || []).push({});\r\n<\/script><\/div>\n<p style=\"font-weight: 400;\">A termel\u00e9si kil\u00e1t\u00e1sok r\u00f6vidt\u00e1von tov\u00e1bbra is meglehet\u0151sen zavarosak: a konjunkt\u00faraindexek egyel\u0151re Eur\u00f3pa-szerte csak minim\u00e1lis \u00e9letjeleket mutatnak. Ezek k\u00f6z\u00fcl kiemelend\u0151 a n\u00e9met <a href=\"https:\/\/gazdasagportal.hu\/\" target=\"_blank\" rel=\"noopener\">gazdas\u00e1g<\/a> gyeng\u00e9lked\u00e9se. Ellenben pozit\u00edvum, hogy az elm\u00falt id\u0151szakban a magyar BMI \u00fajra a fellend\u00fcl\u00e9st jelz\u0151 tartom\u00e1nyba emelkedett. A v\u00e1rva v\u00e1rt iv\u00e1ncsai SK Hungary a legfrissebb h\u00edrek szerint az els\u0151 f\u00e9l\u00e9v sor\u00e1n fordulhat termel\u0151re \u00e9s ezzel \u00e9rdemben emelkedhet a hazai kibocs\u00e1t\u00e1s. Emellett k\u00f6z\u00e9pt\u00e1von a termel\u00e9sbe l\u00e9p\u0151 jelent\u0151s kapacit\u00e1sb\u0151v\u00edt\u00e9sek \u2013 f\u0151k\u00e9nt a j\u00e1rm\u0171iparban, valamint szint\u00e9n az akkumul\u00e1torgy\u00e1rt\u00e1s ter\u00e9n \u2013 a kibocs\u00e1t\u00e1s \u00e9rdemi fellend\u00fcl\u00e9s\u00e9t eredm\u00e9nyezhetik, nagyobb volumenben a j\u00f6v\u0151 \u00e9vt\u0151l kezdve. A kedvez\u0151 hat\u00e1sok kiakn\u00e1z\u00e1sa azonban v\u00e1ltozatlanul legink\u00e1bb a glob\u00e1lis konjunkt\u00fara helyre\u00e1ll\u00e1s\u00e1nak f\u00fcggv\u00e9nye.<\/p>\n<p>&nbsp;<\/p>\n<h4><a href=\"https:\/\/onlinekviz.hu\/\" target=\"_blank\" rel=\"noopener\">Kv\u00edz<\/a>:<\/h4>\n<h5><span style=\"font-size: small;\">Itt van n\u00e9h\u00e1ny \u00e9rdekes teszt: <a href=\"https:\/\/kvizportal.hu\/okosito-kviz-mindenki-elismeri-6328\/\" target=\"_blank\" rel=\"noopener\">Ha siker\u00fcl, mindenki elismeri a tud\u00e1sod (608)<\/a> vagy <a href=\"https:\/\/kvizportal.hu\/altalanos-kviz-egy-kattintasra-remek-kviz-6328\/\" target=\"_blank\" rel=\"noopener\">Csak egy kattint\u00e1sra vagy ett\u0151l, a remek kv\u00edzt\u0151l (638)<\/a> vagy <a href=\"https:\/\/kvizportal.hu\/muveltsegi-kviz-jo-valasz-rossz-valasz-6328\/\" target=\"_blank\" rel=\"noopener\">J\u00f3 v\u00e1lasz, rossz v\u00e1lasz? Csak 8 k\u00e9rd\u00e9s (594)<\/a> vagy <a href=\"https:\/\/kvizportal.hu\/agytorna-kviz-nyolc-kattintas-mosoly-6328\/\" target=\"_blank\" rel=\"noopener\">Nyolc j\u00f3 kattint\u00e1s \u00e9s egy kis mosoly (544)<\/a> vagy <a href=\"https:\/\/kvizportal.hu\/tudasproba-kviz-nyolc-valasz-es-mosoly-6328\/\" target=\"_blank\" rel=\"noopener\">Nyolc j\u00f3 v\u00e1lasz \u00e9s egy kis mosoly (431)<\/a><\/span><\/h5>\n","protected":false},"excerpt":{"rendered":"<p>Erste elemz\u0151 &#8211; P\u00e9ntek reggel k\u00e9t fontos hazai adat is napvil\u00e1got l\u00e1tott. Ma reggel kiskereskedelmi forgalmi adatokat tett k\u00f6zz\u00e9 a K\u00f6zponti Statisztikai Hivatal a febru\u00e1ri h\u00f3napra vonatkoz\u00f3an: megtorpant a helyre\u00e1ll\u00e1s, ugyanis havi alapon 0,6 sz\u00e1zal\u00e9kkal cs\u00f6kkent a forgalom. A fogyaszt\u00e1si indik\u00e1tor napt\u00e1rhat\u00e1st\u00f3l megtiszt\u00edtott mutat\u00f3ja javult: 1,1 sz\u00e1zal\u00e9kkal emelkedett az \u00e9ves index az idei m\u00e1sodik h\u00f3napban, &#8230;<\/p>\n","protected":false},"author":1001010,"featured_media":0,"comment_status":"open","ping_status":"open","sticky":false,"template":"","format":"standard","meta":[],"categories":[19],"tags":[],"_links":{"self":[{"href":"https:\/\/gazdasagportal.hu\/index.php\/wp-json\/wp\/v2\/posts\/145833"}],"collection":[{"href":"https:\/\/gazdasagportal.hu\/index.php\/wp-json\/wp\/v2\/posts"}],"about":[{"href":"https:\/\/gazdasagportal.hu\/index.php\/wp-json\/wp\/v2\/types\/post"}],"author":[{"embeddable":true,"href":"https:\/\/gazdasagportal.hu\/index.php\/wp-json\/wp\/v2\/users\/1001010"}],"replies":[{"embeddable":true,"href":"https:\/\/gazdasagportal.hu\/index.php\/wp-json\/wp\/v2\/comments?post=145833"}],"version-history":[{"count":2,"href":"https:\/\/gazdasagportal.hu\/index.php\/wp-json\/wp\/v2\/posts\/145833\/revisions"}],"predecessor-version":[{"id":145836,"href":"https:\/\/gazdasagportal.hu\/index.php\/wp-json\/wp\/v2\/posts\/145833\/revisions\/145836"}],"wp:attachment":[{"href":"https:\/\/gazdasagportal.hu\/index.php\/wp-json\/wp\/v2\/media?parent=145833"}],"wp:term":[{"taxonomy":"category","embeddable":true,"href":"https:\/\/gazdasagportal.hu\/index.php\/wp-json\/wp\/v2\/categories?post=145833"},{"taxonomy":"post_tag","embeddable":true,"href":"https:\/\/gazdasagportal.hu\/index.php\/wp-json\/wp\/v2\/tags?post=145833"}],"curies":[{"name":"wp","href":"https:\/\/api.w.org\/{rel}","templated":true}]}}