{"id":14562,"date":"2013-08-23T10:58:16","date_gmt":"2013-08-23T08:58:16","guid":{"rendered":"http:\/\/stockportal.hu\/?p=14562"},"modified":"2013-08-23T10:58:16","modified_gmt":"2013-08-23T08:58:16","slug":"kethavi-novekedes-utan-juniusban-csokkent-a-kiskereskedelmi-forgalom","status":"publish","type":"post","link":"https:\/\/gazdasagportal.hu\/index.php\/kethavi-novekedes-utan-juniusban-csokkent-a-kiskereskedelmi-forgalom\/","title":{"rendered":"K\u00e9thavi n\u00f6veked\u00e9s ut\u00e1n j\u00faniusban cs\u00f6kkent a kiskereskedelmi forgalom"},"content":{"rendered":"<p><strong>K\u00e9thavi n\u00f6veked\u00e9s ut\u00e1n j\u00faniusban cs\u00f6kkent a kiskereskedelmi forgalom volumene az egy \u00e9vvel kor\u00e1bbihoz k\u00e9pest: a napt\u00e1rhat\u00e1st\u00f3l megtiszt\u00edtott adatok szerint a forgalom 0,4 sz\u00e1zal\u00e9kkal maradt el a tavaly j\u00faniusit\u00f3l, a kiigaz\u00edtatlan adatok szerint 0,9 sz\u00e1zal\u00e9kos volt a cs\u00f6kken\u00e9s &#8211; k\u00f6z\u00f6lte a K\u00f6zponti Statisztikai Hivatal (KSH) p\u00e9nteken az els\u0151 korrekci\u00f3 szerinti adatokat.<!--more--><\/strong><\/p>\n<p>Az adatok megegyeznek az augusztus 5-\u00e9n k\u00f6zz\u00e9tett gyorsbecsl\u00e9s sz\u00e1maival.<br \/>\nJ\u00faniusban az \u00e9lelmiszerelad\u00e1sok volumene az el\u0151zetesen k\u00f6z\u00f6lt 1,9 sz\u00e1zal\u00e9kkal szemben 1,8 sz\u00e1zal\u00e9kkal esett vissza, a nem \u00e9lelmiszer jelleg\u0171 term\u00e9kek\u00e9 0,5 sz\u00e1zal\u00e9kkal kisebb volt az egy \u00e9vvel kor\u00e1bbin\u00e1l; ez megegyezik a gyorsbecsl\u00e9ssel. Az \u00fczemanyag-forgalom harmadik h\u00f3napja n\u0151tt, j\u00faniusban 2,4 sz\u00e1zal\u00e9kkal.<br \/>\nAz iparcikk jelleg\u0171 vegyes kiskereskedelem volumene 2,3 sz\u00e1zal\u00e9kkal cs\u00f6kkent az el\u0151z\u0151 \u00e9v azonos id\u0151szak\u00e1hoz k\u00e9pest a napt\u00e1rhat\u00e1st\u00f3l megtiszt\u00edtott adatok szerint, m\u00edg a textil-, ruh\u00e1zati \u00e9s l\u00e1bbeli term\u00e9kek forgalma 1,9 sz\u00e1zal\u00e9kkal emelkedett.<br \/>\nA b\u00fatorok \u00e9s m\u0171szaki cikkek forgalma 3,1 sz\u00e1zal\u00e9kkal esett vissza j\u00faniusban, a k\u00f6nyv, sz\u00e1m\u00edt\u00e1stechnikai \u00e9s egy\u00e9b iparcikkek\u00e9 pedig 4,9 sz\u00e1zal\u00e9kkal cs\u00f6kkent az el\u0151z\u0151 \u00e9v j\u00fanius\u00e1hoz k\u00e9pest.<br \/>\nA haszn\u00e1lt cikkek forgalma a m\u00e1jusi, t\u00f6bb mint 10 sz\u00e1zal\u00e9kos emelked\u00e9s ut\u00e1n j\u00faniusban 0,7 sz\u00e1zal\u00e9kkal n\u0151tt az el\u0151z\u0151 j\u00faniushoz k\u00e9pest, a csomagk\u00fcld\u0151 \u00e9s internetes kiskereskedelem volumene jelent\u0151sen, 62,7 sz\u00e1zal\u00e9kkal b\u0151v\u00fclt, ami 2012 janu\u00e1rja \u00f3ta a legmagasabb \u00e9rt\u00e9k.<br \/>\nAz el\u0151z\u0151 h\u00f3naphoz k\u00e9pest 1,9 sz\u00e1zal\u00e9kkal kisebb volt a kiskereskedelmi forgalom a szezon\u00e1lisan \u00e9s napt\u00e1rhat\u00e1st\u00f3l megtiszt\u00edtott adatok szerint, a m\u00e1jusi 1,7 sz\u00e1zal\u00e9kos cs\u00f6kken\u00e9s, \u00e9s az \u00e1prilisi 5,7 sz\u00e1zal\u00e9kos n\u00f6veked\u00e9s ut\u00e1n. M\u00e1jushoz k\u00e9pest 0,7 sz\u00e1zal\u00e9kkal cs\u00f6kkent az \u00e9lelmiszerfogyaszt\u00e1s \u00e9s 2,6 sz\u00e1zal\u00e9kkal az \u00fczemanyag forgalom, a nem \u00e9lelmiszer jelleg\u0171 term\u00e9kek elad\u00e1sa pedig 1 sz\u00e1zal\u00e9kkal esett vissza.(MTI)<\/p>\n","protected":false},"excerpt":{"rendered":"<p>K\u00e9thavi n\u00f6veked\u00e9s ut\u00e1n j\u00faniusban cs\u00f6kkent a kiskereskedelmi forgalom volumene az egy \u00e9vvel kor\u00e1bbihoz k\u00e9pest: a napt\u00e1rhat\u00e1st\u00f3l megtiszt\u00edtott adatok szerint a forgalom 0,4 sz\u00e1zal\u00e9kkal maradt el a tavaly j\u00faniusit\u00f3l, a kiigaz\u00edtatlan adatok szerint 0,9 sz\u00e1zal\u00e9kos volt a cs\u00f6kken\u00e9s &#8211; k\u00f6z\u00f6lte a K\u00f6zponti Statisztikai Hivatal (KSH) p\u00e9nteken az els\u0151 korrekci\u00f3 szerinti adatokat.<\/p>\n","protected":false},"author":1,"featured_media":0,"comment_status":"open","ping_status":"closed","sticky":false,"template":"","format":"standard","meta":[],"categories":[19],"tags":[],"_links":{"self":[{"href":"https:\/\/gazdasagportal.hu\/index.php\/wp-json\/wp\/v2\/posts\/14562"}],"collection":[{"href":"https:\/\/gazdasagportal.hu\/index.php\/wp-json\/wp\/v2\/posts"}],"about":[{"href":"https:\/\/gazdasagportal.hu\/index.php\/wp-json\/wp\/v2\/types\/post"}],"author":[{"embeddable":true,"href":"https:\/\/gazdasagportal.hu\/index.php\/wp-json\/wp\/v2\/users\/1"}],"replies":[{"embeddable":true,"href":"https:\/\/gazdasagportal.hu\/index.php\/wp-json\/wp\/v2\/comments?post=14562"}],"version-history":[{"count":2,"href":"https:\/\/gazdasagportal.hu\/index.php\/wp-json\/wp\/v2\/posts\/14562\/revisions"}],"predecessor-version":[{"id":14564,"href":"https:\/\/gazdasagportal.hu\/index.php\/wp-json\/wp\/v2\/posts\/14562\/revisions\/14564"}],"wp:attachment":[{"href":"https:\/\/gazdasagportal.hu\/index.php\/wp-json\/wp\/v2\/media?parent=14562"}],"wp:term":[{"taxonomy":"category","embeddable":true,"href":"https:\/\/gazdasagportal.hu\/index.php\/wp-json\/wp\/v2\/categories?post=14562"},{"taxonomy":"post_tag","embeddable":true,"href":"https:\/\/gazdasagportal.hu\/index.php\/wp-json\/wp\/v2\/tags?post=14562"}],"curies":[{"name":"wp","href":"https:\/\/api.w.org\/{rel}","templated":true}]}}