{"id":145301,"date":"2024-02-18T19:41:40","date_gmt":"2024-02-18T18:41:40","guid":{"rendered":"https:\/\/gazdasagportal.hu\/?p=145301"},"modified":"2024-02-18T19:41:40","modified_gmt":"2024-02-18T18:41:40","slug":"ukrajnai-haboru-ukran-szarazfoldi-erok-ukran-hadifoglyokat-vegeztek-ki-az-oroszok","status":"publish","type":"post","link":"https:\/\/gazdasagportal.hu\/index.php\/ukrajnai-haboru-ukran-szarazfoldi-erok-ukran-hadifoglyokat-vegeztek-ki-az-oroszok\/","title":{"rendered":"Ukrajnai h\u00e1bor\u00fa &#8211; Ukr\u00e1n sz\u00e1razf\u00f6ldi er\u0151k: ukr\u00e1n hadifoglyokat v\u00e9geztek ki az oroszok"},"content":{"rendered":"<p><strong>Orosz katon\u00e1k agyonl\u0151ttek vas\u00e1rnap k\u00e9t ukr\u00e1n katon\u00e1t azut\u00e1n, hogy ut\u00f3bbiak m\u00e1r megadt\u00e1k magukat &#8211; k\u00f6z\u00f6lte az ukr\u00e1n sz\u00e1razf\u00f6ldi er\u0151k sajt\u00f3szolg\u00e1lata a Telegramon.<\/strong><!--more--><\/p>\n<div class=\"ads-in-post2\"><script async src=\"https:\/\/pagead2.googlesyndication.com\/pagead\/js\/adsbygoogle.js\"><\/script>\r\n<ins class=\"adsbygoogle\"\r\n     style=\"display:block\"\r\n     data-ad-format=\"fluid\"\r\n     data-ad-layout-key=\"-6t+ed+2i-1n-4w\"\r\n     data-ad-client=\"ca-pub-1959107119989764\"\r\n     data-ad-slot=\"4008251320\"><\/ins>\r\n<script>\r\n     (adsbygoogle = window.adsbygoogle || []).push({});\r\n<\/script><\/div>\n<p>    &#8222;Ma reggel a (keleti orsz\u00e1gr\u00e9szben harcol\u00f3) Horticja hadm\u0171veleti \u00e9s strat\u00e9giai csapatcsoport szektor\u00e1ban az oroszok ism\u00e9t kimutatt\u00e1k a nemzetk\u00f6zi humanit\u00e1rius joghoz val\u00f3 hozz\u00e1\u00e1ll\u00e1sukat azzal, hogy lel\u0151ttek k\u00e9t ukr\u00e1n hadifoglyot&#8221; &#8211; \u00e1ll az \u00fczenetben.<br \/>\n    Az ukr\u00e1n katon\u00e1k kiv\u00e9gz\u00e9s\u00e9r\u0151l egy f\u00e9lperces vide\u00f3felv\u00e9telt is k\u00f6zz\u00e9tett a sajt\u00f3szolg\u00e1lat. A felv\u00e9telen  l\u00e1that\u00f3, hogyan k\u00f6zelednek a felfegyverzett oroszok egy l\u00f6v\u00e9sz\u00e1rokban k\u00e9t ukr\u00e1nhoz, akiknek nincs fegyver a kez\u00fckben, \u00e9s nem tan\u00fas\u00edtanak ellen\u00e1ll\u00e1st. Egy pillanatban az egyik orosz g\u00e9pkarab\u00e9llyal t\u00fczet nyitott mindk\u00e9t ukr\u00e1n katon\u00e1ra, \u00e9s tov\u00e1bbi sorozatokat l\u0151 bel\u00e9j\u00fck, miut\u00e1n m\u00e1r a f\u00f6ldre zuhantak.<br \/>\n    Azt, hogy pontosan hol t\u00f6rt\u00e9nt ez a h\u00e1bor\u00fas b\u0171ncselekm\u00e9ny, a sz\u00e1razf\u00f6ldi er\u0151k nem k\u00f6z\u00f6lte. Az UNIAN ukr\u00e1n h\u00edr\u00fcgyn\u00f6ks\u00e9g a k\u00f6z\u00f6ss\u00e9gi oldalakon k\u00f6zz\u00e9tett hozz\u00e1sz\u00f3l\u00e1sokra hivatkozva, azt \u00edrta, hogy az eset Donyeck megy\u00e9ben, az orosz megsz\u00e1ll\u00e1s al\u00e1 ker\u00fclt Szoledar v\u00e1rost\u00f3l \u00e9szakkeletre fekv\u0151 Veszele falu k\u00f6zel\u00e9ben t\u00f6rt\u00e9nhetett.<br \/>\n    Az UNIAN a DeepState ukr\u00e1n elemz\u0151port\u00e1l Telegram-csatorn\u00e1j\u00e1ra hivatkozva k\u00f6z\u00f6lte azt is, hogy az orosz megsz\u00e1ll\u00f3k hat, fogs\u00e1gba esett ukr\u00e1n katon\u00e1t l\u0151ttek le az avgyijivkai Zenit elnevez\u00e9s\u0171 katonai \u00e1ll\u00e1sban, ahonnan p\u00e9nteken vonultak ki az ukr\u00e1n csapatok. A kiv\u00e9gzett foglyokat hozz\u00e1tartoz\u00f3ik \u00e9s bajt\u00e1rsaik egy vide\u00f3felv\u00e9telr\u0151l ismert\u00e9k fel, amelyet az oroszok tettek k\u00f6zz\u00e9 az interneten. A hatb\u00f3l n\u00e9gy olyan sebes\u00fcl\u00e9seket szenvedett, hogy nem tudott j\u00e1rni, k\u00e9t katona pedig vel\u00fck maradt a t\u00f6bb napja k\u00f6rbez\u00e1rt \u00e1ll\u00e1son, \u00edgy estek fogs\u00e1gba. Az inform\u00e1ci\u00f3t a Szlidsztvo.info f\u00fcggetlen ukr\u00e1n h\u00edrport\u00e1l is meger\u0151s\u00edtette, k\u00f6z\u00f6lve h\u00e1rom ukr\u00e1n katona hozz\u00e1tartoz\u00f3inak nyilatkozatait, akik az orosz videofelv\u00e9telen felismert\u00e9k rokonuk holttest\u00e9t. A 110. ukr\u00e1n rohamdand\u00e1r sajt\u00f3szolg\u00e1lata a h\u00edrport\u00e1lnak ugyanakkor azt mondta , hogy sem meger\u0151s\u00edteni, sem c\u00e1folni nem tudj\u00e1k egyel\u0151re, hogy a videofelv\u00e9tel a kiv\u00e9gzett sebes\u00fclt ukr\u00e1n katon\u00e1kr\u00f3l val\u00f3ban Avgyijivk\u00e1ban k\u00e9sz\u00fclt.(MTI)<\/p>\n","protected":false},"excerpt":{"rendered":"<p>Orosz katon\u00e1k agyonl\u0151ttek vas\u00e1rnap k\u00e9t ukr\u00e1n katon\u00e1t azut\u00e1n, hogy ut\u00f3bbiak m\u00e1r megadt\u00e1k magukat &#8211; k\u00f6z\u00f6lte az ukr\u00e1n sz\u00e1razf\u00f6ldi er\u0151k sajt\u00f3szolg\u00e1lata a Telegramon.<\/p>\n","protected":false},"author":1001010,"featured_media":0,"comment_status":"open","ping_status":"open","sticky":false,"template":"","format":"standard","meta":[],"categories":[5],"tags":[],"_links":{"self":[{"href":"https:\/\/gazdasagportal.hu\/index.php\/wp-json\/wp\/v2\/posts\/145301"}],"collection":[{"href":"https:\/\/gazdasagportal.hu\/index.php\/wp-json\/wp\/v2\/posts"}],"about":[{"href":"https:\/\/gazdasagportal.hu\/index.php\/wp-json\/wp\/v2\/types\/post"}],"author":[{"embeddable":true,"href":"https:\/\/gazdasagportal.hu\/index.php\/wp-json\/wp\/v2\/users\/1001010"}],"replies":[{"embeddable":true,"href":"https:\/\/gazdasagportal.hu\/index.php\/wp-json\/wp\/v2\/comments?post=145301"}],"version-history":[{"count":1,"href":"https:\/\/gazdasagportal.hu\/index.php\/wp-json\/wp\/v2\/posts\/145301\/revisions"}],"predecessor-version":[{"id":145302,"href":"https:\/\/gazdasagportal.hu\/index.php\/wp-json\/wp\/v2\/posts\/145301\/revisions\/145302"}],"wp:attachment":[{"href":"https:\/\/gazdasagportal.hu\/index.php\/wp-json\/wp\/v2\/media?parent=145301"}],"wp:term":[{"taxonomy":"category","embeddable":true,"href":"https:\/\/gazdasagportal.hu\/index.php\/wp-json\/wp\/v2\/categories?post=145301"},{"taxonomy":"post_tag","embeddable":true,"href":"https:\/\/gazdasagportal.hu\/index.php\/wp-json\/wp\/v2\/tags?post=145301"}],"curies":[{"name":"wp","href":"https:\/\/api.w.org\/{rel}","templated":true}]}}