{"id":145216,"date":"2024-02-07T13:16:34","date_gmt":"2024-02-07T12:16:34","guid":{"rendered":"https:\/\/gazdasagportal.hu\/?p=145216"},"modified":"2024-02-07T11:17:24","modified_gmt":"2024-02-07T10:17:24","slug":"koszovoban-az-euro-a-hivatalos-fizetoeszkoz","status":"publish","type":"post","link":"https:\/\/gazdasagportal.hu\/index.php\/koszovoban-az-euro-a-hivatalos-fizetoeszkoz\/","title":{"rendered":"Koszov\u00f3ban az eur\u00f3 a hivatalos fizet\u0151eszk\u00f6z"},"content":{"rendered":"<p><strong>Koszov\u00f3ban az eur\u00f3 a hivatalos fizet\u0151eszk\u00f6z, a k\u00f6zponti bank eur\u00f3r\u00f3l sz\u00f3l\u00f3 janu\u00e1ri d\u00f6nt\u00e9se nem a szerb din\u00e1r ellen, hanem a hivatalos koszov\u00f3i fizet\u0151eszk\u00f6z v\u00e9delm\u00e9re ir\u00e1nyul, a c\u00e9lja pedig a t\u00f6rv\u00e9nytelen p\u00e9nzmozg\u00e1s megakad\u00e1lyoz\u00e1sa &#8211; hangs\u00falyozta Albin Kurti koszov\u00f3i minisztereln\u00f6k abban az angol nyelv\u0171 hivatalos nyilatkozatban, amelyet kedd este tett k\u00f6zz\u00e9 az X k\u00f6z\u00f6ss\u00e9gi oldalon.<\/strong><!--more--><\/p>\n<div class=\"ads-in-post2\"><script async src=\"https:\/\/pagead2.googlesyndication.com\/pagead\/js\/adsbygoogle.js\"><\/script>\r\n<ins class=\"adsbygoogle\"\r\n     style=\"display:block\"\r\n     data-ad-format=\"fluid\"\r\n     data-ad-layout-key=\"-6t+ed+2i-1n-4w\"\r\n     data-ad-client=\"ca-pub-1959107119989764\"\r\n     data-ad-slot=\"4008251320\"><\/ins>\r\n<script>\r\n     (adsbygoogle = window.adsbygoogle || []).push({});\r\n<\/script><\/div>\n<p>    Albin Kurti a nyilatkozatban lesz\u00f6gezte, hogy a minisztereln\u00f6ki hivatal teljes m\u00e9rt\u00e9kben t\u00e1mogatja a koszov\u00f3i k\u00f6zponti bank f\u00fcggetlens\u00e9g\u00e9t \u00e9s azt a szakszer\u0171s\u00e9get, amellyel ell\u00e1tja a feladatait. A nemzeti bank d\u00f6nt\u00e9se nem a szerb din\u00e1rr\u00f3l sz\u00f3l, csup\u00e1n az eddigi inform\u00e1lis p\u00e9nzmozg\u00e1sokat igyekszik form\u00e1lis keretek k\u00f6z\u00e9 z\u00e1rni.<br \/>\n    &#8222;Koszov\u00f3 hivatalos p\u00e9nzneme az eur\u00f3, \u00e9s a rendelet csaknem tizenhat \u00e9vvel a f\u00fcggetlens\u00e9g\u00fcnk kiki\u00e1lt\u00e1sa ut\u00e1n sz\u00fcletett&#8221; &#8211; hangs\u00falyozta a korm\u00e1nyf\u0151, hozz\u00e1t\u00e9ve: a k\u00f6zponti bankok felel\u0151ss\u00e9ge a k\u00fclf\u00f6ldi valuta be\u00e1raml\u00e1s\u00e1nak a szab\u00e1lyoz\u00e1sa. &#8222;Az ilyen szab\u00e1lyoz\u00e1s hi\u00e1nya p\u00e9nzmos\u00e1shoz, a terrorizmus finansz\u00edroz\u00e1s\u00e1hoz \u00e9s m\u00e1s illeg\u00e1lis tev\u00e9kenys\u00e9gekhez vezethet&#8221; &#8211; h\u00fazta al\u00e1.<br \/>\n    A koszov\u00f3i minisztereln\u00f6k arra is r\u00e1mutatott, hogy a d\u00f6nt\u00e9s gyakorlatilag csak annyi m\u00f3dos\u00edt\u00e1shoz vezet, hogy a fizet\u00e9seket vagy a nyugd\u00edjakat a koszov\u00f3i szerbek tov\u00e1bbra is kaphatj\u00e1k din\u00e1rban, de a p\u00e9nz az eur\u00f3ban vezetett sz\u00e1ml\u00e1ikra ker\u00fcl \u00e1tv\u00e1lt\u00e1st k\u00f6vet\u0151en. Otthon term\u00e9szetesen tarthatnak tov\u00e1bbra is szerb din\u00e1rt.<br \/>\n    Albin Kurti arra is r\u00e1mutatott, hogy mivel a koszov\u00f3i szoci\u00e1lis seg\u00e9lyek \u00e9s m\u00e1s \u00e1llami t\u00e1mogat\u00e1sok eddig is az emberek eur\u00f3sz\u00e1ml\u00e1ira \u00e9rkeztek, \u00edgy komoly bizony\u00edt\u00e9k van arra, hogy a helyi szerbeknek vannak eur\u00f3alap\u00fa sz\u00e1ml\u00e1ik.<br \/>\n    &#8222;A koszov\u00f3i szerb k\u00f6z\u00f6ss\u00e9g k\u00f6zel 35 sz\u00e1zal\u00e9ka kap nyugd\u00edjat a korm\u00e1nyunkt\u00f3l eur\u00f3sz\u00e1ml\u00e1ra. A Szerbi\u00e1t\u00f3l kapott nyugd\u00edjakat ugyanezekre a sz\u00e1ml\u00e1kra lehetne \u00e1tutalni&#8221; &#8211; magyar\u00e1zta. Arra is felh\u00edvta a figyelmet, hogy a hivatalos bankfi\u00f3kokon k\u00edv\u00fcl sz\u00e1mos olyan p\u00e9nzint\u00e9zet van, ahol a Szerbi\u00e1b\u00f3l sz\u00e1rmaz\u00f3 nyugd\u00edjakat banksz\u00e1ml\u00e1k hi\u00e1ny\u00e1ban is ki lehet fizetni. Mindemellett az \u00faj banksz\u00e1mlanyit\u00e1st \u00e9s -vezet\u00e9st a korm\u00e1ny ingyeness\u00e9 tette.<br \/>\n    A korm\u00e1nyf\u0151 elismerte, hogy sz\u00fcks\u00e9g lett volna b\u0151vebb t\u00e1j\u00e9koztat\u00e1sra, hogy senki ne vegye t\u00e1mad\u00e1snak a k\u00f6zponti bank d\u00f6nt\u00e9s\u00e9t, de ez a t\u00e1j\u00e9koztat\u00e1si kamp\u00e1ny most megkezd\u0151d\u00f6tt, ahogy az \u00e9szak-koszov\u00f3iak eur\u00f3ra t\u00f6rt\u00e9n\u0151 \u00e1t\u00e1ll\u00e1s\u00e1nak az \u00e1tmeneti id\u0151szaka is. &#8222;A h\u00f3nap folyam\u00e1n gondoskodunk arr\u00f3l, hogy minden sz\u00fcks\u00e9ges inform\u00e1ci\u00f3t \u00e9s seg\u00edts\u00e9get megadjunk ahhoz, hogy ez az \u00e1tmenet a lehet\u0151 legz\u00f6kken\u0151mentesebb legyen&#8221; &#8211; tette hozz\u00e1.<br \/>\n    A koszov\u00f3i nemzeti bank janu\u00e1r elej\u00e9n jelentette be, hogy febru\u00e1rt\u00f3l Koszov\u00f3 eg\u00e9sz ter\u00fclet\u00e9n kiz\u00e1r\u00f3lag eur\u00f3val lehet fizetni, minden m\u00e1s p\u00e9nznem csak a k\u00fclf\u00f6ldi tranzakci\u00f3k megval\u00f3s\u00edt\u00e1s\u00e1ra haszn\u00e1lhat\u00f3. A l\u00e9p\u00e9s felh\u00e1borod\u00e1st keltett a helyi szerbek k\u00f6r\u00e9ben, \u00e9s Belgr\u00e1d is reag\u00e1lt, mivel a hivatalos adatok szerint a koszov\u00f3i szerb lakoss\u00e1g mintegy fele kapja nyugd\u00edj\u00e1t, fizet\u00e9s\u00e9t vagy a szoci\u00e1lis t\u00e1mogat\u00e1st a szerb k\u00f6lts\u00e9gvet\u00e9sb\u0151l din\u00e1rban.<br \/>\n    Az \u00e9szak-koszov\u00f3i, t\u00f6bbs\u00e9g\u00e9ben szerbek lakta telep\u00fcl\u00e9seken mindig is a szerb din\u00e1r volt a f\u0151 fizet\u0151eszk\u00f6z. Akkor is az maradt, amikor lez\u00e1rult az 1998-1999-es koszov\u00f3i h\u00e1bor\u00fa, \u00e9s azt k\u00f6vet\u0151en is, hogy Koszov\u00f3 2008-ban egyoldal\u00faan kiki\u00e1ltotta f\u00fcggetlens\u00e9g\u00e9t Szerbi\u00e1t\u00f3l, m\u00edg az orsz\u00e1g t\u00f6bbi r\u00e9sz\u00e9n el\u0151bb a n\u00e9met m\u00e1rka, majd az eur\u00f3 v\u00e1lt a hivatalos p\u00e9nznemm\u00e9.(MTI)<\/p>\n","protected":false},"excerpt":{"rendered":"<p>Koszov\u00f3ban az eur\u00f3 a hivatalos fizet\u0151eszk\u00f6z, a k\u00f6zponti bank eur\u00f3r\u00f3l sz\u00f3l\u00f3 janu\u00e1ri d\u00f6nt\u00e9se nem a szerb din\u00e1r ellen, hanem a hivatalos koszov\u00f3i fizet\u0151eszk\u00f6z v\u00e9delm\u00e9re ir\u00e1nyul, a c\u00e9lja pedig a t\u00f6rv\u00e9nytelen p\u00e9nzmozg\u00e1s megakad\u00e1lyoz\u00e1sa &#8211; hangs\u00falyozta Albin Kurti koszov\u00f3i minisztereln\u00f6k abban az angol nyelv\u0171 hivatalos nyilatkozatban, amelyet kedd este tett k\u00f6zz\u00e9 az X k\u00f6z\u00f6ss\u00e9gi oldalon.<\/p>\n","protected":false},"author":1001010,"featured_media":0,"comment_status":"open","ping_status":"open","sticky":false,"template":"","format":"standard","meta":[],"categories":[19],"tags":[],"_links":{"self":[{"href":"https:\/\/gazdasagportal.hu\/index.php\/wp-json\/wp\/v2\/posts\/145216"}],"collection":[{"href":"https:\/\/gazdasagportal.hu\/index.php\/wp-json\/wp\/v2\/posts"}],"about":[{"href":"https:\/\/gazdasagportal.hu\/index.php\/wp-json\/wp\/v2\/types\/post"}],"author":[{"embeddable":true,"href":"https:\/\/gazdasagportal.hu\/index.php\/wp-json\/wp\/v2\/users\/1001010"}],"replies":[{"embeddable":true,"href":"https:\/\/gazdasagportal.hu\/index.php\/wp-json\/wp\/v2\/comments?post=145216"}],"version-history":[{"count":1,"href":"https:\/\/gazdasagportal.hu\/index.php\/wp-json\/wp\/v2\/posts\/145216\/revisions"}],"predecessor-version":[{"id":145217,"href":"https:\/\/gazdasagportal.hu\/index.php\/wp-json\/wp\/v2\/posts\/145216\/revisions\/145217"}],"wp:attachment":[{"href":"https:\/\/gazdasagportal.hu\/index.php\/wp-json\/wp\/v2\/media?parent=145216"}],"wp:term":[{"taxonomy":"category","embeddable":true,"href":"https:\/\/gazdasagportal.hu\/index.php\/wp-json\/wp\/v2\/categories?post=145216"},{"taxonomy":"post_tag","embeddable":true,"href":"https:\/\/gazdasagportal.hu\/index.php\/wp-json\/wp\/v2\/tags?post=145216"}],"curies":[{"name":"wp","href":"https:\/\/api.w.org\/{rel}","templated":true}]}}