{"id":145151,"date":"2024-01-24T14:21:03","date_gmt":"2024-01-24T13:21:03","guid":{"rendered":"https:\/\/gazdasagportal.hu\/?p=145151"},"modified":"2024-01-24T14:21:26","modified_gmt":"2024-01-24T13:21:26","slug":"tobb-mint-10-szazalekkal-nott-az-ikea-magyarorszag-arbevetele-tavaly","status":"publish","type":"post","link":"https:\/\/gazdasagportal.hu\/index.php\/tobb-mint-10-szazalekkal-nott-az-ikea-magyarorszag-arbevetele-tavaly\/","title":{"rendered":"T\u00f6bb mint 10 sz\u00e1zal\u00e9kkal n\u0151tt az IKEA Magyarorsz\u00e1g \u00e1rbev\u00e9tele tavaly"},"content":{"rendered":"<p><strong>Az IKEA Magyarorsz\u00e1g a 2023-es p\u00e9nz\u00fcgyi \u00e9vben 145 milli\u00e1rd forint forgalmat \u00e9rt el, 11 sz\u00e1zal\u00e9kkal t\u00f6bbet, mint egy \u00e9vvel kor\u00e1bban; a h\u00e1rom hazai \u00e1ruh\u00e1z\u00e1ban 8,1 milli\u00f3 v\u00e1s\u00e1rl\u00f3t fogadtak az el\u0151z\u0151 \u00e9vi 8 milli\u00f3 ut\u00e1n &#8211; k\u00f6z\u00f6lt\u00e9k a szerdai sajt\u00f3t\u00e1j\u00e9koztat\u00f3n.<\/strong><!--more--><\/p>\n<div class=\"ads-in-post2\"><script async src=\"https:\/\/pagead2.googlesyndication.com\/pagead\/js\/adsbygoogle.js\"><\/script>\r\n<ins class=\"adsbygoogle\"\r\n     style=\"display:block\"\r\n     data-ad-format=\"fluid\"\r\n     data-ad-layout-key=\"-6t+ed+2i-1n-4w\"\r\n     data-ad-client=\"ca-pub-1959107119989764\"\r\n     data-ad-slot=\"4008251320\"><\/ins>\r\n<script>\r\n     (adsbygoogle = window.adsbygoogle || []).push({});\r\n<\/script><\/div>\n<p>Az IKEA a szeptember 1. \u00e9s augusztus 31. k\u00f6z\u00f6tti \u00fczleti \u00e9vben m\u00e1sodszor cs\u00f6kkentette mintegy 1800 term\u00e9k \u00e1r\u00e1t, \u00e1tlagosan 17 sz\u00e1zal\u00e9kkal &#8211; mondta Karina Hartai, az \u00d6rs vez\u00e9ri t\u00e9ri \u00fczlet vezet\u0151je.<br \/>\nJanu\u00e1rban a mintegy 1700 magyarorsz\u00e1gi munkav\u00e1llal\u00f3 b\u00e9re 9,5 sz\u00e1zal\u00e9kkal n\u0151tt. A b\u00f3nuszokkal \u00e9s a nyugd\u00edjj\u00e1rul\u00e9kkal egy\u00fctt a juttat\u00e1sok \u00f6sszege el\u00e9rte az 1,4 milli\u00e1rd forintot &#8211; fogalmazott.<br \/>\nA 2023-as p\u00e9nz\u00fcgyi \u00e9vben az online elad\u00e1sok ar\u00e1nya nem v\u00e1ltozott az el\u0151z\u0151 \u00e9vhez k\u00e9pest, 23,2 sz\u00e1zal\u00e9k maradt, viszont n\u00f6vekedett az egy v\u00e1s\u00e1rl\u00e1sra jut\u00f3 \u00e1tlagos k\u00f6lt\u00e9s. Ez az \u00e1ruh\u00e1zakban 28 605 forint, az online v\u00e1s\u00e1rl\u00e1sokn\u00e1l pedig 80 705 forint volt.<br \/>\nK\u00e9rd\u00e9sre elmondta, hogy az IKEA nem sz\u00e1mol a sz\u00e1ll\u00edt\u00e1si id\u0151k n\u00f6veked\u00e9s\u00e9vel \u00e9s a k\u00f6lts\u00e9gek emelked\u00e9s\u00e9vel a v\u00f6r\u00f6s-tengeri konfliktus miatt.<br \/>\nFarkas Mih\u00e1ly, \u00e9rt\u00e9kes\u00edt\u00e9si vezet\u0151 (IKEA \u00d6rs vez\u00e9r tere), elmondta, hogy m\u00e1jusban ind\u00edtj\u00e1k el az IKEA Kreat\u00edv elnevez\u00e9s\u0171, mesters\u00e9ges intelligencia alap\u00fa applik\u00e1ci\u00f3t, amellyel a v\u00e1s\u00e1rl\u00f3k virtu\u00e1lisan megtervezhetik lak\u00e1suk kialak\u00edt\u00e1s\u00e1t.<br \/>\nA v\u00e1llalat alap\u00edt\u00e1s\u00e1nak 80-ik \u00e9vfordul\u00f3ja alkalm\u00e1b\u00f3l a 60-as \u00e9s korai 70-es \u00e9vek ikonikus term\u00e9keit \u00fajratervezett form\u00e1ban ism\u00e9t piacra dobj\u00e1k.<br \/>\nB\u00e1lint Attila, az IKEA Magyarorsz\u00e1g fenntarthat\u00f3s\u00e1gi felel\u0151se kiemelte: a v\u00e1llalat term\u00e9kk\u00edn\u00e1lat\u00e1nak csaknem 60 sz\u00e1zal\u00e9ka fenntarthat\u00f3 alapanyagokb\u00f3l k\u00e9sz\u00fclt, m\u00edg az \u00e9rt\u00e9kes\u00edtett term\u00e9kek 35 sz\u00e1zal\u00e9ka esett ebbe a kateg\u00f3ri\u00e1ba. C\u00e9lul t\u0171zt\u00e9k ki, hogy 2025-re a kisz\u00e1ll\u00edt\u00e1sokn\u00e1l 100 sz\u00e1zal\u00e9kban z\u00e9r\u00f3 emisszi\u00f3s j\u00e1rm\u0171veket haszn\u00e1ljanak, az \u00e9ttermi k\u00edn\u00e1latban pedig tov\u00e1bb n\u0151 a n\u00f6v\u00e9nyi alap\u00fa \u00e9telk\u00edn\u00e1lat, amely a f\u0151\u00e9telekn\u00e9l el\u00e9rheti az 50 sz\u00e1zal\u00e9kot j\u00f6v\u0151 \u00e9v v\u00e9g\u00e9re, \u00e9s az \u00e9telek 80 sz\u00e1zal\u00e9ka nem tartalmaz v\u00f6r\u00f6s h\u00fast. A fenntarthat\u00f3s\u00e1gi c\u00e9lokat t\u00e1mogatja a b\u00fatorment\u0151 pontok l\u00e9trehoz\u00e1sa, ahol a v\u00e1s\u00e1rl\u00f3k a haszn\u00e1lt \u00e9s fel\u00faj\u00edtott term\u00e9keket v\u00e1s\u00e1rolhatnak kedvez\u0151bb \u00e1ron &#8211; sorolta.<br \/>\nAz IKEA mintegy 19,2 milli\u00e1rd forintb\u00f3l b\u0151v\u00edti legnagyobb magyarorsz\u00e1gi \u00e1ruh\u00e1z\u00e1t Soroks\u00e1ron, err\u0151l Pethe\u0151 Gergely Kriszti\u00e1n, a Soroks\u00e1r 2.0 n\u00e9ven fut\u00f3 projekt vezet\u0151je besz\u00e9lt. A novemberben indult \u00e9s v\u00e1rhat\u00f3an 2025-ben z\u00e1rul\u00f3 \u00e1talak\u00edt\u00e1s sor\u00e1n az \u00e1ruh\u00e1z v\u00e1ltozatlan nyitvatart\u00e1ssal \u00fczemel &#8211; mondta.<br \/>\nA beruh\u00e1z\u00e1st k\u00f6vet\u0151en a jelenlegi mintegy 35 ezres havi online rendel\u00e9si volumen ak\u00e1r 80 sz\u00e1zal\u00e9kkal is n\u0151het, ezzel \u00fagy b\u0151v\u00edtheti \u00fcgyf\u00e9lk\u00f6r\u00e9t az IKEA, hogy \u00f6n\u00e1ll\u00f3 disztrib\u00faci\u00f3s k\u00f6zpontot hoz l\u00e9tre. A fejleszt\u00e9sek sor\u00e1n b\u0151v\u00fcl a rakt\u00e1rkapacit\u00e1s \u00e9s a logisztikai megold\u00e1sok nagyobb r\u00e9sze is automatiz\u00e1lt lesz &#8211; fogalmazott.<br \/>\nA t\u00f6bbcsatorn\u00e1s \u00e9rt\u00e9kes\u00edt\u00e9si modell r\u00e9szek\u00e9nt, a fizikai \u00e9s digit\u00e1lis megold\u00e1sokat vegy\u00edtve a soroks\u00e1ri \u00e1ruh\u00e1z egy sor innovat\u00edv funkci\u00f3val gazdagodik &#8211; mondta.<br \/>\nA Home Lab helyis\u00e9g kialak\u00edt\u00e1s\u00e1val a v\u00e1s\u00e1rl\u00f3k k\u00f6zvetlen\u00fcl a koncepci\u00f3 \u00f6ssze\u00e1ll\u00edt\u00e1sa ut\u00e1n val\u00f3s m\u00e9retben \u00e9s sz\u00ednben l\u00e1thatj\u00e1k a tervezett megold\u00e1sukat, miel\u0151tt v\u00e9gleges d\u00f6nt\u00e9st hozn\u00e1nak. A kompass (ir\u00e1nyt\u0171) alkalmaz\u00e1s, egy GPS-navig\u00e1torhoz hasonl\u00f3an seg\u00edti a v\u00e1s\u00e1rl\u00f3k t\u00e1j\u00e9koz\u00f3d\u00e1s\u00e1t, a k\u00edv\u00e1nt term\u00e9k megtal\u00e1l\u00e1s\u00e1t az \u00e1ruh\u00e1zakban.<br \/>\nAz eg\u00e9sz \u00e1ruh\u00e1z ter\u00fclet\u00e9n el\u00e9rhet\u0151 tervez\u0151- \u00e9s rendel\u00e9si kioszkok, \u00f6nkiszolg\u00e1l\u00f3 p\u00e9nzt\u00e1rak, valamint az elad\u00f3kn\u00e1l l\u00e9v\u0151 mobil termin\u00e1lok bevezet\u00e9s\u00e9vel az IKEA lehet\u0151v\u00e9 teszi, hogy a l\u00e1togat\u00f3k megv\u00e1ltoztass\u00e1k a v\u00e1s\u00e1rl\u00e1s sorrendj\u00e9t \u00e9s m\u00e1r a barangol\u00e1s sor\u00e1n fizethetnek, \u00e9s mire a kij\u00e1rathoz \u00e9rkeznek, ak\u00e1r egyb\u0151l \u00e1t is vehetik az \u00f6sszek\u00e9sz\u00edtett csomagjukat. Pethe\u0151 Gergely Kriszti\u00e1n k\u00e9rd\u00e9sre v\u00e1laszolva elmondta, hogy a pilot projektk\u00e9nt fut\u00f3 soroks\u00e1ri fejleszt\u00e9s tapasztalatai, valamint annak p\u00e9nz\u00fcgyi vonzatainak \u00e9rt\u00e9kel\u00e9se ut\u00e1n d\u00f6nthetnek a szolg\u00e1ltat\u00e1si k\u00f6r\u00f6k b\u0151v\u00edt\u00e9s\u00e9r\u0151l a buda\u00f6rsi illetve az \u00d6rs vez\u00e9r t\u00e9ri \u00e1ruh\u00e1zban.(MTI)<\/p>\n","protected":false},"excerpt":{"rendered":"<p>Az IKEA Magyarorsz\u00e1g a 2023-es p\u00e9nz\u00fcgyi \u00e9vben 145 milli\u00e1rd forint forgalmat \u00e9rt el, 11 sz\u00e1zal\u00e9kkal t\u00f6bbet, mint egy \u00e9vvel kor\u00e1bban; a h\u00e1rom hazai \u00e1ruh\u00e1z\u00e1ban 8,1 milli\u00f3 v\u00e1s\u00e1rl\u00f3t fogadtak az el\u0151z\u0151 \u00e9vi 8 milli\u00f3 ut\u00e1n &#8211; k\u00f6z\u00f6lt\u00e9k a szerdai sajt\u00f3t\u00e1j\u00e9koztat\u00f3n.<\/p>\n","protected":false},"author":1001010,"featured_media":0,"comment_status":"open","ping_status":"open","sticky":false,"template":"","format":"standard","meta":[],"categories":[19],"tags":[],"_links":{"self":[{"href":"https:\/\/gazdasagportal.hu\/index.php\/wp-json\/wp\/v2\/posts\/145151"}],"collection":[{"href":"https:\/\/gazdasagportal.hu\/index.php\/wp-json\/wp\/v2\/posts"}],"about":[{"href":"https:\/\/gazdasagportal.hu\/index.php\/wp-json\/wp\/v2\/types\/post"}],"author":[{"embeddable":true,"href":"https:\/\/gazdasagportal.hu\/index.php\/wp-json\/wp\/v2\/users\/1001010"}],"replies":[{"embeddable":true,"href":"https:\/\/gazdasagportal.hu\/index.php\/wp-json\/wp\/v2\/comments?post=145151"}],"version-history":[{"count":1,"href":"https:\/\/gazdasagportal.hu\/index.php\/wp-json\/wp\/v2\/posts\/145151\/revisions"}],"predecessor-version":[{"id":145152,"href":"https:\/\/gazdasagportal.hu\/index.php\/wp-json\/wp\/v2\/posts\/145151\/revisions\/145152"}],"wp:attachment":[{"href":"https:\/\/gazdasagportal.hu\/index.php\/wp-json\/wp\/v2\/media?parent=145151"}],"wp:term":[{"taxonomy":"category","embeddable":true,"href":"https:\/\/gazdasagportal.hu\/index.php\/wp-json\/wp\/v2\/categories?post=145151"},{"taxonomy":"post_tag","embeddable":true,"href":"https:\/\/gazdasagportal.hu\/index.php\/wp-json\/wp\/v2\/tags?post=145151"}],"curies":[{"name":"wp","href":"https:\/\/api.w.org\/{rel}","templated":true}]}}