{"id":145135,"date":"2024-01-23T11:58:33","date_gmt":"2024-01-23T10:58:33","guid":{"rendered":"https:\/\/gazdasagportal.hu\/?p=145135"},"modified":"2024-01-23T11:58:33","modified_gmt":"2024-01-23T10:58:33","slug":"kozel-a-duplajara-no-az-orlen-toltoallomasok-szama-magyarorszagon","status":"publish","type":"post","link":"https:\/\/gazdasagportal.hu\/index.php\/kozel-a-duplajara-no-az-orlen-toltoallomasok-szama-magyarorszagon\/","title":{"rendered":"K\u00f6zel a dupl\u00e1j\u00e1ra n\u0151 az ORLEN-t\u00f6lt\u0151\u00e1llom\u00e1sok sz\u00e1ma Magyarorsz\u00e1gon"},"content":{"rendered":"<p><strong>A magyarorsz\u00e1gi h\u00e1l\u00f3zatb\u0151v\u00edt\u00e9s k\u00f6vetkez\u0151 l\u00e9p\u00e9sek\u00e9nt<\/strong> <strong>janu\u00e1rt\u00f3l \u00e1prilis v\u00e9g\u00e9ig tov\u00e1bbi 63 t\u00f6lt\u0151\u00e1llom\u00e1s ker\u00fcl az ORLEN Magyarorsz\u00e1g tulajdon\u00e1ba, ezekkel egy\u00fctt \u00f6sszesen 141 helysz\u00ednen lesznek el\u00e9rhet\u0151k a v\u00e1llalat szolg\u00e1ltat\u00e1sai a hazai piacon. A m\u00e1sodik \u00fctemben \u00e1tvett kutak k\u00f6z\u00fcl az els\u0151t janu\u00e1r 8-\u00e1n kapta meg a v\u00e1llalat, n\u00e9gy nappal k\u00e9s\u0151bb pedig meg is nyitott\u00e1k az ORLEN sz\u00edneiben ezt a t\u00f6lt\u0151\u00e1llom\u00e1st Budapesten, a Buda\u00f6rsi \u00faton. Az \u00e1talak\u00edt\u00e1sok a tervek szerint hasonl\u00f3 \u00fctemben zajlanak majd, \u00e1tlagosan \u00f6t nap telik el a munk\u00e1latok kezdet\u00e9t\u0151l a nyit\u00e1sig. <\/strong><!--more--><\/p>\n<div class=\"ads-in-post2\"><script async src=\"https:\/\/pagead2.googlesyndication.com\/pagead\/js\/adsbygoogle.js\"><\/script>\r\n<ins class=\"adsbygoogle\"\r\n     style=\"display:block\"\r\n     data-ad-format=\"fluid\"\r\n     data-ad-layout-key=\"-6t+ed+2i-1n-4w\"\r\n     data-ad-client=\"ca-pub-1959107119989764\"\r\n     data-ad-slot=\"4008251320\"><\/ins>\r\n<script>\r\n     (adsbygoogle = window.adsbygoogle || []).push({});\r\n<\/script><\/div>\n<p>Orsz\u00e1gszerte t\u00f6bb tucat \u00faj helysz\u00ednen tankolhatnak majd az aut\u00f3sok az ORLEN min\u0151s\u00e9gi \u00fczemanyagaib\u00f3l. Az \u00fctemterv alapj\u00e1n \u00e1prilis v\u00e9g\u00e9ig \u00e1tlagosan hetente 4 \u00faj egys\u00e9get nyit a v\u00e1llalat. Az els\u0151k\u00e9nt megnyitott Buda\u00f6rsi \u00fati t\u00f6lt\u0151\u00e1llom\u00e1s mellett tov\u00e1bbi 8 f\u0151v\u00e1rosi kutat vesz \u00e1t az ORLEN, ezzel a budapesti helysz\u00ednek sz\u00e1ma 19-re n\u0151. A f\u0151v\u00e1roson t\u00fal olyan fontos v\u00e1rmegyesz\u00e9khelyekre is meg\u00e9rkezik id\u00e9n a h\u00e1l\u00f3zat piros sasos embl\u00e9m\u00e1ja, mint Gy\u0151r, Sz\u00e9kesfeh\u00e9rv\u00e1r, Kaposv\u00e1r vagy Szombathely, jelent\u0151sen megk\u00f6nny\u00edtve ezzel sok vid\u00e9ken k\u00f6zleked\u0151 aut\u00f3s mindennapjait.<\/p>\n<p>A v\u00e1llalat azokat a nagyv\u00e1rosokat sem hagyja ki a sorb\u00f3l, ahol m\u00e1r kor\u00e1bban is voltak t\u00f6lt\u0151\u00e1llom\u00e1sai. Az idei \u00e9vt\u0151l Kecskem\u00e9ten n\u00e9gy; Szegeden, Ny\u00edregyh\u00e1z\u00e1n \u00e9s Debrecenben h\u00e1rom-h\u00e1rom; Miskolcon, Zalaegerszegen, B\u00e9k\u00e9scsab\u00e1n, P\u00e9csett \u00e9s Veszpr\u00e9mben pedig k\u00e9t-k\u00e9t ORLEN-k\u00faton tankolhatnak majd a k\u00f6rny\u00e9ken aut\u00f3z\u00f3k. Ezek mellett fontos turisztikai desztin\u00e1ci\u00f3k vonz\u00e1sk\u00f6rzet\u00e9ben is terjeszkedik az ORLEN, mint p\u00e9ld\u00e1ul Szarvas \u00e9s Cserkesz\u00f6l\u0151, az aut\u00f3p\u00e1ly\u00e1k ment\u00e9n ny\u00edl\u00f3 kutaknak k\u00f6sz\u00f6nhet\u0151en pedig p\u00e9ld\u00e1ul Horv\u00e1torsz\u00e1g is k\u00f6nnyebben el\u00e9rhet\u0151v\u00e9 v\u00e1lik.<\/p><div id=\"gazda-3272712220\" class=\"gazda-tartalomban gazda-entity-placement\"><script async src=\"https:\/\/pagead2.googlesyndication.com\/pagead\/js\/adsbygoogle.js\"><\/script>\r\n<ins class=\"adsbygoogle\"\r\n     style=\"display:block\"\r\n     data-ad-format=\"fluid\"\r\n     data-ad-layout-key=\"-6t+ed+2i-1n-4w\"\r\n     data-ad-client=\"ca-pub-1959107119989764\"\r\n     data-ad-slot=\"4008251320\"><\/ins>\r\n<script>\r\n     (adsbygoogle = window.adsbygoogle || []).push({});\r\n<\/script><\/div>\n<p><em>\u201eAz ORLEN-n\u00e9l az a c\u00e9lunk, hogy v\u00e1s\u00e1rl\u00f3inknak orsz\u00e1gszerte magas sz\u00ednvonal\u00fa szolg\u00e1ltat\u00e1sokat ny\u00fajtsunk. Ennek \u00e9rdek\u00e9ben m\u00e1r tavaly elkezdt\u00fck a kutak \u00e1tv\u00e9tel\u00e9nek el\u0151k\u00e9sz\u00edt\u00e9s\u00e9t, \u00edgy most rendk\u00edv\u00fcl hat\u00e9konyan, \u00e1tlagosan \u00f6t nap alatt fel tudjuk k\u00e9sz\u00edteni az \u00faj helysz\u00edneket a nyit\u00e1sra. Ez egy jelent\u0151s m\u00e9rf\u00f6ldk\u0151 az ORLEN magyarorsz\u00e1gi t\u00f6rt\u00e9net\u00e9ben, ami j\u00f3l mutatja a hossz\u00fa t\u00e1v\u00fa elk\u00f6telezetts\u00e9g\u00fcnket. T\u00f6lt\u0151\u00e1llom\u00e1saink sz\u00e1ma k\u00f6zel dupl\u00e1j\u00e1ra n\u0151 az elk\u00f6vetkez\u0151 id\u0151szakban, \u00edgy m\u00e9g sz\u00e9lesebb k\u00f6rben lesznek el\u00e9rhet\u0151k az ORLEN min\u0151s\u00e9gi \u00fczemanyagai \u00e9s \u00e9rt\u00e9kn\u00f6velt szolg\u00e1ltat\u00e1sai.\u201d \u2013 <\/em>mondta el Jaroslaw Szeliga, az ORLEN magyarorsz\u00e1gi \u00fcgyvezet\u0151je a t\u00f6lt\u0151\u00e1llom\u00e1s-h\u00e1l\u00f3zat b\u0151v\u00fcl\u00e9se kapcs\u00e1n.<\/p>\n<p>A meg\u00fajul\u00e1s nem csak a k\u00fath\u00e1l\u00f3zatot \u00e9rinti, a v\u00e1llalat id\u00e9n tov\u00e1bb b\u0151v\u00edti szolg\u00e1ltat\u00e1sainak k\u00f6r\u00e9t a m\u00e1r megl\u00e9v\u0151 \u00e9s az \u00fajonnan \u00e1tvett t\u00f6lt\u0151\u00e1llom\u00e1sokon is. Az \u00faj kutak k\u00f6z\u00f6tt t\u00f6bb helysz\u00ednen is \u00fczemel majd g\u00e9pi aut\u00f3mos\u00f3, emellett a k\u00f6zkedvelt DESPAR-\u00fczletek sz\u00e1ma is tov\u00e1bb n\u00f6vekszik, \u00edgy az aut\u00f3sok k\u00f6nnyen \u00f6sszek\u00f6thetik a bev\u00e1s\u00e1rl\u00e1st a tankol\u00e1ssal. Az els\u0151k\u00e9nt 2023 nyar\u00e1n bemutatott Stop.Cafe \u00e9ttermi koncepci\u00f3t is t\u00f6bb helysz\u00ednen bevezeti az ORLEN, sz\u00e1mos t\u00f6lt\u0151\u00e1llom\u00e1st pedig fel\u00faj\u00edt a v\u00e1llalat 2024-ben.<\/p>\n<p>A magyarorsz\u00e1gi b\u0151v\u00edt\u00e9s az ORLEN region\u00e1lis fejleszt\u00e9si strat\u00e9gi\u00e1j\u00e1hoz igazodik, amelynek r\u00e9szek\u00e9nt a v\u00e1llalatcsoport nemr\u00e9g a szomsz\u00e9dos Ausztri\u00e1ban is piacra l\u00e9pett. \u00cdgy a magyar aut\u00f3sok id\u00e9n t\u00e9len ak\u00e1r kiz\u00e1r\u00f3lag az ORLEN \u00fczemanyagaival el\u00e9rhetik a n\u00e9pszer\u0171 s\u00edk\u00f6zpontokat \u00e9s ak\u00e1r N\u00e9metorsz\u00e1g nagyv\u00e1rosait is. Az ORLEN h\u00e1l\u00f3zata \u00edgy m\u00e1r \u00f6sszesen 7 k\u00f6z\u00e9p-eur\u00f3pai orsz\u00e1gban van jelen.<\/p>\n<p>&nbsp;<\/p>\n<p>&nbsp;<\/p>\n<p>Az ORLEN 2022. december 1-j\u00e9n l\u00e9pett be a magyar \u00fczemanyag-kiskereskedelmi piacra, \u00e9s 2024. \u00e1prilis v\u00e9g\u00e9re 141 t\u00f6lt\u0151\u00e1llom\u00e1s \u00fczemeltet\u00e9s\u00e9t tervezi. Jelenleg 84 t\u00f6lt\u0151\u00e1llom\u00e1st \u00fczemeltet Magyarorsz\u00e1gon ORLEN m\u00e1rkan\u00e9v alatt.<\/p>\n<p>A magyarorsz\u00e1gi akviz\u00edci\u00f3 \u00f6sszhangban van az ORLEN Csoport strat\u00e9gi\u00e1j\u00e1val, amely 2030-ig a kiskereskedelmi h\u00e1l\u00f3zat\u00e1nak 3500 telephelyre t\u00f6rt\u00e9n\u0151 b\u0151v\u00edt\u00e9s\u00e9t t\u0171zte ki c\u00e9lul, amelynek 45%-a Lengyelorsz\u00e1gon k\u00edv\u00fcl tal\u00e1lhat\u00f3. Az ORLEN jelenleg 3 439 t\u00f6lt\u0151\u00e1llom\u00e1ssal rendelkezik, amelyek k\u00f6z\u00fcl 1 931 Lengyelorsz\u00e1gban m\u0171k\u00f6dik, tov\u00e1bbi 1 508 pedig a k\u00fclf\u00f6ldi piacokon: N\u00e9metorsz\u00e1gban (607), a Cseh K\u00f6zt\u00e1rsas\u00e1gban (436), Ausztri\u00e1ban (267), Magyarorsz\u00e1gon (141*), Szlov\u00e1ki\u00e1ban (90) \u00e9s Litv\u00e1ni\u00e1ban (30). A Lengyelorsz\u00e1gon k\u00edv\u00fcli l\u00e9tes\u00edtm\u00e9nyek az ORLEN teljes h\u00e1l\u00f3zat\u00e1nak k\u00f6zel 44%-\u00e1t teszik ki.<\/p>\n","protected":false},"excerpt":{"rendered":"<p>A magyarorsz\u00e1gi h\u00e1l\u00f3zatb\u0151v\u00edt\u00e9s k\u00f6vetkez\u0151 l\u00e9p\u00e9sek\u00e9nt janu\u00e1rt\u00f3l \u00e1prilis v\u00e9g\u00e9ig tov\u00e1bbi 63 t\u00f6lt\u0151\u00e1llom\u00e1s ker\u00fcl az ORLEN Magyarorsz\u00e1g tulajdon\u00e1ba, ezekkel egy\u00fctt \u00f6sszesen 141 helysz\u00ednen lesznek el\u00e9rhet\u0151k a v\u00e1llalat szolg\u00e1ltat\u00e1sai a hazai piacon. A m\u00e1sodik \u00fctemben \u00e1tvett kutak k\u00f6z\u00fcl az els\u0151t janu\u00e1r 8-\u00e1n kapta meg a v\u00e1llalat, n\u00e9gy nappal k\u00e9s\u0151bb pedig meg is nyitott\u00e1k az ORLEN sz\u00edneiben ezt a &#8230;<\/p>\n","protected":false},"author":1001010,"featured_media":0,"comment_status":"open","ping_status":"open","sticky":false,"template":"","format":"standard","meta":[],"categories":[19],"tags":[],"_links":{"self":[{"href":"https:\/\/gazdasagportal.hu\/index.php\/wp-json\/wp\/v2\/posts\/145135"}],"collection":[{"href":"https:\/\/gazdasagportal.hu\/index.php\/wp-json\/wp\/v2\/posts"}],"about":[{"href":"https:\/\/gazdasagportal.hu\/index.php\/wp-json\/wp\/v2\/types\/post"}],"author":[{"embeddable":true,"href":"https:\/\/gazdasagportal.hu\/index.php\/wp-json\/wp\/v2\/users\/1001010"}],"replies":[{"embeddable":true,"href":"https:\/\/gazdasagportal.hu\/index.php\/wp-json\/wp\/v2\/comments?post=145135"}],"version-history":[{"count":2,"href":"https:\/\/gazdasagportal.hu\/index.php\/wp-json\/wp\/v2\/posts\/145135\/revisions"}],"predecessor-version":[{"id":145137,"href":"https:\/\/gazdasagportal.hu\/index.php\/wp-json\/wp\/v2\/posts\/145135\/revisions\/145137"}],"wp:attachment":[{"href":"https:\/\/gazdasagportal.hu\/index.php\/wp-json\/wp\/v2\/media?parent=145135"}],"wp:term":[{"taxonomy":"category","embeddable":true,"href":"https:\/\/gazdasagportal.hu\/index.php\/wp-json\/wp\/v2\/categories?post=145135"},{"taxonomy":"post_tag","embeddable":true,"href":"https:\/\/gazdasagportal.hu\/index.php\/wp-json\/wp\/v2\/tags?post=145135"}],"curies":[{"name":"wp","href":"https:\/\/api.w.org\/{rel}","templated":true}]}}