{"id":145124,"date":"2024-01-21T11:49:47","date_gmt":"2024-01-21T10:49:47","guid":{"rendered":"https:\/\/gazdasagportal.hu\/?p=145124"},"modified":"2024-01-21T11:49:47","modified_gmt":"2024-01-21T10:49:47","slug":"heti-makronaptar-foglalkoztatasi-kereseti-es-allamhaztartasi-adatok-jelennek-meg-a-jovo-heten","status":"publish","type":"post","link":"https:\/\/gazdasagportal.hu\/index.php\/heti-makronaptar-foglalkoztatasi-kereseti-es-allamhaztartasi-adatok-jelennek-meg-a-jovo-heten\/","title":{"rendered":"Heti makronapt\u00e1r &#8211; Foglalkoztat\u00e1si, kereseti \u00e9s \u00e1llamh\u00e1ztart\u00e1si adatok jelennek meg a j\u00f6v\u0151 h\u00e9ten"},"content":{"rendered":"<p><strong>A foglalkoztat\u00e1s \u00e9s munkan\u00e9lk\u00fclis\u00e9g aktu\u00e1lis helyzet\u00e9r\u0151l, valamint a keresetek alakul\u00e1s\u00e1r\u00f3l k\u00f6z\u00f6l adatokat a statisztikai hivatal a j\u00f6v\u0151 h\u00e9ten, a P\u00e9nz\u00fcgyminiszt\u00e9rium (PM) pedig k\u00f6zz\u00e9teszi az \u00e1llamh\u00e1ztart\u00e1s 2023. \u00e9vi r\u00e9szletes adatait.<\/strong><!--more--><\/p>\n<div class=\"ads-in-post2\"><script async src=\"https:\/\/pagead2.googlesyndication.com\/pagead\/js\/adsbygoogle.js\"><\/script>\r\n<ins class=\"adsbygoogle\"\r\n     style=\"display:block\"\r\n     data-ad-format=\"fluid\"\r\n     data-ad-layout-key=\"-6t+ed+2i-1n-4w\"\r\n     data-ad-client=\"ca-pub-1959107119989764\"\r\n     data-ad-slot=\"4008251320\"><\/ins>\r\n<script>\r\n     (adsbygoogle = window.adsbygoogle || []).push({});\r\n<\/script><\/div>\n<p>    H\u00e9tf\u0151n jelenik meg a PM r\u00e9szletes t\u00e1j\u00e9koztat\u00f3ja az \u00e1llamh\u00e1ztart\u00e1s k\u00f6zponti alrendszer\u00e9nek 2023. \u00e9vi alakul\u00e1s\u00e1r\u00f3l. December v\u00e9g\u00e9ig a k\u00f6lts\u00e9gvet\u00e9s 4593,4 milli\u00e1rd forintos hi\u00e1nnyal z\u00e1rt. Ezen bel\u00fcl a k\u00f6zponti k\u00f6lts\u00e9gvet\u00e9s 4293,3 milli\u00e1rd forintos hi\u00e1nyt, az elk\u00fcl\u00f6n\u00edtett \u00e1llami p\u00e9nzalapok 112,3 milli\u00e1rd forintos t\u00f6bbletet, a t\u00e1rsadalombiztos\u00edt\u00e1s p\u00e9nz\u00fcgyi alapjai pedig 412,3 milli\u00e1rd forintos hi\u00e1nyt mutattak. A 2023. \u00e9vi p\u00e9nzforgalmi hi\u00e1ny teh\u00e1t alacsonyabb volt a 2022. \u00e9vin\u00e9l (4672,1 milli\u00e1rd forint).<br \/>\n    Kedden a keresetek tavaly novemberi adatait k\u00f6zli a K\u00f6zponti Statisztikai Hivatal (KSH). Tavaly okt\u00f3berben a teljes munkaid\u0151ben alkalmaz\u00e1sban \u00e1ll\u00f3k brutt\u00f3 \u00e1tlagkeresete 564 400, a kedvezm\u00e9nyek figyelembev\u00e9tel\u00e9vel sz\u00e1molt nett\u00f3 \u00e1tlagkereset 389 300 forint volt. A brutt\u00f3 \u00e9s a nett\u00f3 \u00e1tlagkereset egyar\u00e1nt 14,0 sz\u00e1zal\u00e9kkal, a re\u00e1lkereset 3,7 sz\u00e1zal\u00e9kkal n\u0151tt az egy \u00e9vvel kor\u00e1bbihoz k\u00e9pest.<br \/>\n    P\u00e9nteken a foglalkoztatotts\u00e1g-munkan\u00e9lk\u00fclis\u00e9g tavaly decemberi adatait k\u00f6zli a KSH. Tavaly novemberben 18 ezerrel, 4 milli\u00f3 736 ezerre n\u0151tt a 15-74 \u00e9ves foglalkoztatottak \u00e1tlagos l\u00e9tsz\u00e1ma az el\u0151z\u0151 \u00e9v azonos id\u0151szak\u00e1hoz k\u00e9pest, szeptember-novemberben 4 milli\u00f3 755 ezret tett ki. A hazai els\u0151dleges munkaer\u0151piacon dolgoz\u00f3k sz\u00e1ma 34 ezerrel, a k\u00fclf\u00f6ld\u00f6n dolgoz\u00f3k\u00e9 13 ezerrel n\u0151tt, a k\u00f6zfoglalkoztatottak\u00e9 6 ezerrel cs\u00f6kkent az egy \u00e9vvel kor\u00e1bbhoz k\u00e9pest.<br \/>\n    A munkan\u00e9lk\u00fcliek sz\u00e1ma 2023 november\u00e9ben 207 ezer, a munkan\u00e9lk\u00fclis\u00e9gi r\u00e1ta 4,2 sz\u00e1zal\u00e9k volt. A 2023. szeptember-novemberi id\u0151szakban a 15-74 \u00e9ves munkan\u00e9lk\u00fcliek sz\u00e1ma 29 ezerrel, 212 ezerre, a munkan\u00e9lk\u00fclis\u00e9gi r\u00e1ta 0,5 sz\u00e1zal\u00e9kponttal, 4,3 sz\u00e1zal\u00e9kra n\u0151tt az egy \u00e9vvel kor\u00e1bbihoz k\u00e9pest.(MTI)<\/p>\n","protected":false},"excerpt":{"rendered":"<p>A foglalkoztat\u00e1s \u00e9s munkan\u00e9lk\u00fclis\u00e9g aktu\u00e1lis helyzet\u00e9r\u0151l, valamint a keresetek alakul\u00e1s\u00e1r\u00f3l k\u00f6z\u00f6l adatokat a statisztikai hivatal a j\u00f6v\u0151 h\u00e9ten, a P\u00e9nz\u00fcgyminiszt\u00e9rium (PM) pedig k\u00f6zz\u00e9teszi az \u00e1llamh\u00e1ztart\u00e1s 2023. \u00e9vi r\u00e9szletes adatait.<\/p>\n","protected":false},"author":1001010,"featured_media":0,"comment_status":"open","ping_status":"open","sticky":false,"template":"","format":"standard","meta":[],"categories":[19],"tags":[],"_links":{"self":[{"href":"https:\/\/gazdasagportal.hu\/index.php\/wp-json\/wp\/v2\/posts\/145124"}],"collection":[{"href":"https:\/\/gazdasagportal.hu\/index.php\/wp-json\/wp\/v2\/posts"}],"about":[{"href":"https:\/\/gazdasagportal.hu\/index.php\/wp-json\/wp\/v2\/types\/post"}],"author":[{"embeddable":true,"href":"https:\/\/gazdasagportal.hu\/index.php\/wp-json\/wp\/v2\/users\/1001010"}],"replies":[{"embeddable":true,"href":"https:\/\/gazdasagportal.hu\/index.php\/wp-json\/wp\/v2\/comments?post=145124"}],"version-history":[{"count":1,"href":"https:\/\/gazdasagportal.hu\/index.php\/wp-json\/wp\/v2\/posts\/145124\/revisions"}],"predecessor-version":[{"id":145125,"href":"https:\/\/gazdasagportal.hu\/index.php\/wp-json\/wp\/v2\/posts\/145124\/revisions\/145125"}],"wp:attachment":[{"href":"https:\/\/gazdasagportal.hu\/index.php\/wp-json\/wp\/v2\/media?parent=145124"}],"wp:term":[{"taxonomy":"category","embeddable":true,"href":"https:\/\/gazdasagportal.hu\/index.php\/wp-json\/wp\/v2\/categories?post=145124"},{"taxonomy":"post_tag","embeddable":true,"href":"https:\/\/gazdasagportal.hu\/index.php\/wp-json\/wp\/v2\/tags?post=145124"}],"curies":[{"name":"wp","href":"https:\/\/api.w.org\/{rel}","templated":true}]}}