{"id":145110,"date":"2024-01-19T17:55:45","date_gmt":"2024-01-19T16:55:45","guid":{"rendered":"https:\/\/gazdasagportal.hu\/?p=145110"},"modified":"2024-01-19T10:58:45","modified_gmt":"2024-01-19T09:58:45","slug":"megvan-a-2023-as-inflacio-ennyi-lesz-az-uj-kamata-az-inflaciokoveto-allampapiroknak","status":"publish","type":"post","link":"https:\/\/gazdasagportal.hu\/index.php\/megvan-a-2023-as-inflacio-ennyi-lesz-az-uj-kamata-az-inflaciokoveto-allampapiroknak\/","title":{"rendered":"Megvan a 2023-as infl\u00e1ci\u00f3: ennyi lesz az \u00faj kamata az infl\u00e1ci\u00f3k\u00f6vet\u0151 \u00e1llampap\u00edroknak!"},"content":{"rendered":"<p><strong>A Pr\u00e9mium Magyar \u00c1llampap\u00edr 2023-ban az egyik legkedveltebb lakoss\u00e1gi befektet\u00e9ss\u00e9 v\u00e1lt, novemberben csaknem 7000 milli\u00e1rd forintnyi \u00e1llom\u00e1nyt tartottak az infl\u00e1ci\u00f3k\u00f6vet\u0151 k\u00f6tv\u00e9nyekben a megtakar\u00edt\u00f3k. A decemberi infl\u00e1ci\u00f3s adat ismeret\u00e9ben m\u00e1r tudjuk, hogy 17,6% lett a tavalyi \u00e1tlagos infl\u00e1ci\u00f3 \u2013 ez lesz teh\u00e1t a pap\u00edrok \u00faj kamatb\u00e1zisa. A <\/strong><a href=\"https:\/\/bankmonitor.hu\/\" target=\"_blank\" rel=\"noopener\"><strong>Bankmonitor<\/strong><\/a><strong> ez alapj\u00e1n \u00f6sszegy\u0171jt\u00f6tte, mennyi lesz a megl\u00e9v\u0151 PM\u00c1P-sorozatok kamata a 2024-ben kezd\u0151d\u0151 \u00faj kamatperi\u00f3dusukban.<\/strong><!--more--><\/p>\n<div class=\"ads-in-post2\"><script async src=\"https:\/\/pagead2.googlesyndication.com\/pagead\/js\/adsbygoogle.js\"><\/script>\r\n<ins class=\"adsbygoogle\"\r\n     style=\"display:block\"\r\n     data-ad-format=\"fluid\"\r\n     data-ad-layout-key=\"-6t+ed+2i-1n-4w\"\r\n     data-ad-client=\"ca-pub-1959107119989764\"\r\n     data-ad-slot=\"4008251320\"><\/ins>\r\n<script>\r\n     (adsbygoogle = window.adsbygoogle || []).push({});\r\n<\/script><\/div>\n<p>F\u00e9nykor\u00e1t \u00e9li id\u00e9n a Pr\u00e9mium Magyar \u00c1llampap\u00edr: a 26 \u00e9ves rekordnak sz\u00e1m\u00edt\u00f3 17,6%-os tavalyi \u00e1tlagos infl\u00e1ci\u00f3 k\u00f6vetkezt\u00e9ben kor\u00e1bban sosem l\u00e1tott magass\u00e1gokba,\u00a0bizonyos sorozatok eset\u00e9ben 19% f\u00f6l\u00e9 emelkedik a pap\u00edr kamata a 2024-ben kezd\u0151d\u0151 kamatperi\u00f3dusban.\u00a0(Az infl\u00e1ci\u00f3k\u00f6vet\u0151 \u00e1llampap\u00edrok kamata k\u00e9t r\u00e9szb\u0151l tev\u0151dik \u00f6ssze: az el\u0151z\u0151 napt\u00e1ri \u00e9vi \u00e1tlagos infl\u00e1ci\u00f3ra, mint kamatb\u00e1zisra rak\u00f3dik r\u00e1 n\u00e9mi &#8211; legfeljebb 1,5 sz\u00e1zal\u00e9kpontnyi &#8211; kamatpr\u00e9mium.) Erre k\u00e9sz\u00fclve a megtakar\u00edt\u00f3k alaposan bev\u00e1s\u00e1roltak a k\u00f6tv\u00e9nyb\u0151l: 2023 \u0151sz\u00e9n a PM\u00c1P-ot m\u00e1r minden id\u0151k legn\u00e9pszer\u0171bb lakoss\u00e1gi \u00e1llampap\u00edrj\u00e1nak tekinthett\u00fck a maga 6954 milli\u00e1rd forintos \u00e1llom\u00e1ny\u00e1val.<\/p>\n<p><strong>Ennyi lesz a Pr\u00e9mium Magyar \u00c1llampap\u00edrok \u00faj kamata<\/strong><\/p><div id=\"gazda-4035968898\" class=\"gazda-tartalomban gazda-entity-placement\"><script async src=\"https:\/\/pagead2.googlesyndication.com\/pagead\/js\/adsbygoogle.js\"><\/script>\r\n<ins class=\"adsbygoogle\"\r\n     style=\"display:block\"\r\n     data-ad-format=\"fluid\"\r\n     data-ad-layout-key=\"-6t+ed+2i-1n-4w\"\r\n     data-ad-client=\"ca-pub-1959107119989764\"\r\n     data-ad-slot=\"4008251320\"><\/ins>\r\n<script>\r\n     (adsbygoogle = window.adsbygoogle || []).push({});\r\n<\/script><\/div>\n<p>Jelenleg 22 k\u00fcl\u00f6nb\u00f6z\u0151 PM\u00c1P-sorozat van a piacon, melyek lej\u00e1ratai 2024-t\u0151l 2033-ig terjednek. A <a href=\"https:\/\/bankmonitor.hu\/\" target=\"_blank\" rel=\"noopener\">Bankmonitor szak\u00e9rt\u0151i<\/a> \u00f6sszegy\u0171jt\u00f6tt\u00e9k, hogy mikor indul az egyes sorozatok k\u00f6vetkez\u0151 kamatperi\u00f3dusa, mennyit hoznak addig a megl\u00e9v\u0151 pap\u00edrok, \u00e9s azut\u00e1n mennyi lesz az \u00e9ves kamatuk az \u00faj kamatb\u00e1zis alapj\u00e1n. A sz\u00e1m\u00edt\u00e1sokat az al\u00e1bbi t\u00e1bl\u00e1zat tartalmazza.<\/p>\n<p><a href=\"https:\/\/gazdasagportal.hu\/wp-content\/uploads\/2024\/01\/20240119.jpg\"><img decoding=\"async\" loading=\"lazy\" class=\"aligncenter size-full wp-image-145111\" src=\"https:\/\/gazdasagportal.hu\/wp-content\/uploads\/2024\/01\/20240119.jpg\" alt=\"\" width=\"900\" height=\"900\" srcset=\"https:\/\/gazdasagportal.hu\/wp-content\/uploads\/2024\/01\/20240119.jpg 900w, https:\/\/gazdasagportal.hu\/wp-content\/uploads\/2024\/01\/20240119-300x300.jpg 300w, https:\/\/gazdasagportal.hu\/wp-content\/uploads\/2024\/01\/20240119-150x150.jpg 150w, https:\/\/gazdasagportal.hu\/wp-content\/uploads\/2024\/01\/20240119-768x768.jpg 768w, https:\/\/gazdasagportal.hu\/wp-content\/uploads\/2024\/01\/20240119-70x70.jpg 70w\" sizes=\"(max-width: 900px) 100vw, 900px\" \/><\/a><\/p>\n<p>L\u00e1that\u00f3, hogy\u00a0a Pr\u00e9mium Magyar \u00c1llampap\u00edrok v\u00e1s\u00e1rl\u00f3i j\u00f3 l\u00f3ra tettek:\u00a0a 2024-ben kezd\u0151d\u0151 kamatperi\u00f3dusokban az egyes pap\u00edrok \u00e9ves kamatai szinte kiv\u00e9tel n\u00e9lk\u00fcl a 17,85% \u00e9s 19,10% k\u00f6z\u00f6tti tartom\u00e1nyban lesznek. Ez praktikusan azt jelenti, hogy minden befektetett 1 milli\u00f3 forint 178 500 forint \u00e9s 191 000 forint k\u00f6z\u00f6tti kamatot fog megtermelni 1 \u00e9v leforg\u00e1sa alatt.<\/p>\n<p>Kiv\u00e9tel ez al\u00f3l a legutolj\u00e1ra kibocs\u00e1tott,\u00a0<a href=\"https:\/\/bankmonitor.hu\/mediatar\/cikk\/uj-premium-allampapir-indul-drasztikusan-csokken-az-indulo-kamat\/\" target=\"_blank\" rel=\"noopener\">jelenleg v\u00e1s\u00e1rolhat\u00f3 PM\u00c1P, a 2032\/I sorozat.<\/a>\u00a0Ez a pap\u00edr az els\u0151, meglehet\u0151sen hossz\u00fa kamatperi\u00f3dus\u00e1ban \u2013 kb. m\u00e1sf\u00e9l \u00e9ven kereszt\u00fcl \u2013 nem k\u00f6veti az infl\u00e1ci\u00f3t, hanem \u00e9vi 9,9%-os fix kamatot termel. 2025 \u00e1prilis\u00e1t\u00f3l azonban v\u00e1ltoz\u00f3 kamatoz\u00e1s\u00fav\u00e1 alakul, \u00e9s az utols\u00f3 \u00e9v infl\u00e1ci\u00f3ja felett fizet majd kamatpr\u00e9miumot, hasonl\u00f3an az \u00f6sszes t\u00f6bbi Pr\u00e9mium Magyar \u00c1llampap\u00edrhoz.<\/p>\n<p><strong>Mi lesz 2025-ben, amikor lecs\u00f6kkennek a kamatok?<\/strong><\/p>\n<p>Felt\u00e9telezhetj\u00fck, hogy az infl\u00e1ci\u00f3k\u00f6vet\u0151 \u00e1llampap\u00edrok vesz\u00edtenek majd a n\u00e9pszer\u0171s\u00e9g\u00fckb\u0151l, amint meg\u00e9rkeznek a sz\u00e1ml\u00e1kra a 2025-ben esed\u00e9kes, fent bemutatott m\u00e9rt\u00e9k\u0171 kamatok. Ha id\u00e9n val\u00f3ban 5-6% lesz az \u00e9ves \u00e1tlagos infl\u00e1ci\u00f3, akkor ebb\u0151l kifoly\u00f3lag a pap\u00edrok kamata is nagyot fog zuhanni, egyenesen az egysz\u00e1mjegy\u0171 tartom\u00e1nyba.<\/p>\n<p>K\u00e9rd\u00e9s, hogy az akkori befektet\u00e9si piacon lesz-e l\u00e9nyegesen jobb aj\u00e1nlat a Pr\u00e9mium Magyar \u00c1llampap\u00edrok \u00faj kamatain\u00e1l. Ha igen, akkor a lakoss\u00e1g portf\u00f3li\u00f3j\u00e1ban megindulhat egy ahhoz hasonl\u00f3\u00a0<a href=\"https:\/\/bankmonitor.hu\/mediatar\/cikk\/komoly-rekordot-dontott-meg-a-premium-magyar-allampapir\/\" target=\"_blank\" rel=\"noopener\">\u00e1trendez\u0151d\u00e9s<\/a>, mint amilyet az ut\u00f3bbi \u00e9vekben a M\u00c1P Plusz \u00e9s a PM\u00c1P k\u00f6z\u00f6tt l\u00e1ttunk. Ez persze csak akkor lesz lehets\u00e9ges, ha az \u00c1llamkincst\u00e1r megtartja azt a gyakorlat\u00e1t, miszerint\u00a0a lej\u00e1rat el\u0151tt is hajland\u00f3 minim\u00e1lis (1%-os) t\u0151kevesztes\u00e9g \u00e1r\u00e1n visszav\u00e1s\u00e1rolni a megl\u00e9v\u0151 \u00e1llampap\u00edrokat.<\/p>\n<p>Ha azonban az \u00e1ltal\u00e1nos kamatcs\u00f6kken\u00e9sek k\u00f6zepette a PM\u00c1P 2025-ben is versenyk\u00e9pes marad, akkor a megtakar\u00edt\u00f3knak nem lesz okuk kisz\u00e1llni ebb\u0151l a befektet\u00e9sb\u0151l. K\u00fcl\u00f6n\u00f6sen igaz ez a leg\u00fajabb, 2032\/I sorozatsz\u00e1m\u00fa k\u00f6tv\u00e9nyre, ugyanis annak infl\u00e1ci\u00f3 feletti kamatpr\u00e9miuma az utols\u00f3 3 \u00e9vben 0,50 sz\u00e1zal\u00e9kpontr\u00f3l 1,00 sz\u00e1zal\u00e9kpontra n\u0151, \u00edgy jutalmazva azokat a v\u00e1s\u00e1rl\u00f3kat, akik hossz\u00fa id\u0151n kereszt\u00fcl megtartj\u00e1k a pap\u00edrt.<\/p>\n<p>&nbsp;<\/p>\n<p>&nbsp;<\/p>\n","protected":false},"excerpt":{"rendered":"<p>A Pr\u00e9mium Magyar \u00c1llampap\u00edr 2023-ban az egyik legkedveltebb lakoss\u00e1gi befektet\u00e9ss\u00e9 v\u00e1lt, novemberben csaknem 7000 milli\u00e1rd forintnyi \u00e1llom\u00e1nyt tartottak az infl\u00e1ci\u00f3k\u00f6vet\u0151 k\u00f6tv\u00e9nyekben a megtakar\u00edt\u00f3k. A decemberi infl\u00e1ci\u00f3s adat ismeret\u00e9ben m\u00e1r tudjuk, hogy 17,6% lett a tavalyi \u00e1tlagos infl\u00e1ci\u00f3 \u2013 ez lesz teh\u00e1t a pap\u00edrok \u00faj kamatb\u00e1zisa. A Bankmonitor ez alapj\u00e1n \u00f6sszegy\u0171jt\u00f6tte, mennyi lesz a megl\u00e9v\u0151 PM\u00c1P-sorozatok &#8230;<\/p>\n","protected":false},"author":1001010,"featured_media":0,"comment_status":"open","ping_status":"open","sticky":false,"template":"","format":"standard","meta":[],"categories":[19],"tags":[],"_links":{"self":[{"href":"https:\/\/gazdasagportal.hu\/index.php\/wp-json\/wp\/v2\/posts\/145110"}],"collection":[{"href":"https:\/\/gazdasagportal.hu\/index.php\/wp-json\/wp\/v2\/posts"}],"about":[{"href":"https:\/\/gazdasagportal.hu\/index.php\/wp-json\/wp\/v2\/types\/post"}],"author":[{"embeddable":true,"href":"https:\/\/gazdasagportal.hu\/index.php\/wp-json\/wp\/v2\/users\/1001010"}],"replies":[{"embeddable":true,"href":"https:\/\/gazdasagportal.hu\/index.php\/wp-json\/wp\/v2\/comments?post=145110"}],"version-history":[{"count":2,"href":"https:\/\/gazdasagportal.hu\/index.php\/wp-json\/wp\/v2\/posts\/145110\/revisions"}],"predecessor-version":[{"id":145113,"href":"https:\/\/gazdasagportal.hu\/index.php\/wp-json\/wp\/v2\/posts\/145110\/revisions\/145113"}],"wp:attachment":[{"href":"https:\/\/gazdasagportal.hu\/index.php\/wp-json\/wp\/v2\/media?parent=145110"}],"wp:term":[{"taxonomy":"category","embeddable":true,"href":"https:\/\/gazdasagportal.hu\/index.php\/wp-json\/wp\/v2\/categories?post=145110"},{"taxonomy":"post_tag","embeddable":true,"href":"https:\/\/gazdasagportal.hu\/index.php\/wp-json\/wp\/v2\/tags?post=145110"}],"curies":[{"name":"wp","href":"https:\/\/api.w.org\/{rel}","templated":true}]}}