{"id":145105,"date":"2024-01-19T15:51:57","date_gmt":"2024-01-19T14:51:57","guid":{"rendered":"https:\/\/gazdasagportal.hu\/?p=145105"},"modified":"2024-01-19T10:52:58","modified_gmt":"2024-01-19T09:52:58","slug":"atlagosan-tobb-mint-10-kal-dragultak-a-legnepszerubb-hasznalt-autok","status":"publish","type":"post","link":"https:\/\/gazdasagportal.hu\/index.php\/atlagosan-tobb-mint-10-kal-dragultak-a-legnepszerubb-hasznalt-autok\/","title":{"rendered":"\u00c1tlagosan t\u00f6bb mint 10%-kal dr\u00e1gultak a legn\u00e9pszer\u0171bb haszn\u00e1lt aut\u00f3k"},"content":{"rendered":"<p><strong>A Haszn\u00e1ltaut\u00f3.hu \u00e9ves elemz\u00e9s\u00e9b\u0151l kider\u00fcl, hogy a magyarok milyen aut\u00f3kat hirdettek \u00e9s milyen \u00e1tlag\u00e1ron, a j\u00e1rm\u0171vek mennyi id\u0151 alatt keltek el, illetve mi v\u00e1rhat\u00f3 id\u00e9n az \u00e1rak alakul\u00e1s\u00e1ban. <\/strong><strong>A port\u00e1l szak\u00e9rt\u0151je annak is ut\u00e1naj\u00e1rt, hogy milyen sz\u00edn\u0171 aut\u00f3kat kedvel\u00fcnk, a legdr\u00e1g\u00e1bban meghirdetett, ritkas\u00e1gsz\u00e1mba men\u0151 szuperaut\u00f3kr\u00f3l nem is besz\u00e9lve. <\/strong><!--more--><\/p>\n<div class=\"ads-in-post2\"><script async src=\"https:\/\/pagead2.googlesyndication.com\/pagead\/js\/adsbygoogle.js\"><\/script>\r\n<ins class=\"adsbygoogle\"\r\n     style=\"display:block\"\r\n     data-ad-format=\"fluid\"\r\n     data-ad-layout-key=\"-6t+ed+2i-1n-4w\"\r\n     data-ad-client=\"ca-pub-1959107119989764\"\r\n     data-ad-slot=\"4008251320\"><\/ins>\r\n<script>\r\n     (adsbygoogle = window.adsbygoogle || []).push({});\r\n<\/script><\/div>\n<p>Az \u00fajaut\u00f3-piac \u00e9s a haszn\u00e1ltaut\u00f3-import komolyabb megtorpan\u00e1s\u00e1val ellent\u00e9tben a havi hirdet\u00e9sek \u00e1tlagos sz\u00e1ma \u00e9ves viszonylatban n\u00f6vekedett a Haszn\u00e1ltaut\u00f3.hu-n: 103 266 darab a 2022-re vonatkoztatott 96 223 darabhoz k\u00e9pest, ami 7,3%-os emelked\u00e9st jelent. A hirdet\u00e9sek forg\u00e1si sebess\u00e9g\u00e9b\u0151l mindek\u00f6zben az l\u00e1tszik, hogy tavaly \u00e1tlagosan 36,5 napba telt t\u00faladni egy szem\u00e9lyaut\u00f3n, m\u00edg ez 2022-ben ez \u00e1tlagosan 31,6 napig tartott. Vagyis tavaly \u00e1tlagosan 5 nappal t\u00f6bb ideig tartott \u00e9rt\u00e9kes\u00edteni egy haszn\u00e1lt aut\u00f3t.<\/p>\n<p><strong>AZ \u00c9LEN A FORD FOCUS, A SUZUKI SWIFT, A BMW I3 \u00c9S A TOYOTA COROLLA<\/strong><\/p><div id=\"gazda-3319429053\" class=\"gazda-tartalomban gazda-entity-placement\"><script async src=\"https:\/\/pagead2.googlesyndication.com\/pagead\/js\/adsbygoogle.js\"><\/script>\r\n<ins class=\"adsbygoogle\"\r\n     style=\"display:block\"\r\n     data-ad-format=\"fluid\"\r\n     data-ad-layout-key=\"-6t+ed+2i-1n-4w\"\r\n     data-ad-client=\"ca-pub-1959107119989764\"\r\n     data-ad-slot=\"4008251320\"><\/ins>\r\n<script>\r\n     (adsbygoogle = window.adsbygoogle || []).push({});\r\n<\/script><\/div>\n<p>A legnagyobb k\u00edn\u00e1latot felvonultat\u00f3 port\u00e1lon 2023-ban a Ford Focus modellek hirdet\u00e9seire kattintottak a legt\u00f6bben, m\u00edg a m\u00e1sodik helyen a \u0160koda Octavia, a dobog\u00f3 als\u00f3 fok\u00e1n pedig az Audi A4 \u00e1ll. A villanyaut\u00f3k k\u00f6z\u00f6tt a BMW i3 a legkelend\u0151bb, ut\u00e1na a Tesla Model 3, majd a Nissan Leaf k\u00f6vetkezik. A hibrideket n\u00e9zve pedig a tavalyi \u00e9v sor\u00e1n is a Toyota sz\u00e1m\u00edtott egyeduralkod\u00f3nak: a toplista \u00e9l\u00e9n a Corolla, a C-HR \u00e9s a RAV4 \u00e1llnak.<\/p>\n<p><strong>TOV\u00c1BBRA IS EMELKED\u0150 \u00c1TLAG\u00c1RAK<\/strong><\/p>\n<p><strong>Horv\u00e1th Andr\u00e1s, a <\/strong><strong>Haszn\u00e1ltaut\u00f3.hu szak\u00e9rt\u0151je (\u00e9s az Aut\u00f3navig\u00e1tor.hu f\u0151szerkeszt\u0151je) <\/strong>megn\u00e9zte n\u00e9h\u00e1ny, kiv\u00e1lasztott n\u00e9pszer\u0171 modell \u00e1tlag\u00e1r\u00e1nak 2022-es \u00e9vhez viszony\u00edtott alakul\u00e1s\u00e1t is. A legt\u00f6bb esetben \u00e1rn\u00f6veked\u00e9s l\u00e1that\u00f3, 1-2 figyelemre m\u00e9lt\u00f3 kiv\u00e9tellel (k\u00fcl\u00f6n\u00f6sen a villanyaut\u00f3k eset\u00e9ben).<\/p>\n<p>Ut\u00f3bbira magyar\u00e1zatot adhat az a t\u00e9ny, hogy akik villanyaut\u00f3t akartak venni, m\u00e1r megtett\u00e9k. \u00dajabb v\u00e1s\u00e1rl\u00f3k pedig akkor jelenhetnek meg ebben a piaci szegmensben, ha m\u00e9g kedvez\u0151bben alakulnak majd az elektromos aut\u00f3k \u00e1rai.<\/p>\n<table width=\"603\">\n<tbody>\n<tr>\n<td width=\"187\"><strong>MODELL<\/strong><\/td>\n<td width=\"232\"><strong>\u00c1TLAG\u00c1R-N\u00d6VEKED\u00c9S\/CS\u00d6KKEN\u00c9S <\/strong><\/td>\n<td width=\"184\"><strong>2023-AS \u00c1TLAG\u00c1R<\/strong><\/td>\n<\/tr>\n<tr>\n<td width=\"187\"><strong>Ford Focus<\/strong><\/td>\n<td width=\"232\">+18,6%<\/td>\n<td width=\"184\">2,4 milli\u00f3 Ft<\/td>\n<\/tr>\n<tr>\n<td width=\"187\"><strong>Suzuki Swift<\/strong><\/td>\n<td width=\"232\">+10,2%<\/td>\n<td width=\"184\">1,1 milli\u00f3 Ft<\/td>\n<\/tr>\n<tr>\n<td width=\"187\"><strong>VW Golf<\/strong><\/td>\n<td width=\"232\">+13,7%<\/td>\n<td width=\"184\">2,95 milli\u00f3 Ft<\/td>\n<\/tr>\n<tr>\n<td width=\"187\"><strong>Opel Astra<\/strong><\/td>\n<td width=\"232\">+6,9%<\/td>\n<td width=\"184\">1,6 milli\u00f3 Ft<\/td>\n<\/tr>\n<tr>\n<td width=\"187\"><strong>Kia Cee\u2019d<\/strong><\/td>\n<td width=\"232\">+12,2%<\/td>\n<td width=\"184\">3,88 milli\u00f3 Ft<\/td>\n<\/tr>\n<tr>\n<td width=\"187\"><strong>\u0160koda Octavia<\/strong><\/td>\n<td width=\"232\">+12,4%<\/td>\n<td width=\"184\">3,9 milli\u00f3 Ft<\/td>\n<\/tr>\n<tr>\n<td width=\"187\"><strong>VW Passat<\/strong><\/td>\n<td width=\"232\">+0,6%<\/td>\n<td width=\"184\">3,5 milli\u00f3 Ft<\/td>\n<\/tr>\n<tr>\n<td width=\"187\"><strong>Audi A4<\/strong><\/td>\n<td width=\"232\">-10,8%<\/td>\n<td width=\"184\">3,2 milli\u00f3 Ft<\/td>\n<\/tr>\n<tr>\n<td width=\"187\"><strong>BMW i3<\/strong><\/td>\n<td width=\"232\">-12%<\/td>\n<td width=\"184\">10 milli\u00f3 Ft<\/td>\n<\/tr>\n<tr>\n<td width=\"187\"><strong>Nissan Leaf<\/strong><\/td>\n<td width=\"232\">-10,5%<\/td>\n<td width=\"184\">8 milli\u00f3 Ft<\/td>\n<\/tr>\n<\/tbody>\n<\/table>\n<p>A Haszn\u00e1ltaut\u00f3.hu szak\u00e9rt\u0151je azt is megn\u00e9zte, hogy az \u00e9v sor\u00e1n az \u00f6sszes feladott hirdet\u00e9sben milyen sz\u00edn\u0171 haszn\u00e1lt aut\u00f3k fordultak el\u0151 rendszeresen: 2023-ban a leggyakoribb sz\u00edn a feh\u00e9r (185 955 db), a m\u00e1sodik a fekete (166 054 db), a harmadik pedig az ez\u00fcst (96 808 db) volt.<\/p>\n<p>Ezen k\u00edv\u00fcl, \u00e9rdekess\u00e9gk\u00e9nt, m\u00e9g ut\u00e1naj\u00e1rt, hogy melyek voltak a 2023-as \u00e9v legdr\u00e1g\u00e1bb haszn\u00e1lt aut\u00f3i. Az adatok szerint a legmagasabb \u00e1rkateg\u00f3ri\u00e1ban egy\u00e9rtelm\u0171en a Lamborghinik vitt\u00e9k a pr\u00edmet: az Aventador \u00e9s az Urus modelleket 100 milli\u00f3 forint felett k\u00edn\u00e1lt\u00e1k, \u0151ket a Mercedes-AMG G 63-as modellek k\u00f6vetik 80-90 milli\u00f3 forintos elad\u00e1si \u00e1rral.<\/p>\n<p>Az oldalra tavaly m\u00e9g olyan ritkas\u00e1gok is felker\u00fcltek, mint a Ferrari 360-as (30 milli\u00f3 forint feletti \u00e1ron), a 812 Superfast (125 milli\u00f3 forint k\u00f6r\u00fcl) \u00e9s az FF is (50-75 milli\u00f3 forint k\u00f6z\u00f6tt), ami az\u00e9rt k\u00fcl\u00f6n\u00f6sen \u00e9rdekes, mert az ennyire ritka sportaut\u00f3kn\u00e1l a tulajok t\u00f6bbnyire kiv\u00e1rnak, hogy azt\u00e1n ink\u00e1bb aukci\u00f3n \u00e9rt\u00e9kes\u00edts\u00e9k \u0151ket.<\/p>\n<p><strong>2024-BEN KIFULLADHAT A BRUT\u00c1LIS DR\u00c1GUL\u00c1S LEND\u00dcLETE<\/strong><\/p>\n<p><strong>Horv\u00e1th Andr\u00e1s az aut\u00f3piaci trendek kapcs\u00e1n kiemelte:<\/strong><em> \u201eA m\u00e9lyponton l\u00e9v\u0151 \u00fajaut\u00f3-piacon m\u00e1r egyre gyakoribbak az \u00f3ri\u00e1si, ak\u00e1r sokmilli\u00f3s kedvezm\u00e9nyek, ami azt mutatja, hogy el\u00e9rtek egy hat\u00e1rt, amit a v\u00e1s\u00e1rl\u00f3k m\u00e1r nem k\u00e9pesek, \u00e9s nem is akarnak megfizetni. A haszn\u00e1ltaut\u00f3-piacon is hasonl\u00f3 trend v\u00e1rhat\u00f3, mivel az egyre kevesebb fizet\u0151k\u00e9pes v\u00e1s\u00e1rl\u00f3 cs\u00f6kkentheti a 2024-ben v\u00e1rhat\u00f3 dr\u00e1gul\u00e1s \u00fctem\u00e9t \u00e9s m\u00e9rt\u00e9k\u00e9t.\u201d<\/em><\/p>\n<p><em>\u00a0<\/em><\/p>\n<p>&nbsp;<\/p>\n<p><strong>Adevinta CMH Kft. \u2013 Haszn\u00e1ltaut\u00f3.hu<\/strong><\/p>\n<p>A magyar tulajdon\u00fa ingatlan.com Zrt. c\u00e9gcsoporthoz tartoz\u00f3 Adevinta CMH Kft. k\u00e9t meghat\u00e1roz\u00f3 m\u00e1rk\u00e1val, a J\u00f3fog\u00e1s \u00e9s a Haszn\u00e1ltaut\u00f3.hu brandekkel, illetve az Aut\u00f3navig\u00e1tor.hu online aut\u00f3s magazinnal van jelen a hazai e-kereskedelmi piacon.<\/p>\n<p>A J\u00f3fog\u00e1s 2010 \u00f3ta Magyarorsz\u00e1g egyik meghat\u00e1roz\u00f3 online apr\u00f3hirdet\u00e9si platformja. K\u00f6zel 1,5 milli\u00f3 hirdet\u00e9ssel az oldal k\u00f6zel 2 milli\u00f3 felhaszn\u00e1l\u00f3t, vagyis minden 3. internetez\u0151t \u00e9r el havonta. A Haszn\u00e1ltaut\u00f3.hu a hazai aut\u00f3piac vezet\u0151 ad\u00e1sv\u00e9teli oldala, ahol keresked\u0151k \u00e9s mag\u00e1nszem\u00e9lyek aktivit\u00e1s\u00e1nak k\u00f6sz\u00f6nhet\u0151en napi \u00e1tlag 360 ezer akt\u00edv felhaszn\u00e1l\u00f3 \u00e9s \u00e1tlagosan havi t\u00f6bb mint 100.000 akt\u00edv hirdet\u00e9s tal\u00e1lhat\u00f3.<\/p>\n<p>A v\u00e1llalat felel\u0151s munk\u00e1ltat\u00f3k\u00e9nt is az \u00e9len j\u00e1r: legszerethet\u0151bb \u00e9s p\u00e9ldak\u00e9p munkahelyk\u00e9nt is elismert\u00e9k, k\u00f6z\u00f6ss\u00e9g\u00f6sszetart\u00f3 \u00e9s HR programjaival t\u00f6bbsz\u00f6r\u00f6s d\u00edjazott, m\u00edg t\u00e1rsadalmi felel\u0151ss\u00e9gv\u00e1llal\u00e1si, fenntarthat\u00f3s\u00e1gi \u00e9s \u00e1llatv\u00e9delmi kamp\u00e1nyaival sz\u00e1mos hazai \u00e9s nemzetk\u00f6zi d\u00edjat nyert.<\/p>\n<p><a href=\"https:\/\/www.linkedin.com\/company\/adevintacmhkft\/\" target=\"_blank\" rel=\"noopener\">https:\/\/www.linkedin.com\/company\/adevintacmhkft\/<\/a><\/p>\n","protected":false},"excerpt":{"rendered":"<p>A Haszn\u00e1ltaut\u00f3.hu \u00e9ves elemz\u00e9s\u00e9b\u0151l kider\u00fcl, hogy a magyarok milyen aut\u00f3kat hirdettek \u00e9s milyen \u00e1tlag\u00e1ron, a j\u00e1rm\u0171vek mennyi id\u0151 alatt keltek el, illetve mi v\u00e1rhat\u00f3 id\u00e9n az \u00e1rak alakul\u00e1s\u00e1ban. A port\u00e1l szak\u00e9rt\u0151je annak is ut\u00e1naj\u00e1rt, hogy milyen sz\u00edn\u0171 aut\u00f3kat kedvel\u00fcnk, a legdr\u00e1g\u00e1bban meghirdetett, ritkas\u00e1gsz\u00e1mba men\u0151 szuperaut\u00f3kr\u00f3l nem is besz\u00e9lve.<\/p>\n","protected":false},"author":1001010,"featured_media":0,"comment_status":"open","ping_status":"open","sticky":false,"template":"","format":"standard","meta":[],"categories":[19],"tags":[],"_links":{"self":[{"href":"https:\/\/gazdasagportal.hu\/index.php\/wp-json\/wp\/v2\/posts\/145105"}],"collection":[{"href":"https:\/\/gazdasagportal.hu\/index.php\/wp-json\/wp\/v2\/posts"}],"about":[{"href":"https:\/\/gazdasagportal.hu\/index.php\/wp-json\/wp\/v2\/types\/post"}],"author":[{"embeddable":true,"href":"https:\/\/gazdasagportal.hu\/index.php\/wp-json\/wp\/v2\/users\/1001010"}],"replies":[{"embeddable":true,"href":"https:\/\/gazdasagportal.hu\/index.php\/wp-json\/wp\/v2\/comments?post=145105"}],"version-history":[{"count":2,"href":"https:\/\/gazdasagportal.hu\/index.php\/wp-json\/wp\/v2\/posts\/145105\/revisions"}],"predecessor-version":[{"id":145107,"href":"https:\/\/gazdasagportal.hu\/index.php\/wp-json\/wp\/v2\/posts\/145105\/revisions\/145107"}],"wp:attachment":[{"href":"https:\/\/gazdasagportal.hu\/index.php\/wp-json\/wp\/v2\/media?parent=145105"}],"wp:term":[{"taxonomy":"category","embeddable":true,"href":"https:\/\/gazdasagportal.hu\/index.php\/wp-json\/wp\/v2\/categories?post=145105"},{"taxonomy":"post_tag","embeddable":true,"href":"https:\/\/gazdasagportal.hu\/index.php\/wp-json\/wp\/v2\/tags?post=145105"}],"curies":[{"name":"wp","href":"https:\/\/api.w.org\/{rel}","templated":true}]}}