{"id":145101,"date":"2024-01-19T13:46:10","date_gmt":"2024-01-19T12:46:10","guid":{"rendered":"https:\/\/gazdasagportal.hu\/?p=145101"},"modified":"2024-01-19T10:49:02","modified_gmt":"2024-01-19T09:49:02","slug":"equilor-a-globalis-bizonytalansagok-eve-lesz-2024-ovatos-befektetoi-strategiaval-erdemes-keszulni","status":"publish","type":"post","link":"https:\/\/gazdasagportal.hu\/index.php\/equilor-a-globalis-bizonytalansagok-eve-lesz-2024-ovatos-befektetoi-strategiaval-erdemes-keszulni\/","title":{"rendered":"Equilor: a glob\u00e1lis bizonytalans\u00e1gok \u00e9ve lesz 2024, \u00f3vatos befektet\u0151i strat\u00e9gi\u00e1val \u00e9rdemes k\u00e9sz\u00fclni"},"content":{"rendered":"<p><strong>A nem csillapod\u00f3 geopolitikai fesz\u00fclts\u00e9gek \u00e9s a vil\u00e1gszerte t\u00f6bb mint 4 milli\u00e1rd embert \u00e9rint\u0151 v\u00e1laszt\u00e1sok miatt 2024 a bizonytalans\u00e1g \u00e9ve lehet az Equilor Befektet\u00e9si Zrt. \u00e9ves kitekint\u0151 elemz\u00e9se szerint. Mik\u00f6zben itthon az infl\u00e1ci\u00f3 jelent\u0151sen cs\u00f6kkent, az MNB gyors\u00edthat a kamatv\u00e1g\u00e1sok \u00fctem\u00e9n, tekintve, hogy m\u00e9g most is jelent\u0151s re\u00e1lkamat \u00e9rhet\u0151 el. A magyar gazdas\u00e1gi \u00e9let legfontosabb idei t\u00e9m\u00e1ja a n\u00f6veked\u00e9s \u00fcteme lehet, mivel a korm\u00e1nyzat kiemelt c\u00e9lja a beruh\u00e1z\u00e1sok \u00f6szt\u00f6nz\u00e9se, a n\u00f6veked\u00e9s \u00e9l\u00e9nk\u00edt\u00e9se. Az Equilor szerint 2024-ben a magyar gazdas\u00e1g kil\u00e1balhat a recesszi\u00f3b\u00f3l, id\u00e9n 3,2 sz\u00e1zal\u00e9kkal b\u0151v\u00fclhet a GDP, mik\u00f6zben a forint enyh\u00e9n gyeng\u00fclhet a jelenlegi szintekhez k\u00e9pest, \u00e9s az \u00e9v v\u00e9g\u00e9n 395 forint k\u00f6r\u00fcl alakulhat az eur\u00f3 \u00e1rfolyama.<\/strong><!--more--><\/p>\n<div class=\"ads-in-post2\"><script async src=\"https:\/\/pagead2.googlesyndication.com\/pagead\/js\/adsbygoogle.js\"><\/script>\r\n<ins class=\"adsbygoogle\"\r\n     style=\"display:block\"\r\n     data-ad-format=\"fluid\"\r\n     data-ad-layout-key=\"-6t+ed+2i-1n-4w\"\r\n     data-ad-client=\"ca-pub-1959107119989764\"\r\n     data-ad-slot=\"4008251320\"><\/ins>\r\n<script>\r\n     (adsbygoogle = window.adsbygoogle || []).push({});\r\n<\/script><\/div>\n<p>2024-ben rengeteg bizonytalans\u00e1ggal n\u00e9z szembe a vil\u00e1ggazdas\u00e1g: <strong>id\u00e9n t\u00f6bb mint n\u00e9gymilli\u00e1rd ember j\u00e1rul az urn\u00e1khoz<\/strong>, \u00e9s a v\u00e1laszt\u00e1sok k\u00f6z\u00fcl t\u00f6bb kulcsfontoss\u00e1g\u00fa lehet glob\u00e1lis szempontb\u00f3l is \u2013 \u00e1llap\u00edtja meg az Equilor Befektet\u00e9si Zrt. \u00e9ves kitekint\u0151 elemz\u00e9se. A voksol\u00e1sok k\u00f6z\u00fcl a m\u00e1jusi <strong>eur\u00f3pai uni\u00f3s<\/strong> \u00e9s a novemberi amerikai eln\u00f6kv\u00e1laszt\u00e1s lesz legink\u00e1bb az \u00e9rdekl\u0151d\u00e9s k\u00f6z\u00e9ppontj\u00e1ban. Az EU-ban fontos k\u00e9rd\u00e9s, hogy a v\u00e1ltoz\u00e1s hat\u00e1s\u00e1ra tov\u00e1bb lassul-e az integr\u00e1ci\u00f3, valamint a d\u00f6nt\u00e9shozatali folyamatok m\u00e9g neh\u00e9zkesebb\u00e9 v\u00e1lnak-e. A v\u00e1rhat\u00f3 gazdas\u00e1gi k\u00f6vetkezm\u00e9nyek k\u00f6z\u00fcl kiemelend\u0151, hogy kisebb hangs\u00falyt kaphatnak a z\u00f6ld szempontok, v\u00e1rhat\u00f3an kevesebben t\u00e1mogatj\u00e1k majd a k\u00f6z\u00f6s gazdas\u00e1gi seg\u00edts\u00e9gny\u00fajt\u00e1st az EU-n bel\u00fcl, \u00e9s megrekedhet a k\u00f6lts\u00e9gvet\u00e9s tov\u00e1bbi b\u0151v\u00edt\u00e9se is. Jelenlegi ismereteink szerint az <strong>amerikai v\u00e1laszt\u00e1s<\/strong> Joe Biden \u00e9s Donald Trump k\u00fczdelm\u00e9t hozza: mindk\u00e9t jel\u00f6lt toronymagasan vezet a saj\u00e1t t\u00e1bor\u00e1ban, mik\u00f6zben kett\u0151j\u00fck k\u00f6z\u00fcl jelenleg valamivel Trump \u00e1ll jobban. Amennyiben a republik\u00e1nus t\u00e1bor adja majd az \u00faj eln\u00f6k\u00f6t, \u00fagy a deglobaliz\u00e1ci\u00f3 tov\u00e1bbi er\u0151s\u00f6d\u00e9s\u00e9re, ad\u00f3cs\u00f6kkent\u00e9sre, a bev\u00e1ndorl\u00e1s er\u0151teljesebb korl\u00e1toz\u00e1s\u00e1ra, valamint a kl\u00edmav\u00e9delmet \u00e9s fenntarthat\u00f3s\u00e1got el\u0151t\u00e9rbe helyez\u0151 d\u00f6nt\u00e9sek visszaszorul\u00e1s\u00e1ra lehet sz\u00e1m\u00edtani. Emellett nem kiz\u00e1rt, hogy az amerikai jegybankra, a Fedre is nagyobb nyom\u00e1st helyezne az eln\u00f6k a kamatok cs\u00f6kkent\u00e9s\u00e9\u00e9rt, ami az infl\u00e1ci\u00f3 n\u00f6veked\u00e9s\u00e9t okozhatn\u00e1. A politikai bizonytalans\u00e1gok mellett <strong>geopolitikai fesz\u00fclts\u00e9gek<\/strong> (Tajvan), fegyveres \u00f6sszecsap\u00e1sok, h\u00e1bor\u00fak (K\u00f6zel-Kelet, Oroszorsz\u00e1g-Ukrajna) okoznak bizonytalans\u00e1gokat a vil\u00e1g p\u00e9nz- \u00e9s t\u0151kepiacain, mik\u00f6zben tavaly \u00e9v v\u00e9g\u00e9n els\u0151sorban a glob\u00e1lis kamatcs\u00f6kkent\u00e9si v\u00e1rakoz\u00e1sok nyom\u00e1n magasra emelkedtek a r\u00e9szv\u00e9nyindexek.<\/p>\n<p>\u00c1roksz\u00e1ll\u00e1si Zolt\u00e1n, az Equilor Befektet\u00e9si Zrt. vezet\u0151 elemz\u0151je szerint a tavalyi zsugorod\u00e1s ut\u00e1n <strong>2024-ben a magyar gazdas\u00e1g \u00e9rdemi n\u00f6veked\u00e9st mutathat fel: <\/strong>noha a h\u00e1ztart\u00e1sok bizalma tov\u00e1bbra is nyomott szinten van, megindulhat a bels\u0151 kereslet, mivel a fogyaszt\u00e1st az emelked\u0151 re\u00e1lb\u00e9rek egyre jobban t\u00e1mogathatj\u00e1k. A cs\u00f6kken\u0151 kamatok miatt a hitelfelv\u00e9teli kedv er\u0151re kaphat, ugyanakkor az \u00e1llami beruh\u00e1z\u00e1sok v\u00e1rhat\u00f3an nem fognak igaz\u00e1n n\u0151ni id\u00e9n, mik\u00f6zben az eur\u00f3pai konjunktur\u00e1lis kil\u00e1t\u00e1sok sem \u00e9ppen f\u00e9nyesek. Az Equilor vezet\u0151 elemz\u0151je szerint ugyanakkor ut\u00f3bbit tomp\u00edthatja, hogy az elm\u00falt \u00e9vekben beindul\u00f3 feldolgoz\u00f3ipari beruh\u00e1z\u00e1sok lassan term\u0151re fordulnak, \u00e9s az uni\u00f3s forr\u00e1sok is jelent\u0151sebb \u00fctemben megindulhatnak Magyarorsz\u00e1g fel\u00e9. A tavalyi hat sz\u00e1zal\u00e9k k\u00f6r\u00fcli GDP ar\u00e1nyos <strong>k\u00f6lts\u00e9gvet\u00e9si hi\u00e1ny<\/strong> nem k\u00edn\u00e1l sok teret a gazdas\u00e1g \u00e9l\u00e9nk\u00edt\u00e9sre, azonban beavatkoz\u00e1s n\u00e9lk\u00fcl is \u00e9rezhet\u0151 n\u00f6veked\u00e9s \u00e9rhet\u0151 el, \u00e9s a rezsics\u00f6kkent\u00e9sre ford\u00edtand\u00f3 forr\u00e1sok is kisebbek lehetnek a tavalyin\u00e1l. A hi\u00e1ny automatikusan cs\u00f6kkenhet a tavalyihoz k\u00e9pest, az Equilor v\u00e1rakoz\u00e1sa szerint 4,7 sz\u00e1zal\u00e9kra. Mindezek ered\u0151jek\u00e9nt \u00f6sszess\u00e9g\u00e9ben id\u00e9n el\u00e9rhet\u0151nek t\u0171nik a <strong>3 sz\u00e1zal\u00e9kot meghalad\u00f3 re\u00e1l GDP-n\u00f6veked\u00e9s<\/strong>. Az <strong>infl\u00e1ci\u00f3<\/strong> decemberben 5,5 sz\u00e1zal\u00e9kra cs\u00f6kkent, ami jelent\u0151s visszaes\u00e9s a 2023-as 17,6 sz\u00e1zal\u00e9kos \u00e9ves \u00e1tlaghoz k\u00e9pest, \u00edgy az MNB tov\u00e1bb v\u00e1ghatja a kamatot, ak\u00e1r az eddigiekn\u00e9l nagyobb l\u00e9pt\u00e9kben. Az Equilor vezet\u0151 elemz\u0151je szerint az egyre fontosabb k\u00e9rd\u00e9s ezzel kapcsolatban az, hogy meddig tarthat a kamatcs\u00f6kkent\u00e9si ciklus, hiszen a 10,75 sz\u00e1zal\u00e9kos jelenlegi alapkamat nagyon messze van az aktu\u00e1lis \u00e9s az Equilor \u00e1ltal 2024-re v\u00e1rt 5,3 sz\u00e1zal\u00e9kos \u00e1tlagos infl\u00e1ci\u00f3t\u00f3l. Az elemz\u00e9s r\u00e1mutat, hogy a hosszabb t\u00e1v\u00fa infl\u00e1ci\u00f3s folyamatokban tov\u00e1bbra is bizonytalans\u00e1g l\u00e1that\u00f3, ez\u00e9rt \u00e9v v\u00e9g\u00e9re az Equilor is 6 sz\u00e1zal\u00e9kos <strong>alapkamatot<\/strong> v\u00e1r. A <strong>forint<\/strong> \u00e1rfolyam\u00e1ban ellent\u00e9tes hat\u00e1sok \u00e9rv\u00e9nyes\u00fclnek: az eur\u00f3pai uni\u00f3s forr\u00e1sok egy r\u00e9sz\u00e9hez most m\u00e1r hozz\u00e1f\u00e9r Magyarorsz\u00e1g, \u00e9s a glob\u00e1lis kamatokhoz k\u00e9pest a kamatk\u00fcl\u00f6nb\u00f6zet a forint jav\u00e1ra tov\u00e1bbra is sz\u00e1mottev\u0151. Ez gyorsan cs\u00f6kkenhet, \u00edgy, b\u00e1r r\u00f6vid t\u00e1von nem kiz\u00e1rt n\u00e9mi er\u0151s\u00f6d\u00e9s, az \u00e9v v\u00e9g\u00e9n 395 forint k\u00f6r\u00fcl alakulhat az eur\u00f3 \u00e1rfolyama.<\/p><div id=\"gazda-1074471828\" class=\"gazda-tartalomban gazda-entity-placement\"><script async src=\"https:\/\/pagead2.googlesyndication.com\/pagead\/js\/adsbygoogle.js\"><\/script>\r\n<ins class=\"adsbygoogle\"\r\n     style=\"display:block\"\r\n     data-ad-format=\"fluid\"\r\n     data-ad-layout-key=\"-6t+ed+2i-1n-4w\"\r\n     data-ad-client=\"ca-pub-1959107119989764\"\r\n     data-ad-slot=\"4008251320\"><\/ins>\r\n<script>\r\n     (adsbygoogle = window.adsbygoogle || []).push({});\r\n<\/script><\/div>\n<p><strong>A 2024-es \u00e9v bizonytalans\u00e1gai miatt az Equilor elemz\u00e9s\u00e9ben r\u00e1mutat, hogy a befektet\u0151knek \u00e9rdemes \u201esz\u00e1razon tartani valamennyi puskaport\u201d, azaz a viszonylag magas kamatoz\u00e1s\u00fa p\u00e9nzpiaci eszk\u00f6z\u00f6kben tartani a megtakar\u00edt\u00e1s egy r\u00e9sz\u00e9t, felk\u00e9sz\u00fclve egy esetleges r\u00e9szv\u00e9nypiaci korrekci\u00f3ra. <\/strong>A magyar lakoss\u00e1gi megtakar\u00edt\u00e1sok szempontj\u00e1b\u00f3l fontos, hogy az els\u0151 negyed\u00e9vben a <strong>Pr\u00e9mium Magyar \u00c1llampap\u00edr<\/strong> (PM\u00c1P) sz\u00e1mos sorozata jelent\u0151s m\u00e9rt\u00e9k\u0171, \u00f6sszesen t\u00f6bb sz\u00e1z milli\u00e1rd forintnyi kamatot fog fizetni, \u00edgy c\u00e9lszer\u0171 m\u00e1r most v\u00e9giggondolni, mibe \u00e9rdemes fektetni a megkapott \u00f6sszeget. A jelenleg el\u00e9rhet\u0151, 9,9 sz\u00e1zal\u00e9kos kamatoz\u00e1s\u00fa PM\u00c1P rendk\u00edv\u00fcl vonz\u00f3nak sz\u00e1m\u00edt a cs\u00f6kken\u0151 infl\u00e1ci\u00f3 f\u00e9ny\u00e9ben, ugyanakkor m\u00e1s, ak\u00e1r r\u00e9szv\u00e9nypiaci befektet\u00e9sek lehet\u0151s\u00e9ge is fel\u00e9rt\u00e9kel\u0151dhet.<\/p>\n<p>F\u00f6ldrajzi szempontb\u00f3l az USA <strong>r\u00e9szv\u00e9nypiacai<\/strong> jelenleg dr\u00e1g\u00e1bbnak t\u0171nnek, mint eur\u00f3pai t\u00e1rsaik az Equilor Befektet\u00e9si Zrt. elemz\u00e9se szerint. A m\u00e1r eml\u00edtett kamatcs\u00f6kkent\u00e9si v\u00e1rakoz\u00e1sok farviz\u00e9n jelent\u0151s fel\u00e9rt\u00e9kel\u0151d\u00e9s k\u00f6vetkezett be tavaly okt\u00f3ber v\u00e9ge \u00f3ta a piacokon, aminek k\u00f6vetkezt\u00e9ben az amerikai r\u00e9szv\u00e9nypiacok \u00e9rt\u00e9kelts\u00e9ge jelent\u0151sen emelkedett, \u00e9s \u00e9rdemben a n\u00e9met, vagy ak\u00e1r a magyar index f\u00f6l\u00e9 ker\u00fclt. Jelenleg <strong>a magyar r\u00e9szv\u00e9nyek er\u0151t mutatnak<\/strong>, t\u00f6bb blue chipn\u00e9l is er\u0151s sztori l\u00e1tszik. Az <strong>OTP<\/strong> eset\u00e9ben a saj\u00e1tt\u0151ke-ar\u00e1nyos megt\u00e9r\u00fcl\u00e9s kimagasl\u00f3 lehetett tavaly, mik\u00f6zben az \u00fajra er\u0151re kap\u00f3 magyar gazdas\u00e1g, \u00e9s a j\u00f3l muzsik\u00e1l\u00f3 k\u00fclf\u00f6ldi le\u00e1nybankok tov\u00e1bbra is komoly profitot hozhatnak a legmagasabb forgalm\u00fa magyar r\u00e9szv\u00e9ny sz\u00e1m\u00e1ra. A <strong>kelet-k\u00f6z\u00e9p eur\u00f3pai bankszektor<\/strong> egy\u00e9bk\u00e9nt is \u00e9rdekesnek t\u0171nik az Equilor szerint: az itt tev\u00e9kenyked\u0151 bankok teljes\u00edtm\u00e9ny\u00e9t t\u00e1mogathatja, hogy a r\u00e9gi\u00f3 gazdas\u00e1gi n\u00f6veked\u00e9se id\u00e9n \u00e9s j\u00f6v\u0151re er\u0151s\u00f6dhet, m\u00edg az eur\u00f3\u00f6vezet n\u00f6veked\u00e9si kil\u00e1t\u00e1sai nem jobbak a 2023-as \u00e9vin\u00e9l. A r\u00e9gi\u00f3t\u00f3l d\u00e9lebbre a <strong>g\u00f6r\u00f6g bankok<\/strong> is el\u00e9g olcs\u00f3nak t\u0171nnek egyel\u0151re, mik\u00f6zben kecsegtet\u0151 n\u00f6veked\u00e9si lehet\u0151s\u00e9gek el\u0151tt \u00e1llnak. A magyar piacon az elm\u00falt h\u00f3napok legfigyelemrem\u00e9lt\u00f3bb teljes\u00edtm\u00e9ny\u00e9t a <strong>Magyar Telekom<\/strong> mutatta a n\u00e9gy hagyom\u00e1nyos blue chip k\u00f6z\u00fcl. A v\u00e1llalat 2024-ben 15 sz\u00e1zal\u00e9kos d\u00edjemel\u00e9st hajt v\u00e9gre, ami komoly \u00e1raz\u00e1si er\u0151t jelez, \u00e9s a k\u00f6zelm\u00faltban hozz\u00e1j\u00e1rulhatott az \u00e1rfolyam emelked\u00e9s\u00e9hez, mik\u00f6zben m\u00e1r a tavalyi \u00e9v is jelent\u0151s fel\u00e9rt\u00e9kel\u0151d\u00e9st hozott a Telekomn\u00e1l.<\/p>\n<p><strong>\u00a0<\/strong><\/p>\n<p><strong>Az Equilor Befektet\u00e9si Zrt. makrogazdas\u00e1gi, \u00e1rfolyam \u00e9s alapkamat el\u0151rejelz\u00e9sei<\/strong><\/p>\n<table width=\"491\">\n<tbody>\n<tr>\n<td width=\"198\"><strong>\u00a0<\/strong><\/td>\n<td width=\"76\"><strong>2022<\/strong><\/td>\n<td width=\"76\"><strong>2023e<\/strong><\/td>\n<td width=\"66\"><strong>2024f<\/strong><\/td>\n<td width=\"76\"><strong>2025f<\/strong><\/td>\n<\/tr>\n<tr>\n<td width=\"198\">Re\u00e1l GDP v\u00e1ltoz\u00e1sa<\/td>\n<td width=\"76\">4,6%<\/td>\n<td width=\"76\">-0,6%<\/td>\n<td width=\"66\">3,2%<\/td>\n<td width=\"76\">3,6%<\/td>\n<\/tr>\n<tr>\n<td width=\"198\">Fogyaszt\u00f3i \u00e1rindex v\u00e1ltoz\u00e1sa<\/td>\n<td width=\"76\">14,5%<\/td>\n<td width=\"76\">17,6%<\/td>\n<td width=\"66\">5,3%<\/td>\n<td width=\"76\">4,0%<\/td>\n<\/tr>\n<tr>\n<td width=\"198\">\u00c1llamh\u00e1ztart\u00e1si egyenleg<\/td>\n<td width=\"76\">-6,2%<\/td>\n<td width=\"76\">-6,1%<\/td>\n<td width=\"66\">-4,7%<\/td>\n<td width=\"76\">-3,9%<\/td>\n<\/tr>\n<tr>\n<td width=\"198\">GDP-ar\u00e1nyos \u00e1llamad\u00f3ss\u00e1g<\/td>\n<td width=\"76\">73,9%<\/td>\n<td width=\"76\">72,1%<\/td>\n<td width=\"66\">71,0%<\/td>\n<td width=\"76\">69,9%<\/td>\n<\/tr>\n<tr>\n<td width=\"198\">MNB alapkamat<\/td>\n<td width=\"76\">13,00%<\/td>\n<td width=\"76\">10,75%<\/td>\n<td width=\"66\">6,00%<\/td>\n<td width=\"76\">5,00%<\/td>\n<\/tr>\n<tr>\n<td width=\"198\">EURHUF<\/td>\n<td width=\"76\">400,25<\/td>\n<td width=\"76\">382,78<\/td>\n<td width=\"66\">395,00<\/td>\n<td width=\"76\">400,00<\/td>\n<\/tr>\n<tr>\n<td width=\"198\">USDHUF<\/td>\n<td width=\"76\">375,68<\/td>\n<td width=\"76\">346,44<\/td>\n<td width=\"66\">359,10<\/td>\n<td width=\"76\">347,80<\/td>\n<\/tr>\n<tr>\n<td width=\"198\">EURUSD<\/td>\n<td width=\"76\">1,0705<\/td>\n<td width=\"76\">1,1039<\/td>\n<td width=\"66\">1,1000<\/td>\n<td width=\"76\">1,1500<\/td>\n<\/tr>\n<tr>\n<td width=\"198\">Fed alapkamat<\/td>\n<td width=\"76\">4,50%<\/td>\n<td width=\"76\">5,50%<\/td>\n<td width=\"66\">4,75%<\/td>\n<td width=\"76\">3,75%<\/td>\n<\/tr>\n<tr>\n<td width=\"198\">EKB alapkamat<\/td>\n<td width=\"76\">2,50%<\/td>\n<td width=\"76\">4,50%<\/td>\n<td width=\"66\">3,50%<\/td>\n<td width=\"76\">2,75%<\/td>\n<\/tr>\n<\/tbody>\n<\/table>\n<p>&nbsp;<\/p>\n<p><em>Forr\u00e1s: MNB, KSH, Equilor<\/em><\/p>\n<p><em>P\u00e9nzpiaci \u00e9s \u00e1rfolyam adatokn\u00e1l, illetve az \u00e1llamad\u00f3ss\u00e1gn\u00e1l \u00e9v v\u00e9gi \u00e9rt\u00e9k. Az el\u0151rejelz\u00e9sek k\u00fcl\u00f6nb\u00f6z\u0151 kock\u00e1zati forgat\u00f3k\u00f6nyvek bek\u00f6vetkez\u00e9se eset\u00e9n a fentiekt\u0151l elt\u00e9rhetnek. Az el\u0151rejelz\u00e9sek nem megb\u00edzhat\u00f3 mutat\u00f3i a j\u00f6v\u0151beli teljes\u00edtm\u00e9nynek.<\/em><\/p>\n<p>&nbsp;<\/p>\n<p><strong>Equilor Befektet\u00e9si Zrt.<\/strong><\/p>\n<p>A t\u00f6bb mint 30 \u00e9ves Equilor Befektet\u00e9si Zrt. n\u00e9h\u00e1ny nap k\u00fcl\u00f6nbs\u00e9ggel a magyar t\u0151kepiac, valamint a Budapesti \u00c9rt\u00e9kt\u0151zsde \u00fajraalak\u00edt\u00e1s\u00e1val egy id\u0151ben kezdte meg m\u0171k\u00f6d\u00e9s\u00e9t. Az Equilor professzion\u00e1lis, \u00fcgyf\u00e9lk\u00f6zpont\u00fa \u00e9s szem\u00e9lyre szabott befektet\u00e9si banki szolg\u00e1ltat\u00e1st ny\u00fajt belf\u00f6ldi \u00e9s k\u00fclf\u00f6ldi \u00e9rt\u00e9kpap\u00edrokkal, valamint deviz\u00e1kkal kapcsolatban mag\u00e1n \u00e9s int\u00e9zm\u00e9nyi \u00fcgyfelei sz\u00e1m\u00e1ra. K\u00f6zel 20 \u00e9ve foglalkozik portf\u00f3li\u00f3- \u00e9s vagyonkezel\u00e9ssel, \u00e9s t\u00f6bb mint h\u00fasz \u00e9ve v\u00e1llalati p\u00e9nz\u00fcgyi tan\u00e1csad\u00e1ssal. Az Equilor teljes jog\u00fa tagja a budapesti a pr\u00e1gai \u00e9s a vars\u00f3i \u00e9rt\u00e9kt\u0151zsd\u00e9nek. A Budapesti \u00c9rt\u00e9kt\u0151zsde szakmai zs\u0171ri d\u00f6nt\u00e9se alapj\u00e1n az elm\u00falt \u00e9vekben \u201eAz \u00e9v befektet\u00e9si szolg\u00e1ltat\u00f3ja\u201d, \u201eAz \u00e9v csapata\u201d, valamint \u201eAz \u00e9v t\u0151zsdei hitelpap\u00edr kibocs\u00e1t\u00e1s szervez\u0151je\u201d d\u00edjat adta az Equilornak.<\/p>\n<p>&nbsp;<\/p>\n<p><strong>Jelen dokumentum marketingk\u00f6zlem\u00e9nynek min\u0151s\u00fcl \u00e9s nem a befektet\u00e9si elemz\u00e9s f\u00fcggetlens\u00e9g\u00e9nek el\u0151mozd\u00edt\u00e1s\u00e1t c\u00e9lz\u00f3 jogi k\u00f6vetelm\u00e9nyeknek megfelel\u0151en k\u00e9sz\u00fclt, egy\u00fattal nem vonatkozik r\u00e1 a befektet\u00e9si elemz\u00e9s terjeszt\u00e9s\u00e9t, k\u00f6zz\u00e9t\u00e9tel\u00e9t megel\u0151z\u0151 \u00fcgyletk\u00f6t\u00e9sre vonatkoz\u00f3 tilalom.<\/strong><\/p>\n<p>Jelen dokumentum sem \u00f6nmag\u00e1ban, sem r\u00e9szben nem k\u00e9pez aj\u00e1nlatot, vagy felh\u00edv\u00e1st semmilyen p\u00e9nz\u00fcgyi eszk\u00f6z jegyz\u00e9s\u00e9re, vagy megv\u00e1s\u00e1rl\u00e1s\u00e1ra, tart\u00e1s\u00e1ra, \u00e9rt\u00e9kes\u00edt\u00e9s\u00e9re \u00e9s sem maga a dokumentum, sem annak b\u00e1rmely tartalma nem tekinthet\u0151 semmilyen szerz\u0151d\u00e9sk\u00f6t\u00e9sre, vagy k\u00f6telezetts\u00e9gv\u00e1llal\u00e1sra t\u00f6rt\u00e9n\u0151 \u00f6szt\u00f6nz\u00e9sk\u00e9nt, \u00edgy a dokumentumban szerepl\u0151 inform\u00e1ci\u00f3k csak saj\u00e1t felel\u0151ss\u00e9gre haszn\u00e1lhat\u00f3k fel. Az EQUILOR Zrt. nem v\u00e1llal felel\u0151ss\u00e9get arra, hogy a dokumentumban megfogalmazott el\u0151rejelz\u00e9sek \u00e9s kock\u00e1zatok a piaci v\u00e1rokoz\u00e1sokat t\u00fckr\u00f6zik \u00e9s a val\u00f3s\u00e1gban is beigazol\u00f3dnak. A dokumentumban foglalt sz\u00e1mszer\u0171 adatok kiz\u00e1r\u00f3lag t\u00e1j\u00e9koztat\u00f3 jelleggel b\u00edrnak, csak a szerz\u0151(k) adott id\u0151pontban k\u00e9sz\u00edtett v\u00e9lem\u00e9ny\u00e9t t\u00fckr\u00f6zik \u00e9s k\u00e9s\u0151bbi m\u00f3dos\u00edt\u00e1s t\u00e1rgy\u00e1t k\u00e9pezhetik. Az EQUILOR Zrt. aj\u00e1nl\u00e1sait legjobb tud\u00e1sa \u00e9s lehet\u0151s\u00e9ge szerint igyekszik naprak\u00e9szen tartani, azonban az aj\u00e1nl\u00e1sok aktualiz\u00e1l\u00e1s\u00e1ra k\u00f6telezetts\u00e9get nem v\u00e1llal. A dokumentumban deklar\u00e1lt t\u00e1j\u00e9koztat\u00e1sok kapcs\u00e1n nem ker\u00fcltek figyelembev\u00e9telre az egyes, dokumentumhoz hozz\u00e1f\u00e9r\u0151 befektet\u0151k p\u00e9nz\u00fcgyi ismeretei, egyedi befektet\u00e9si c\u00e9ljai, kock\u00e1zatv\u00e1llal\u00f3 k\u00e9pess\u00e9ge. A dokumentumban deklar\u00e1lt t\u00e1j\u00e9koztat\u00e1sok kapcs\u00e1n nem ker\u00fcltek figyelembev\u00e9telre az egyes, dokumentumhoz hozz\u00e1f\u00e9r\u0151 befektet\u0151k p\u00e9nz\u00fcgyi ismeretei, egyedi befektet\u00e9si c\u00e9ljai, kock\u00e1zatv\u00e1llal\u00f3 k\u00e9pess\u00e9ge. A dokumentum, vagy annak tartalm\u00e1nak ilyen felhaszn\u00e1l\u00e1s\u00e1b\u00f3l, illetve azzal \u00f6sszef\u00fcgg\u00e9sben b\u00e1rmely m\u00e1s m\u00f3don keletkez\u0151 esetleges vesztes\u00e9gek\u00e9rt az Equilor Zrt. felel\u0151ss\u00e9get nem v\u00e1llal. Felh\u00edvjuk figyelm\u00e9t, hogy a jogszab\u00e1lyban r\u00f6gz\u00edtett szabad felhaszn\u00e1l\u00e1s eseteit kiv\u00e9ve kiz\u00e1r\u00f3lag az EQUILOR Zrt. el\u0151zetes \u00edr\u00e1sbeli enged\u00e9ly\u00e9vel lehet a jelen marketingk\u00f6zlem\u00e9ny tartalm\u00e1t r\u00f6gz\u00edteni, sokszoros\u00edtani, terjeszteni, m\u00e1sok sz\u00e1m\u00e1ra hozz\u00e1f\u00e9rhet\u0151v\u00e9 tenni, nyilv\u00e1nosan el\u0151adni, sug\u00e1rz\u00e1ssal nyilv\u00e1noss\u00e1ghoz k\u00f6zvet\u00edteni vagy \u00e1tdolgozni. A marketingk\u00f6zlem\u00e9nyek a kiad\u00e1suk id\u0151pontj\u00e1ban \u00e9rv\u00e9nyesek.<\/p>\n<p>Jelen kiadv\u00e1ny befejez\u00e9si id\u0151pontja megegyezik a kik\u00fcld\u00e9s id\u0151pontj\u00e1val. A kiadv\u00e1nyban haszn\u00e1lt \u00e9rt\u00e9kel\u00e9sre, m\u00f3dszertanra \u00e9s az alapul szolg\u00e1l\u00f3 felt\u00e9telez\u00e9sekre vagy az oltalmazott modellekre vonatkoz\u00f3 r\u00e9szletes inform\u00e1ci\u00f3 a <a href=\"https:\/\/www.equilor.hu\/mifid\/\" target=\"_blank\" rel=\"noopener\">https:\/\/www.equilor.hu\/mifid\/<\/a> honlapon \u00e9rhet\u0151 el a \u201eHirdetm\u00e9ny a p\u00e9nz\u00fcgyi eszk\u00f6z\u00f6kre, ill. azok piacaira vonatkoz\u00f3, EQUILOR \u00e1ltal kiadott inform\u00e1ci\u00f3kr\u00f3l, kiadv\u00e1nyokr\u00f3l\u201d r\u00e9szen.<\/p>\n<p>Az EQUILOR nem v\u00e1llal felel\u0151ss\u00e9get a jogszab\u00e1lyi v\u00e1ltoz\u00e1sokb\u00f3l ered\u0151 jogk\u00f6vetkezm\u00e9nyek\u00e9rt, tov\u00e1bb\u00e1 az ad\u00f3z\u00e1ssal kapcsolatos vonatkoz\u00f3 jogszab\u00e1lyi rendelkez\u00e9sek a kiadv\u00e1nyban szerepl\u0151t\u0151l elt\u00e9r\u0151 \u00e9rtelmez\u00e9s\u00e9b\u0151l ad\u00f3d\u00f3 esetleges k\u00f6vetkezm\u00e9nyek\u00e9rt sem. Felh\u00edvjuk a figyelmet arra, hogy az ad\u00f3jogszab\u00e1lyok \u00e9rtelmez\u00e9se \u00e9s azok alkalmaz\u00e1sa kiz\u00e1r\u00f3lag az ad\u00f3z\u00f3 felel\u0151ss\u00e9ge, ugyanis a t\u00e9nyleges, pontos ad\u00f3k\u00f6telezetts\u00e9g m\u00e9rt\u00e9k\u00e9re sz\u00e1mos egyedi t\u00e9nyez\u0151 lehet hat\u00e1ssal, ez\u00e9rt ezt minden esetben egyedi vizsg\u00e1latnak, felm\u00e9r\u00e9snek kell megel\u0151znie.<\/p>\n<p>A dokumentumhoz kapcsol\u00f3d\u00f3 teljes jogi nyilatkozat honlapunkon a <a href=\"http:\/\/www.equilor.hu\/mifid\/\" target=\"_blank\" rel=\"noopener\">http:\/\/www.equilor.hu\/mifid\/<\/a> c\u00edmen Jogi nyilatkozat az EQUILOR \u00e1ltal k\u00fcld\u00f6tt h\u00edrlevelekhez, t\u00e1j\u00e9koztat\u00e1sokhoz, kiadv\u00e1nyokhoz pontban \u00e9rhet\u0151 el. K\u00e9rj\u00fck, hogy a dokumentumban foglaltak helyes \u00e9rtelmez\u00e9se \u00e9rdek\u00e9ben a teljes jogi nyilatkozatot olvassa el!<\/p>\n<p>Tov\u00e1bbi inform\u00e1ci\u00f3 az Equilor Befektet\u00e9si Zrt. befektet\u00e9si \u00e9s vagyonkezel\u00e9si szolg\u00e1ltat\u00e1sair\u00f3l<br \/>\na\u00a0<a href=\"http:\/\/www.equilor.hu\" target=\"_blank\" rel=\"noopener\">www.equilor.hu<\/a> oldalon tal\u00e1lhat\u00f3.<\/p>\n","protected":false},"excerpt":{"rendered":"<p>A nem csillapod\u00f3 geopolitikai fesz\u00fclts\u00e9gek \u00e9s a vil\u00e1gszerte t\u00f6bb mint 4 milli\u00e1rd embert \u00e9rint\u0151 v\u00e1laszt\u00e1sok miatt 2024 a bizonytalans\u00e1g \u00e9ve lehet az Equilor Befektet\u00e9si Zrt. \u00e9ves kitekint\u0151 elemz\u00e9se szerint. Mik\u00f6zben itthon az infl\u00e1ci\u00f3 jelent\u0151sen cs\u00f6kkent, az MNB gyors\u00edthat a kamatv\u00e1g\u00e1sok \u00fctem\u00e9n, tekintve, hogy m\u00e9g most is jelent\u0151s re\u00e1lkamat \u00e9rhet\u0151 el. A magyar gazdas\u00e1gi \u00e9let legfontosabb &#8230;<\/p>\n","protected":false},"author":1001010,"featured_media":0,"comment_status":"open","ping_status":"open","sticky":false,"template":"","format":"standard","meta":[],"categories":[19],"tags":[],"_links":{"self":[{"href":"https:\/\/gazdasagportal.hu\/index.php\/wp-json\/wp\/v2\/posts\/145101"}],"collection":[{"href":"https:\/\/gazdasagportal.hu\/index.php\/wp-json\/wp\/v2\/posts"}],"about":[{"href":"https:\/\/gazdasagportal.hu\/index.php\/wp-json\/wp\/v2\/types\/post"}],"author":[{"embeddable":true,"href":"https:\/\/gazdasagportal.hu\/index.php\/wp-json\/wp\/v2\/users\/1001010"}],"replies":[{"embeddable":true,"href":"https:\/\/gazdasagportal.hu\/index.php\/wp-json\/wp\/v2\/comments?post=145101"}],"version-history":[{"count":1,"href":"https:\/\/gazdasagportal.hu\/index.php\/wp-json\/wp\/v2\/posts\/145101\/revisions"}],"predecessor-version":[{"id":145102,"href":"https:\/\/gazdasagportal.hu\/index.php\/wp-json\/wp\/v2\/posts\/145101\/revisions\/145102"}],"wp:attachment":[{"href":"https:\/\/gazdasagportal.hu\/index.php\/wp-json\/wp\/v2\/media?parent=145101"}],"wp:term":[{"taxonomy":"category","embeddable":true,"href":"https:\/\/gazdasagportal.hu\/index.php\/wp-json\/wp\/v2\/categories?post=145101"},{"taxonomy":"post_tag","embeddable":true,"href":"https:\/\/gazdasagportal.hu\/index.php\/wp-json\/wp\/v2\/tags?post=145101"}],"curies":[{"name":"wp","href":"https:\/\/api.w.org\/{rel}","templated":true}]}}