{"id":145098,"date":"2024-01-19T12:44:13","date_gmt":"2024-01-19T11:44:13","guid":{"rendered":"https:\/\/gazdasagportal.hu\/?p=145098"},"modified":"2024-01-19T10:45:46","modified_gmt":"2024-01-19T09:45:46","slug":"tavaly-is-rekordkozeli-szinten-zart-a-hasznaltauto-piac","status":"publish","type":"post","link":"https:\/\/gazdasagportal.hu\/index.php\/tavaly-is-rekordkozeli-szinten-zart-a-hasznaltauto-piac\/","title":{"rendered":"Tavaly is rekordk\u00f6zeli szinten z\u00e1rt a haszn\u00e1ltaut\u00f3-piac"},"content":{"rendered":"<p><strong>Az el\u0151zetes adatok szerint a hazai haszn\u00e1ltaut\u00f3-piacon k\u00f6zel 821 ezer szem\u00e9lyg\u00e9pkocsi cser\u00e9lt gazd\u00e1t 2023-ban. Ez az \u00e9rt\u00e9k mind\u00f6ssze 0,5 sz\u00e1zal\u00e9kkal marad el a tavaly m\u00e9rt rekord\u00e9rt\u00e9kt\u0151l: 2022-ben 825 ezer volt a belf\u00f6ldi \u00e1t\u00edr\u00e1sok sz\u00e1ma.<\/strong><!--more--><\/p>\n<div class=\"ads-in-post2\"><script async src=\"https:\/\/pagead2.googlesyndication.com\/pagead\/js\/adsbygoogle.js\"><\/script>\r\n<ins class=\"adsbygoogle\"\r\n     style=\"display:block\"\r\n     data-ad-format=\"fluid\"\r\n     data-ad-layout-key=\"-6t+ed+2i-1n-4w\"\r\n     data-ad-client=\"ca-pub-1959107119989764\"\r\n     data-ad-slot=\"4008251320\"><\/ins>\r\n<script>\r\n     (adsbygoogle = window.adsbygoogle || []).push({});\r\n<\/script><\/div>\n<p><em>\u201eB\u00e1r a kedvez\u0151tlen gazdas\u00e1gi k\u00f6rnyezet az aut\u00f3piac k\u00fcl\u00f6nb\u00f6z\u0151 szegmenseiben jelent\u0151sen visszafogta a keresletet (a haszn\u00e1ltimport 16, az \u00fajaut\u00f3-elad\u00e1sok t\u00f6bb mint 3 sz\u00e1zal\u00e9kkal estek vissza), a belf\u00f6ldi haszn\u00e1ltaut\u00f3-piac kis h\u00edj\u00e1n tavaly is be\u00e1ll\u00edtotta 2022-es rekordj\u00e1t. Ebben a teljes\u00edtm\u00e9nyben k\u00e9t t\u00e9nyez\u0151 is szerepet j\u00e1tszott &#8211; <\/em>magyar\u00e1zza Hal\u00e1sz Bertalan, a J\u00f3Aut\u00f3k.hu vez\u00e9rigazgat\u00f3ja. \u2013 <em>R\u00f6videbb t\u00e1von a roml\u00f3 j\u00f6vedelmi viszonyok ide terelt\u00e9k azoknak a v\u00e1s\u00e1rl\u00f3knak egy r\u00e9sz\u00e9t, akik ebben az id\u0151szakban lemondtak egy \u00faj aut\u00f3 v\u00e1s\u00e1rl\u00e1s\u00e1r\u00f3l. <strong>Hosszabb t\u00e1von a hazai szem\u00e9lyg\u00e9pkocsi park folyamatos, dinamikus n\u00f6veked\u00e9se<\/strong> \u00f6nmag\u00e1ban is \u00e9l\u00e9nk\u00edti a haszn\u00e1ltaut\u00f3-piacot: m\u00edg egy \u00e9vtizede a forgalomban l\u00e9v\u0151 szem\u00e9lyg\u00e9pkocsik sz\u00e1ma alig 3 milli\u00f3 volt, addig <strong>2023 v\u00e9g\u00e9re ez a sz\u00e1m m\u00e1r k\u00f6zel\u00edtette a 4,2 milli\u00f3t is<\/strong>.\u201d<\/em><\/p>\n<p><strong>\u00a0<\/strong><\/p>\n<p><strong>Tov\u00e1bbra is az Opel a vezet\u0151 helyen<\/strong><\/p><div id=\"gazda-1618951050\" class=\"gazda-tartalomban gazda-entity-placement\"><script async src=\"https:\/\/pagead2.googlesyndication.com\/pagead\/js\/adsbygoogle.js\"><\/script>\r\n<ins class=\"adsbygoogle\"\r\n     style=\"display:block\"\r\n     data-ad-format=\"fluid\"\r\n     data-ad-layout-key=\"-6t+ed+2i-1n-4w\"\r\n     data-ad-client=\"ca-pub-1959107119989764\"\r\n     data-ad-slot=\"4008251320\"><\/ins>\r\n<script>\r\n     (adsbygoogle = window.adsbygoogle || []).push({});\r\n<\/script><\/div>\n<p>A Datahouse \u00e1ltal ma k\u00f6zz\u00e9tett adatok szerint a belf\u00f6ldi haszn\u00e1ltaut\u00f3-piacon 2023-ban is hat m\u00e1rka aut\u00f3i biztos\u00edtott\u00e1k a teljes forgalom fel\u00e9t. <strong>Az els\u0151 helyen az Opel \u00e1ll<\/strong>: ebb\u0151l a m\u00e1rk\u00e1b\u00f3l 90 ezer p\u00e9ld\u00e1ny cser\u00e9lt gazd\u00e1t, ami 11 sz\u00e1zal\u00e9kos r\u00e9szesed\u00e9st jelent. <strong>A Volkswagen,<\/strong> amely 2019 \u00f3ta \u00e1ll a m\u00e1sodik helyen, 10,3 sz\u00e1zal\u00e9kos r\u00e9szar\u00e1ny\u00e1val stabilan tartja ezt a poz\u00edci\u00f3j\u00e1t. A <strong>harmadik helyen<\/strong> tal\u00e1lhat\u00f3 <strong>Suzuki<\/strong> az \u00e9ves forgalomb\u00f3l 8,5 sz\u00e1zal\u00e9kot tudhat mag\u00e1\u00e9nak. <strong>A Ford a negyedik helyen \u00e1ll<\/strong> 7,8 sz\u00e1zal\u00e9kkal. <strong>A BMW az \u00f6t\u00f6dik<\/strong> 6,3 sz\u00e1zal\u00e9k feletti r\u00e9szesed\u00e9ssel, a hatodik helyen azonban v\u00e1ltoz\u00e1s t\u00f6rt\u00e9nt: a <strong>Skoda<\/strong> a kor\u00e1bbi 8. helyr\u0151l kapaszkodott fel erre poz\u00edci\u00f3ra 5,3 sz\u00e1zal\u00e9kos r\u00e9szar\u00e1nnyal.<\/p>\n<p>A forgalomban l\u00e9v\u0151 hazai szem\u00e9lyg\u00e9pkocsik \u00e1tlag\u00e9letkora imm\u00e1r a 16 \u00e9vet k\u00f6zel\u00edti, ami a haszn\u00e1ltaut\u00f3-piacon gazd\u00e1t cser\u00e9l\u0151 j\u00e1rm\u0171vek \u00f6sszet\u00e9tel\u00e9ben is megmutatkozik: <strong>tavaly az ad\u00e1sv\u00e9telek k\u00f6zel 34 sz\u00e1zal\u00e9k\u00e1nak t\u00e1rgya legal\u00e1bb 20 \u00e9ves j\u00e1rm\u0171 volt<\/strong>.<\/p>\n<p>&nbsp;<\/p>\n<p><strong>Kil\u00e1t\u00e1sok 2024-re<\/strong><\/p>\n<p>A kereslet fokozatos er\u0151s\u00f6d\u00e9se nyom\u00e1n az \u00e9v eg\u00e9sz\u00e9ben lass\u00fa n\u00f6veked\u00e9s v\u00e1rhat\u00f3 mind az \u00faj aut\u00f3k piac\u00e1n, mind a haszn\u00e1ltaut\u00f3-importban. Mindez a lecser\u00e9lt aut\u00f3k r\u00e9v\u00e9n tov\u00e1bb \u00e9l\u00e9nk\u00edtheti a haszn\u00e1ltaut\u00f3-piacot is. A fenti el\u0151rejelz\u00e9sek alapj\u00e1n <strong>a J\u00f3Aut\u00f3k.hu arra sz\u00e1m\u00edt, hogy a belf\u00f6ldi haszn\u00e1ltaut\u00f3-piac 2024-ben is meg\u0151rzi aktivit\u00e1s\u00e1t, s\u0151t, re\u00e1lis es\u00e9lye van az \u00fajabb cs\u00facsd\u00f6nt\u00e9snek is.<\/strong><\/p>\n<p>&nbsp;<\/p>\n<p>&nbsp;<\/p>\n<p><strong>H\u00e1tt\u00e9r-inform\u00e1ci\u00f3:<\/strong><\/p>\n<p>A 2017 m\u00e1jus\u00e1ban indult J\u00f3Aut\u00f3k.hu Magyarorsz\u00e1g els\u0151 ellen\u0151rz\u00f6tt haszn\u00e1ltaut\u00f3 piactere. Az oldal c\u00e9lja, hogy a tisztess\u00e9gesen m\u0171k\u00f6d\u0151 keresked\u0151k k\u00edn\u00e1lat\u00e1t \u00f6sszekapcsolja azokkal a biztons\u00e1gorient\u00e1lt v\u00e1s\u00e1rl\u00f3kkal, akik szeretn\u00e9k elker\u00fclni a haszn\u00e1ltaut\u00f3-v\u00e1s\u00e1rl\u00e1s sor\u00e1n felmer\u00fcl\u0151 buktat\u00f3kat.<\/p>\n<p>A J\u00f3Aut\u00f3k.hu k\u00edn\u00e1lat\u00e1ban szerepl\u0151 valamennyi aut\u00f3 dokumentumai ellen\u0151rz\u00e9sen esnek \u00e1t, emellett az oldalon azok a hirdet\u00e9sek kapnak kiemelt poz\u00edci\u00f3t, melyekhez megfelel\u0151 mennyis\u00e9g\u0171 dokument\u00e1ci\u00f3 \u00e1ll rendelkez\u00e9sre. Az oldalon minden keresked\u0151 csak el\u0151sz\u0171r\u00e9st k\u00f6vet\u0151en jelenhet meg, amely a c\u00e9ges \u00e9s szakmai h\u00e1tt\u00e9r mellett az aut\u00f3\u00e1llom\u00e1ny min\u0151s\u00e9g\u00e9re, valamint a v\u00e1s\u00e1rl\u00f3i visszajelz\u00e9sekre is kiterjed.<\/p>\n","protected":false},"excerpt":{"rendered":"<p>Az el\u0151zetes adatok szerint a hazai haszn\u00e1ltaut\u00f3-piacon k\u00f6zel 821 ezer szem\u00e9lyg\u00e9pkocsi cser\u00e9lt gazd\u00e1t 2023-ban. Ez az \u00e9rt\u00e9k mind\u00f6ssze 0,5 sz\u00e1zal\u00e9kkal marad el a tavaly m\u00e9rt rekord\u00e9rt\u00e9kt\u0151l: 2022-ben 825 ezer volt a belf\u00f6ldi \u00e1t\u00edr\u00e1sok sz\u00e1ma.<\/p>\n","protected":false},"author":1001010,"featured_media":0,"comment_status":"open","ping_status":"open","sticky":false,"template":"","format":"standard","meta":[],"categories":[1],"tags":[],"_links":{"self":[{"href":"https:\/\/gazdasagportal.hu\/index.php\/wp-json\/wp\/v2\/posts\/145098"}],"collection":[{"href":"https:\/\/gazdasagportal.hu\/index.php\/wp-json\/wp\/v2\/posts"}],"about":[{"href":"https:\/\/gazdasagportal.hu\/index.php\/wp-json\/wp\/v2\/types\/post"}],"author":[{"embeddable":true,"href":"https:\/\/gazdasagportal.hu\/index.php\/wp-json\/wp\/v2\/users\/1001010"}],"replies":[{"embeddable":true,"href":"https:\/\/gazdasagportal.hu\/index.php\/wp-json\/wp\/v2\/comments?post=145098"}],"version-history":[{"count":2,"href":"https:\/\/gazdasagportal.hu\/index.php\/wp-json\/wp\/v2\/posts\/145098\/revisions"}],"predecessor-version":[{"id":145100,"href":"https:\/\/gazdasagportal.hu\/index.php\/wp-json\/wp\/v2\/posts\/145098\/revisions\/145100"}],"wp:attachment":[{"href":"https:\/\/gazdasagportal.hu\/index.php\/wp-json\/wp\/v2\/media?parent=145098"}],"wp:term":[{"taxonomy":"category","embeddable":true,"href":"https:\/\/gazdasagportal.hu\/index.php\/wp-json\/wp\/v2\/categories?post=145098"},{"taxonomy":"post_tag","embeddable":true,"href":"https:\/\/gazdasagportal.hu\/index.php\/wp-json\/wp\/v2\/tags?post=145098"}],"curies":[{"name":"wp","href":"https:\/\/api.w.org\/{rel}","templated":true}]}}