{"id":144974,"date":"2024-01-08T19:36:53","date_gmt":"2024-01-08T18:36:53","guid":{"rendered":"https:\/\/gazdasagportal.hu\/?p=144974"},"modified":"2024-01-08T19:38:24","modified_gmt":"2024-01-08T18:38:24","slug":"kh-sok-fiatalnak-hianyzik-a-munkahelyi-megbecsultseg","status":"publish","type":"post","link":"https:\/\/gazdasagportal.hu\/index.php\/kh-sok-fiatalnak-hianyzik-a-munkahelyi-megbecsultseg\/","title":{"rendered":"K&#038;H: sok fiatalnak hi\u00e1nyzik a munkahelyi megbecs\u00fclts\u00e9g"},"content":{"rendered":"<p><strong>A<\/strong><strong>\u00a0dolgoz\u00f3 fiatalok fele, 51 sz\u00e1zal\u00e9ka \u00e9rzi biztosnak a munkahely\u00e9t, mind\u00f6ssze 11 sz\u00e1zal\u00e9kuk mondta bizonytalannak az \u00e1ll\u00e1s\u00e1t \u2013 \u00e1llap\u00edtotta meg a K&amp;H ifj\u00fas\u00e1gi index felm\u00e9r\u00e9s a harmadik negyed\u00e9vben. Az elm\u00falt f\u00e9l \u00e9vtized a dolgoz\u00f3 magyar fiatalok munkahelyeinek stabilit\u00e1s\u00e1ban roml\u00e1st hozott, mik\u00f6zben munkahelyi megbecs\u00fclts\u00e9g\u00fck nagyj\u00e1b\u00f3l v\u00e1ltozatlan marad<\/strong>t<strong>, b\u00e1r az id\u00e9n hull\u00e1mz\u00f3 eredm\u00e9nyek sz\u00fclettek.<\/strong><!--more--><\/p>\n<div class=\"ads-in-post2\"><script async src=\"https:\/\/pagead2.googlesyndication.com\/pagead\/js\/adsbygoogle.js\"><\/script>\r\n<ins class=\"adsbygoogle\"\r\n     style=\"display:block\"\r\n     data-ad-format=\"fluid\"\r\n     data-ad-layout-key=\"-6t+ed+2i-1n-4w\"\r\n     data-ad-client=\"ca-pub-1959107119989764\"\r\n     data-ad-slot=\"4008251320\"><\/ins>\r\n<script>\r\n     (adsbygoogle = window.adsbygoogle || []).push({});\r\n<\/script><\/div>\nA dolgoz\u00f3 fiatalok fele, 51 sz\u00e1zal\u00e9ka stabilnak l\u00e1tta az \u00e1ll\u00e1s\u00e1t az idei harmadik negyed\u00e9vben, ez hasonl\u00f3 az \u00e9v m\u00e1sodik h\u00e1rom h\u00f3napj\u00e1ban m\u00e9rt &#8211; 52 sz\u00e1zal\u00e9kos -\u2013 eredm\u00e9nyhez \u2013 der\u00fcl ki a K&amp;H felm\u00e9r\u00e9ssorozat\u00e1b\u00f3l, amely a fiatalok munkahely\u00fckh\u00f6z f\u0171z\u0151d\u0151 viszony\u00e1t vizsg\u00e1lta.<\/p>\n<p><strong>biztos vagy instabil?<\/strong><\/p>\n<p>A friss eredm\u00e9nyek szerint a megk\u00e9rdezettek majdnem negyede v\u00e9lte \u00fagy, hogy nagyon stabil az \u00e1ll\u00e1sa, m\u00edg 27 sz\u00e1zal\u00e9kuk ink\u00e1bb stabilnak, mint ingadoz\u00f3nak l\u00e1tta a foglalkoztat\u00e1sukat. A legt\u00f6bben azok voltak, akik szerint \u00e1tlagos a munkahelyi helyzet\u00fck: ar\u00e1nyuk meghaladta a 37 sz\u00e1zal\u00e9kot, azaz t\u00edzb\u0151l majdnem n\u00e9gyen voltak ezen a v\u00e9lem\u00e9nyen. Egy\u00e1ltal\u00e1n vagy nem igaz\u00e1n stabilnak a v\u00e1laszad\u00f3k 11 sz\u00e1zal\u00e9ka tartotta a helyzet\u00e9t. Az 51 sz\u00e1zal\u00e9kos \u00e1tlag \u00e9rt\u00e9k az els\u0151 k\u00e9t csoport \u00f6sszes\u00edtett v\u00e9lem\u00e9ny\u00e9t t\u00fckr\u00f6zi. Ezen bel\u00fcl Budapesten a hely\u00fcket t\u00f6bb\u00e9 vagy kev\u00e9sb\u00e9 stabilnak tart\u00f3k ar\u00e1nya 66 sz\u00e1zal\u00e9k volt, m\u00edg a vid\u00e9ki kisv\u00e1rosokban csup\u00e1n 36 sz\u00e1zal\u00e9k.<\/p><div id=\"gazda-2049420719\" class=\"gazda-tartalomban gazda-entity-placement\"><script async src=\"https:\/\/pagead2.googlesyndication.com\/pagead\/js\/adsbygoogle.js\"><\/script>\r\n<ins class=\"adsbygoogle\"\r\n     style=\"display:block\"\r\n     data-ad-format=\"fluid\"\r\n     data-ad-layout-key=\"-6t+ed+2i-1n-4w\"\r\n     data-ad-client=\"ca-pub-1959107119989764\"\r\n     data-ad-slot=\"4008251320\"><\/ins>\r\n<script>\r\n     (adsbygoogle = window.adsbygoogle || []).push({});\r\n<\/script><\/div>\n<p>Nem is olyan r\u00e9gen, 2017 k\u00f6zepe \u00e9s 2020 k\u00f6zepe k\u00f6z\u00f6tt a munkahely\u00fcket stabilnak tart\u00f3 fiatalok ar\u00e1nya m\u00e9g 63\u201371 sz\u00e1zal\u00e9k k\u00f6z\u00e9 esett, ezt k\u00f6vet\u0151en zuhant ez a k\u00e9tharmad k\u00f6r\u00fcli ar\u00e1ny 2021 k\u00f6zep\u00e9re 50 sz\u00e1zal\u00e9k k\u00f6rny\u00e9k\u00e9re, az\u00f3ta pedig ezen a szinten stagn\u00e1l a mutat\u00f3.<\/p>\n<p><strong>megbecs\u00fclik \u0151ket?<\/strong><\/p>\n<p>M\u00e1s a helyzet a fiatalok v\u00e9lem\u00e9ny\u00e9ben arr\u00f3l, hogy mennyire becs\u00fclik meg \u0151ket a munkahely\u00fck\u00f6n. Azok ar\u00e1nya, akik \u00fagy \u00e9rezt\u00e9k, hogy el\u00e9gg\u00e9 vagy kifejezetten megbecs\u00fclik \u0151ket, 36 sz\u00e1zal\u00e9k volt 2017 k\u00f6zep\u00e9n \u00e9s 39 sz\u00e1zal\u00e9k 2023 harmadik negyed\u00e9v\u00e9ben. A k\u00e9t adat nagyj\u00e1b\u00f3l hasonl\u00f3an alakult v\u00e9gig ebben az id\u0151szakban, eltekintve n\u00e9h\u00e1ny pozit\u00edv \u00e9s negat\u00edv kileng\u00e9st\u0151l.<img decoding=\"async\" class=\"m_-3676840208279265878mcnImage CToWUd a6T\" tabindex=\"0\" src=\"https:\/\/ci3.googleusercontent.com\/meips\/ADKq_NZC8bY6Dty6jamv5JjbGjoqMZHW5G_CTQnG0gakD_ZN4--EW1GdEh13fafJB4IZMSMi5JDBdOFyj3gUStT9F75Zkr5BoQyBNrSCj6TiNevqtpQ5FpUxs6RLN2Tzj6l7Fxp12FZDztq0bhjo19gkMcJUyt2XfDMZOkE=s0-d-e1-ft#https:\/\/mcusercontent.com\/a2f9a9ec2695641f947c9ca61\/images\/bd383060-f057-840f-4e39-3fa30d1b6185.png\" alt=\"\" width=\"564\" align=\"center\" data-bit=\"iit\" \/>Miut\u00e1n a K&amp;H hossz\u00fa t\u00e1von gy\u0171jti az adatokat, az is l\u00e1that\u00f3, hogy a munkahely\u00fcket stabilnak \u00e9s az \u00f6nmagukat megbecs\u00fcltnek v\u00e9l\u0151k ar\u00e1nya val\u00f3j\u00e1ban az elm\u00falt egy \u00e9vtizedben nagyj\u00e1b\u00f3l hasonl\u00f3 dinamik\u00e1val, egym\u00e1ssal \u00f6sszhangban v\u00e1ltozott \u2013 ett\u0151l n\u00e9mi elt\u00e9r\u00e9s \u00e9ppen 2023 m\u00e1sodik \u00e9s harmadik negyed\u00e9v\u00e9t \u00f6sszehasonl\u00edtva l\u00e1that\u00f3. Az ut\u00f3bbi h\u00e1rom h\u00f3napban mind\u00f6ssze a megk\u00e9rdezettek 9 sz\u00e1zal\u00e9ka \u00e9rezte \u00fagy, hogy kifejezetten megbecs\u00fclik a munkahely\u00e9n, ami jelent\u0151s cs\u00f6kken\u00e9s az \u00e1prilis-j\u00faniusi 18 sz\u00e1zal\u00e9khoz k\u00e9pest, viszont l\u00e9nyeg\u00e9ben megegyezik az els\u0151 negyed\u00e9ves 10 sz\u00e1zal\u00e9kkal. A harmadik negyed\u00e9vben egy\u00e9bk\u00e9nt a megbecs\u00fclts\u00e9get a dolgoz\u00f3 fiatalok 42 sz\u00e1zal\u00e9ka \u00e1tlagosnak mondta, 12 sz\u00e1zal\u00e9kuk nem igaz\u00e1n, 6 sz\u00e1zal\u00e9kuk pedig egy\u00e1ltal\u00e1n nem \u00e9rezte annak mag\u00e1t.<\/p>\n<p><strong>K&amp;H ifj\u00fas\u00e1gi index<\/strong><\/p>\n<p>A 19-29 \u00e9ves fiatalok el\u00e9gedetts\u00e9g\u00e9t \u00e9s j\u00f6v\u0151beli v\u00e1rakoz\u00e1sait \u2013 t\u00f6bbek k\u00f6z\u00f6tt a lakhat\u00e1ssal, munk\u00e1val, el\u0151rel\u00e9p\u00e9si lehet\u0151s\u00e9gekkel, oktat\u00e1ssal, eg\u00e9szs\u00e9ggel, csal\u00e1ddal kapcsolatban \u2013 vizsg\u00e1lja a K&amp;H ifj\u00fas\u00e1gi index, amely a K&amp;H Eg\u00e9szs\u00e9ges T\u00e1rsadalom\u00e9rt Alap\u00edtv\u00e1ny megrendel\u00e9s\u00e9re k\u00e9sz\u00fclt. A minta \u00f6sszet\u00e9tele reprezent\u00e1lja a magyarorsz\u00e1gi 19-29 \u00e9ves v\u00e1rosi lakoss\u00e1g \u00f6sszet\u00e9tel\u00e9t nem, korcsoport, r\u00e9gi\u00f3, telep\u00fcl\u00e9st\u00edpus, befejezett iskolai v\u00e9gzetts\u00e9g, gazdas\u00e1gi aktivit\u00e1s alapj\u00e1n. A felm\u00e9r\u00e9sben 300 f\u0151 vett r\u00e9szt, a hibahat\u00e1r maximuma +\/- 5,7 sz\u00e1zal\u00e9k. Az adatfelv\u00e9tel 2023. szeptember 1-14. k\u00f6z\u00f6tt t\u00f6rt\u00e9nt.<\/p>\n","protected":false},"excerpt":{"rendered":"<p>A\u00a0dolgoz\u00f3 fiatalok fele, 51 sz\u00e1zal\u00e9ka \u00e9rzi biztosnak a munkahely\u00e9t, mind\u00f6ssze 11 sz\u00e1zal\u00e9kuk mondta bizonytalannak az \u00e1ll\u00e1s\u00e1t \u2013 \u00e1llap\u00edtotta meg a K&amp;H ifj\u00fas\u00e1gi index felm\u00e9r\u00e9s a harmadik negyed\u00e9vben. Az elm\u00falt f\u00e9l \u00e9vtized a dolgoz\u00f3 magyar fiatalok munkahelyeinek stabilit\u00e1s\u00e1ban roml\u00e1st hozott, mik\u00f6zben munkahelyi megbecs\u00fclts\u00e9g\u00fck nagyj\u00e1b\u00f3l v\u00e1ltozatlan maradt, b\u00e1r az id\u00e9n hull\u00e1mz\u00f3 eredm\u00e9nyek sz\u00fclettek.<\/p>\n","protected":false},"author":1001010,"featured_media":0,"comment_status":"open","ping_status":"open","sticky":false,"template":"","format":"standard","meta":[],"categories":[19],"tags":[],"_links":{"self":[{"href":"https:\/\/gazdasagportal.hu\/index.php\/wp-json\/wp\/v2\/posts\/144974"}],"collection":[{"href":"https:\/\/gazdasagportal.hu\/index.php\/wp-json\/wp\/v2\/posts"}],"about":[{"href":"https:\/\/gazdasagportal.hu\/index.php\/wp-json\/wp\/v2\/types\/post"}],"author":[{"embeddable":true,"href":"https:\/\/gazdasagportal.hu\/index.php\/wp-json\/wp\/v2\/users\/1001010"}],"replies":[{"embeddable":true,"href":"https:\/\/gazdasagportal.hu\/index.php\/wp-json\/wp\/v2\/comments?post=144974"}],"version-history":[{"count":3,"href":"https:\/\/gazdasagportal.hu\/index.php\/wp-json\/wp\/v2\/posts\/144974\/revisions"}],"predecessor-version":[{"id":144977,"href":"https:\/\/gazdasagportal.hu\/index.php\/wp-json\/wp\/v2\/posts\/144974\/revisions\/144977"}],"wp:attachment":[{"href":"https:\/\/gazdasagportal.hu\/index.php\/wp-json\/wp\/v2\/media?parent=144974"}],"wp:term":[{"taxonomy":"category","embeddable":true,"href":"https:\/\/gazdasagportal.hu\/index.php\/wp-json\/wp\/v2\/categories?post=144974"},{"taxonomy":"post_tag","embeddable":true,"href":"https:\/\/gazdasagportal.hu\/index.php\/wp-json\/wp\/v2\/tags?post=144974"}],"curies":[{"name":"wp","href":"https:\/\/api.w.org\/{rel}","templated":true}]}}