{"id":144966,"date":"2024-01-05T11:49:41","date_gmt":"2024-01-05T10:49:41","guid":{"rendered":"https:\/\/gazdasagportal.hu\/?p=144966"},"modified":"2024-01-05T11:49:41","modified_gmt":"2024-01-05T10:49:41","slug":"csokkent-a-nemet-kiskereskedelmi-forgalom-novemberben","status":"publish","type":"post","link":"https:\/\/gazdasagportal.hu\/index.php\/csokkent-a-nemet-kiskereskedelmi-forgalom-novemberben\/","title":{"rendered":"Cs\u00f6kkent a n\u00e9met kiskereskedelmi forgalom novemberben"},"content":{"rendered":"<p><strong>N\u00e9metorsz\u00e1gban cs\u00f6kkent a kiskereskedelmi forgalom novemberben havi \u00e9s \u00e9ves \u00f6sszevet\u00e9sben egyar\u00e1nt.<\/strong><!--more--><\/p>\n<div class=\"ads-in-post2\"><script async src=\"https:\/\/pagead2.googlesyndication.com\/pagead\/js\/adsbygoogle.js\"><\/script>\r\n<ins class=\"adsbygoogle\"\r\n     style=\"display:block\"\r\n     data-ad-format=\"fluid\"\r\n     data-ad-layout-key=\"-6t+ed+2i-1n-4w\"\r\n     data-ad-client=\"ca-pub-1959107119989764\"\r\n     data-ad-slot=\"4008251320\"><\/ins>\r\n<script>\r\n     (adsbygoogle = window.adsbygoogle || []).push({});\r\n<\/script><\/div>\n<p>    A n\u00e9met statisztikai hivatal, a Destatis p\u00e9nteken azt k\u00f6z\u00f6lte, hogy novemberben 2,5 sz\u00e1zal\u00e9kkal esett vissza a kiskereskedelmi forgalom okt\u00f3berhez k\u00e9pest, amikor 1,1 sz\u00e1zal\u00e9kos n\u00f6veked\u00e9st jegyeztek fel. Szak\u00e9rt\u0151i v\u00e1rakoz\u00e1sok \u00e1tlag\u00e1ban minim\u00e1lis, 0,1 sz\u00e1zal\u00e9kos havi szint\u0171 cs\u00f6kken\u00e9s szerepelt novemberre.<br \/>\n    Az \u00e9lelmiszerek novemberi \u00e9rt\u00e9kes\u00edt\u00e9se 0,5 sz\u00e1zal\u00e9kkal, a nem \u00e9lelmiszerterm\u00e9kek\u00e9 3,6 sz\u00e1zal\u00e9kkal, az internetes \u00e9s csomagk\u00fcld\u0151 kereskedelem\u00e9 2,8 sz\u00e1zal\u00e9kkal esett vissza okt\u00f3berrel \u00f6sszevetve.<br \/>\n    Tavaly novemberhez k\u00e9pest 2,4 sz\u00e1zal\u00e9k volt a kiskereskedelmi forgalom cs\u00f6kken\u00e9se, j\u00f3val meghaladta a szak\u00e9rt\u0151i v\u00e1rakoz\u00e1sok \u00e1tlag\u00e1ban szerepl\u0151 0,5 sz\u00e1zal\u00e9kos m\u00e9rs\u00e9kl\u0151d\u00e9st \u00e9s az okt\u00f3beri \u00e9ves 0,1 sz\u00e1zal\u00e9kos visszaes\u00e9st.(MTI)<\/p>\n","protected":false},"excerpt":{"rendered":"<p>N\u00e9metorsz\u00e1gban cs\u00f6kkent a kiskereskedelmi forgalom novemberben havi \u00e9s \u00e9ves \u00f6sszevet\u00e9sben egyar\u00e1nt.<\/p>\n","protected":false},"author":1001010,"featured_media":0,"comment_status":"open","ping_status":"open","sticky":false,"template":"","format":"standard","meta":[],"categories":[19],"tags":[],"_links":{"self":[{"href":"https:\/\/gazdasagportal.hu\/index.php\/wp-json\/wp\/v2\/posts\/144966"}],"collection":[{"href":"https:\/\/gazdasagportal.hu\/index.php\/wp-json\/wp\/v2\/posts"}],"about":[{"href":"https:\/\/gazdasagportal.hu\/index.php\/wp-json\/wp\/v2\/types\/post"}],"author":[{"embeddable":true,"href":"https:\/\/gazdasagportal.hu\/index.php\/wp-json\/wp\/v2\/users\/1001010"}],"replies":[{"embeddable":true,"href":"https:\/\/gazdasagportal.hu\/index.php\/wp-json\/wp\/v2\/comments?post=144966"}],"version-history":[{"count":1,"href":"https:\/\/gazdasagportal.hu\/index.php\/wp-json\/wp\/v2\/posts\/144966\/revisions"}],"predecessor-version":[{"id":144967,"href":"https:\/\/gazdasagportal.hu\/index.php\/wp-json\/wp\/v2\/posts\/144966\/revisions\/144967"}],"wp:attachment":[{"href":"https:\/\/gazdasagportal.hu\/index.php\/wp-json\/wp\/v2\/media?parent=144966"}],"wp:term":[{"taxonomy":"category","embeddable":true,"href":"https:\/\/gazdasagportal.hu\/index.php\/wp-json\/wp\/v2\/categories?post=144966"},{"taxonomy":"post_tag","embeddable":true,"href":"https:\/\/gazdasagportal.hu\/index.php\/wp-json\/wp\/v2\/tags?post=144966"}],"curies":[{"name":"wp","href":"https:\/\/api.w.org\/{rel}","templated":true}]}}