{"id":144945,"date":"2023-12-28T14:33:52","date_gmt":"2023-12-28T13:33:52","guid":{"rendered":"https:\/\/gazdasagportal.hu\/?p=144945"},"modified":"2023-12-28T14:33:52","modified_gmt":"2023-12-28T13:33:52","slug":"2024-ben-porognek-fel-igazan-az-aramhalozati-fejlesztesek","status":"publish","type":"post","link":"https:\/\/gazdasagportal.hu\/index.php\/2024-ben-porognek-fel-igazan-az-aramhalozati-fejlesztesek\/","title":{"rendered":"2024-ben p\u00f6r\u00f6gnek fel igaz\u00e1n az \u00e1ramh\u00e1l\u00f3zati fejleszt\u00e9sek"},"content":{"rendered":"<p><strong>M\u00e1r id\u00e9n is sz\u00e1mos helyen val\u00f3sultak meg korszer\u0171s\u00edt\u00e9sek a magyarorsz\u00e1gi villamos energia h\u00e1l\u00f3zaton. J\u00f6v\u0151re azonban t\u00f6megess\u00e9 v\u00e1lnak az ell\u00e1t\u00e1sbiztons\u00e1got \u00faj al\u00e1llom\u00e1sok \u00e9p\u00edt\u00e9s\u00e9vel, a megl\u00e9v\u0151k fel\u00faj\u00edt\u00e1s\u00e1val, b\u0151v\u00edt\u00e9s\u00e9vel, t\u00e1vvezet\u00e9ki fejleszt\u00e9sekkel meger\u0151s\u00edt\u0151 beruh\u00e1z\u00e1sok. A hazai \u00e9s uni\u00f3s forr\u00e1sokb\u00f3l t\u00e1mogatott projektek tov\u00e1bbi z\u00f6ldenergia-termel\u0151 kapacit\u00e1sok kiegyens\u00falyozott h\u00e1l\u00f3zatba kapcsol\u00e1s\u00e1t is megalapozz\u00e1k &#8211; \u00edrta az Energia\u00fcgyi Miniszt\u00e9rium (EM) az MTI-nek cs\u00fct\u00f6rt\u00f6k\u00f6n eljuttatott k\u00f6zlem\u00e9ny\u00e9ben.<\/strong><!--more--><\/p>\n<div class=\"ads-in-post2\"><script async src=\"https:\/\/pagead2.googlesyndication.com\/pagead\/js\/adsbygoogle.js\"><\/script>\r\n<ins class=\"adsbygoogle\"\r\n     style=\"display:block\"\r\n     data-ad-format=\"fluid\"\r\n     data-ad-layout-key=\"-6t+ed+2i-1n-4w\"\r\n     data-ad-client=\"ca-pub-1959107119989764\"\r\n     data-ad-slot=\"4008251320\"><\/ins>\r\n<script>\r\n     (adsbygoogle = window.adsbygoogle || []).push({});\r\n<\/script><\/div>\n<p>    A 2023-ban indult, sok esetben c\u00e9lba is \u00e9rt kivitelez\u00e9seknek k\u00f6sz\u00f6nhet\u0151en m\u00e1sok mellett Debrecen-Macs, Eger, Heves, Mez\u0151cs\u00e1t, Miskolc, \u0150rmez\u0151 \u00e9s Szeged-Feh\u00e9rt\u00f3 gyarapodik \u00faj al\u00e1llom\u00e1ssal. \u00daj traf\u00f3val b\u0151v\u00fclt vagy a r\u00e9gi lecser\u00e9l\u00e9s\u00e9vel korszer\u0171s\u00f6d\u00f6tt a bicskei, oroszl\u00e1nyi, perk\u00e1tai, s\u00e1ndorfalvi \u00e9s tiszal\u00f6ki al\u00e1llom\u00e1s. Tov\u00e1bbi fejleszt\u00e9sek, rekonstrukci\u00f3k zajlottak vagy indultak Detken, Duna\u00fajv\u00e1rosban, Hatvanban, Kelenf\u00f6ld\u00f6n, Kerepesen, Solym\u00e1ron, Szolnokon \u00e9s a Tatab\u00e1nyai Ipari Parkban &#8211; sorolt\u00e1k.<br \/>\n    J\u00f6v\u0151re m\u00e9g t\u00f6bb helysz\u00ednen kezd\u0151dnek meg beruh\u00e1z\u00e1sok, \u00faj al\u00e1llom\u00e1s l\u00e9tes\u00fcl a teljess\u00e9g ig\u00e9nye n\u00e9lk\u00fcl Debrecenben, F\u00fczesabonyban, G\u00f6d\u00f6n, J\u00e1szf\u00e9nyszaruban, Leps\u00e9nyn\u00e9l, Ny\u00edregyh\u00e1z\u00e1n, P\u00e9celen, Saj\u00f3kereszt\u00faron, Soltvadkerten, Szombathelyen, V\u00e1rpalot\u00e1n \u00e9s Zalaszentgr\u00f3ton. A 2024-re \u00fctemezett al\u00e1llom\u00e1si korszer\u0171s\u00edt\u00e9sek is hosszan sorolhat\u00f3k Albertfalv\u00e1t\u00f3l B\u00e9k\u00e9scsab\u00e1n, Gy\u0151r\u00f6n, H\u00e9v\u00edzen, Kisv\u00e1rd\u00e1n, Vecs\u00e9sen \u00e9s Zircen \u00e1t Zugl\u00f3ig &#8211; jegyezte meg az EM.<br \/>\n    A k\u00f6vetkez\u0151 esztend\u0151ben jelent\u0151sen meg\u00e9l\u00e9nk\u00fclnek a t\u00e1vvezet\u00e9ki fejleszt\u00e9sek. \u00d6sszesen t\u00f6bb sz\u00e1z kilom\u00e9teren \u00fajulnak meg egyebek mellett a Cegl\u00e9d-Szolnok, Csongr\u00e1d-Szentes, J\u00e1szber\u00e9ny-Nagyk\u00e1ta-L\u0151rinci-Nagyb\u00e1tony, Saj\u00f3iv\u00e1nka-Borsodn\u00e1dasd, S\u00e1ndorfalva-Kistelek-Kiskunf\u00e9legyh\u00e1za-Kecskem\u00e9t \u00e9s Szabadsz\u00e1ll\u00e1s-Duna\u00fajv\u00e1ros \u00e1ramh\u00e1l\u00f3zati \u00f6sszek\u00f6ttet\u00e9sek &#8211; ismertett\u00e9k.<br \/>\n    A MAVIR a nagy forgalm\u00fa aut\u00f3p\u00e1ly\u00e1k feletti t\u00e1vvezet\u00e9ki keresztez\u00e9sek \u00e1t\u00e9p\u00edt\u00e9s\u00e9re is k\u00e9sz\u00fcl az ell\u00e1t\u00e1sbiztons\u00e1g n\u00f6vel\u00e9se \u00e9rdek\u00e9ben. Szint\u00e9n az \u00e1tviteli rendszerir\u00e1ny\u00edt\u00f3 l\u00e9tes\u00edt 20 megawattos energiat\u00e1rol\u00f3t Szolnok t\u00e9rs\u00e9g\u00e9ben a k\u00f6rny\u00e9ken jelentkez\u0151 naper\u0151m\u0171vi csatlakoz\u00e1si ig\u00e9nyek kiel\u00e9g\u00edt\u00e9se c\u00e9lj\u00e1b\u00f3l. Az eloszt\u00f3k t\u00f6bb sz\u00e1zezer okosm\u00e9r\u0151 telep\u00edt\u00e9s\u00e9vel seg\u00edtik el\u0151 a tudatos, takar\u00e9kos \u00e9s k\u00f6rnyezetk\u00edm\u00e9l\u0151 energiafelhaszn\u00e1l\u00e1st.<br \/>\n    Az idei beruh\u00e1z\u00e1sok nagyban hozz\u00e1j\u00e1rultak ahhoz, hogy 2023-ban rekordmennyis\u00e9g\u0171, a tavalyi cs\u00facsot t\u00f6bb mint m\u00e1sfelszeresen fel\u00fclm\u00fal\u00f3 napenergia kapacit\u00e1s l\u00e9tes\u00fclt Magyarorsz\u00e1gon. E fejleszt\u00e9seknek is k\u00f6sz\u00f6nhet\u0151 a h\u00e1ztart\u00e1si napelemek \u00e1tmeneti bet\u00e1pl\u00e1l\u00e1si korl\u00e1toz\u00e1s\u00e1nak felold\u00e1sa janu\u00e1r elsej\u00e9vel a h\u00e1l\u00f3zat 93 sz\u00e1zal\u00e9k\u00e1n. A k\u00f6vetkez\u0151 id\u0151szakra tervezett korszer\u0171s\u00edt\u00e9sek a m\u00e1r ismert csatlakoz\u00e1si ig\u00e9nyekhez igazodva tov\u00e1bbi t\u00f6bb ezer megawattnyi z\u00f6ldenergia-termel\u0151 teljes\u00edtm\u00e9ny biztons\u00e1gos befogad\u00e1s\u00e1t alapozz\u00e1k meg &#8211; ismertett\u00e9k.<br \/>\n    A korm\u00e1ny a nemzeti helyre\u00e1ll\u00edt\u00e1si terv forr\u00e1sait a hazai k\u00f6lts\u00e9gvet\u00e9s terh\u00e9re megel\u0151legezve t\u00f6bb mint 160 milli\u00e1rd forinttal t\u00e1mogatja az \u00e1ramh\u00e1l\u00f3zati beruh\u00e1z\u00e1sokat. A k\u00f6zelm\u00faltban uni\u00f3s j\u00f3v\u00e1hagy\u00e1st nyert REPowerEU-fejezetb\u0151l tov\u00e1bbi jelent\u0151s t\u00e9telek hasznosulnak majd a magyar villamos energia rendszer b\u0151v\u00edt\u00e9s\u00e9ben, meg\u00faj\u00edt\u00e1s\u00e1ban, rugalmass\u00e1g\u00e1nak n\u00f6vel\u00e9s\u00e9ben.<br \/>\n    A m\u00e1r zajl\u00f3 \u00e9s el\u0151k\u00e9sz\u00fcletben l\u00e9v\u0151 fejleszt\u00e9sek n\u00e9lk\u00fcl\u00f6zhetetlenek a n\u00f6vekv\u0151 lakoss\u00e1gi \u00e9s ipari energiaig\u00e9nyek kiszolg\u00e1l\u00e1s\u00e1hoz, a nagyar\u00e1ny\u00fa elektrifik\u00e1ci\u00f3hoz val\u00f3 alkalmazkod\u00e1shoz. Az ipar\u00e1gi beruh\u00e1z\u00e1sok el\u0151mozd\u00edtj\u00e1k a hazai z\u00f6ldenergia-termel\u00e9s \u00e9s -t\u00e1rol\u00e1s gazdas\u00e1gi-versenyk\u00e9pess\u00e9gi szempontb\u00f3l is sz\u00fcks\u00e9gszer\u0171 t\u00e9rnyer\u00e9s\u00e9t Magyarorsz\u00e1gon &#8211; \u00e1ll a k\u00f6zlem\u00e9nyben.(MTI)<\/p>\n","protected":false},"excerpt":{"rendered":"<p>M\u00e1r id\u00e9n is sz\u00e1mos helyen val\u00f3sultak meg korszer\u0171s\u00edt\u00e9sek a magyarorsz\u00e1gi villamos energia h\u00e1l\u00f3zaton. J\u00f6v\u0151re azonban t\u00f6megess\u00e9 v\u00e1lnak az ell\u00e1t\u00e1sbiztons\u00e1got \u00faj al\u00e1llom\u00e1sok \u00e9p\u00edt\u00e9s\u00e9vel, a megl\u00e9v\u0151k fel\u00faj\u00edt\u00e1s\u00e1val, b\u0151v\u00edt\u00e9s\u00e9vel, t\u00e1vvezet\u00e9ki fejleszt\u00e9sekkel meger\u0151s\u00edt\u0151 beruh\u00e1z\u00e1sok. A hazai \u00e9s uni\u00f3s forr\u00e1sokb\u00f3l t\u00e1mogatott projektek tov\u00e1bbi z\u00f6ldenergia-termel\u0151 kapacit\u00e1sok kiegyens\u00falyozott h\u00e1l\u00f3zatba kapcsol\u00e1s\u00e1t is megalapozz\u00e1k &#8211; \u00edrta az Energia\u00fcgyi Miniszt\u00e9rium (EM) az MTI-nek cs\u00fct\u00f6rt\u00f6k\u00f6n eljuttatott &#8230;<\/p>\n","protected":false},"author":1001010,"featured_media":0,"comment_status":"open","ping_status":"open","sticky":false,"template":"","format":"standard","meta":[],"categories":[19],"tags":[],"_links":{"self":[{"href":"https:\/\/gazdasagportal.hu\/index.php\/wp-json\/wp\/v2\/posts\/144945"}],"collection":[{"href":"https:\/\/gazdasagportal.hu\/index.php\/wp-json\/wp\/v2\/posts"}],"about":[{"href":"https:\/\/gazdasagportal.hu\/index.php\/wp-json\/wp\/v2\/types\/post"}],"author":[{"embeddable":true,"href":"https:\/\/gazdasagportal.hu\/index.php\/wp-json\/wp\/v2\/users\/1001010"}],"replies":[{"embeddable":true,"href":"https:\/\/gazdasagportal.hu\/index.php\/wp-json\/wp\/v2\/comments?post=144945"}],"version-history":[{"count":1,"href":"https:\/\/gazdasagportal.hu\/index.php\/wp-json\/wp\/v2\/posts\/144945\/revisions"}],"predecessor-version":[{"id":144946,"href":"https:\/\/gazdasagportal.hu\/index.php\/wp-json\/wp\/v2\/posts\/144945\/revisions\/144946"}],"wp:attachment":[{"href":"https:\/\/gazdasagportal.hu\/index.php\/wp-json\/wp\/v2\/media?parent=144945"}],"wp:term":[{"taxonomy":"category","embeddable":true,"href":"https:\/\/gazdasagportal.hu\/index.php\/wp-json\/wp\/v2\/categories?post=144945"},{"taxonomy":"post_tag","embeddable":true,"href":"https:\/\/gazdasagportal.hu\/index.php\/wp-json\/wp\/v2\/tags?post=144945"}],"curies":[{"name":"wp","href":"https:\/\/api.w.org\/{rel}","templated":true}]}}