{"id":144686,"date":"2023-11-14T11:48:09","date_gmt":"2023-11-14T10:48:09","guid":{"rendered":"https:\/\/gazdasagportal.hu\/?p=144686"},"modified":"2023-11-14T11:48:09","modified_gmt":"2023-11-14T10:48:09","slug":"te-mit-kezdenel-15-millio-forinttal","status":"publish","type":"post","link":"https:\/\/gazdasagportal.hu\/index.php\/te-mit-kezdenel-15-millio-forinttal\/","title":{"rendered":"Te mit kezden\u00e9l 15 milli\u00f3 forinttal?"},"content":{"rendered":"<p>&nbsp;<\/p>\n<p style=\"font-weight: 400;\"><strong>Tov\u00e1bbra is d\u00f6nt\u0151en pesszimista a hazai lakoss\u00e1g j\u00f6v\u0151k\u00e9pe, ha kil\u00e1t\u00e1sair\u00f3l \u00e9s anyagi helyzet\u00e9r\u0151l van sz\u00f3, k\u00fcl\u00f6n\u00f6sen a nyugd\u00edjas \u00e9vekkel kapcsolatosan \u2013 der\u00fcl ki a Generali Biztos\u00edt\u00f3\u00a0legfrissebb reprezentat\u00edv kutat\u00e1s\u00e1b\u00f3l[1]. A 18-65 \u00e9v k\u00f6z\u00f6tti magyarok \u00e1tlagosan 30\u00a0000 forintot tudnak f\u00e9lretenni havonta, hab\u00e1r \u0151k maguk is \u00fagy v\u00e9lik, hogy ennek csaknem h\u00e1romszoros\u00e1t kellene megtakar\u00edtaniuk ahhoz, hogy biztons\u00e1gban tudhass\u00e1k magukat id\u0151skorukban. A legjobb helyzetben a f\u0151v\u00e1rosban \u00e9l\u0151, magasabb iskolai v\u00e9gzetts\u00e9ggel rendelkez\u0151, 40 alattiak vannak, t\u00f6bbnyire \u0151k tudnak havi 50\u00a0000 forintot meghalad\u00f3 \u00f6sszeget elk\u00fcl\u00f6n\u00edteni j\u00f6v\u0151j\u00fckre. Fontos megjegyezni, hogy mik\u00f6zben a kisebb havi megtakar\u00edt\u00e1sr\u00f3l besz\u00e1mol\u00f3 v\u00e1laszad\u00f3k k\u00f6z\u00f6tt a n\u0151k domin\u00e1lnak (57 sz\u00e1zal\u00e9k), \u00e1tlagos \u00e9s ann\u00e1l t\u00f6bb p\u00e9nzt a f\u00e9rfiak tudnak f\u00e9lretenni (61 sz\u00e1zal\u00e9k). A felm\u00e9r\u00e9sb\u0151l pontosan kirajzol\u00f3dik, hogy a lakoss\u00e1g tudatoss\u00e1ga nem cs\u00f6kken sz\u00e1mottev\u0151en a t\u00e9m\u00e1ban, \u00e9s fontosnak is tartj\u00e1k az \u00f6ngondoskod\u00e1st \u2013 a val\u00f3s lehet\u0151s\u00e9geik a takar\u00e9koskod\u00e1sra azonban meglehet\u0151sen sz\u0171k\u00f6sek.<\/strong><\/p>\n<p><!--more--><\/p>\n<div class=\"ads-in-post2\"><script async src=\"https:\/\/pagead2.googlesyndication.com\/pagead\/js\/adsbygoogle.js\"><\/script>\r\n<ins class=\"adsbygoogle\"\r\n     style=\"display:block\"\r\n     data-ad-format=\"fluid\"\r\n     data-ad-layout-key=\"-6t+ed+2i-1n-4w\"\r\n     data-ad-client=\"ca-pub-1959107119989764\"\r\n     data-ad-slot=\"4008251320\"><\/ins>\r\n<script>\r\n     (adsbygoogle = window.adsbygoogle || []).push({});\r\n<\/script><\/div>\n<p>\u00b7\u00a0\u00a0A magyarok 39 sz\u00e1zal\u00e9ka saj\u00e1t bevall\u00e1sa szerint odafigyel, hogy havonta f\u00e9lretegyen valamennyit a nyugd\u00edjas \u00e9veire, 30 sz\u00e1zal\u00e9kuk pedig a gyermekeit is erre tan\u00edtja \u2013 mutat r\u00e1 a\u00a0<span lang=\"EN-US\"><a href=\"http:\/\/www.generali.hu\/\" target=\"_blank\" rel=\"noopener\" data-saferedirecturl=\"https:\/\/www.google.com\/url?q=http:\/\/www.generali.hu&amp;source=gmail&amp;ust=1700045164790000&amp;usg=AOvVaw3XbifGVqeDo9O_QS9hKTxO\"><span lang=\"HU\">Generali Biztos\u00edt\u00f3<\/span><\/a><\/span>\u00a0reprezentat\u00edv kutat\u00e1sa.<\/p><div id=\"gazda-4085516373\" class=\"gazda-tartalomban gazda-entity-placement\"><script async src=\"https:\/\/pagead2.googlesyndication.com\/pagead\/js\/adsbygoogle.js\"><\/script>\r\n<ins class=\"adsbygoogle\"\r\n     style=\"display:block\"\r\n     data-ad-format=\"fluid\"\r\n     data-ad-layout-key=\"-6t+ed+2i-1n-4w\"\r\n     data-ad-client=\"ca-pub-1959107119989764\"\r\n     data-ad-slot=\"4008251320\"><\/ins>\r\n<script>\r\n     (adsbygoogle = window.adsbygoogle || []).push({});\r\n<\/script><\/div>\n<p>\u00b7\u00a0\u00a0A hazai lakoss\u00e1g egy\u00f6ntet\u0171en \u00fagy gondolja, hogy \u00e9rdemes mihamarabb, ak\u00e1r p\u00e1lyakezd\u0151k\u00e9nt (35 sz\u00e1zal\u00e9k) vagy a 30-as \u00e9veikben (37 sz\u00e1zal\u00e9k) elkezdeni a takar\u00e9koskod\u00e1st, \u00e9s err\u0151l a legfiatalabbak is \u00e9ppen \u00edgy v\u00e9lekednek.<\/p>\n<p>\u00b7\u00a0\u00a0Meglep\u0151 m\u00f3don a 30 \u00e9v alattiak az 50 \u00e9v felettiekkel szinte azonos ar\u00e1nyban ford\u00edtan\u00e1k az eg\u00e9szs\u00e9g\u00fckre (40 sz\u00e1zal\u00e9k) \u00e9s az \u00e9letsz\u00ednvonaluk biztos\u00edt\u00e1s\u00e1ra (36 sz\u00e1zal\u00e9k) \u201eelk\u00e9pzelt\u201d 15 milli\u00f3s nyugd\u00edjmegtakar\u00edt\u00e1sukat, ha most jutn\u00e1nak hozz\u00e1 \u2013 szemben ak\u00e1r egy \u00e1lomutaz\u00e1ssal (26 sz\u00e1zal\u00e9k).<\/p>\n<p>&nbsp;<\/p>\n<p style=\"font-weight: 400;\"><strong>Nagy az egyet\u00e9rt\u00e9s: a legt\u00f6bben hamarabb kezdt\u00e9k volna a takar\u00e9koskod\u00e1st<\/strong><\/p>\n<p style=\"font-weight: 400;\"><strong>\u00a0<\/strong>A magyarok teh\u00e1t nagyon is tiszt\u00e1ban vannak az \u00f6ngondoskod\u00e1s fontoss\u00e1g\u00e1val, a megk\u00e9rdezettek 39 sz\u00e1zal\u00e9ka pedig saj\u00e1t bevall\u00e1sa szerint odafigyel, hogy havi rendszeress\u00e9ggel tegyen f\u00e9lre valamennyit nyugd\u00edjas \u00e9veire. Az ezzel kapcsolatos tudatoss\u00e1g ugyan n\u00e9mileg cs\u00f6kken\u0151 tendenci\u00e1t mutat az elm\u00falt \u00e9vekben, de ez nagy val\u00f3sz\u00edn\u0171s\u00e9ggel nem a t\u00e1j\u00e9kozotts\u00e1g \u00e9s elk\u00f6telezetts\u00e9g hi\u00e1ny\u00e1ra, hanem az anyagi lehet\u0151s\u00e9gek bizonytalans\u00e1g\u00e1ra utal. Az eduk\u00e1ci\u00f3t szint\u00e9n szem el\u0151tt tartj\u00e1k a sz\u00fcl\u0151k, 30 sz\u00e1zal\u00e9kuk ugyanis a gyermek\u00fck figyelm\u00e9t is igyekszik felh\u00edvni a nyugd\u00edjtakar\u00e9koss\u00e1gra m\u00e1r eg\u00e9szen kor\u00e1n, a j\u00f6v\u0151tudatos feln\u0151ttek pedig szinte azonos ar\u00e1nyban v\u00e9lekednek \u00edgy, ak\u00e1rmekkora f\u00e9lretehet\u0151 \u00f6sszegb\u0151l is gazd\u00e1lkodnak.<\/p>\n<p style=\"font-weight: 400;\"><em>\u201eA kutat\u00e1sb\u00f3l tov\u00e1bb\u00e1 az is kider\u00fcl, hogy a megk\u00e9rdezettek szerint \u00e9rdemes mihamarabb elkezdeni a felk\u00e9sz\u00fcl\u00e9st a k\u00e9s\u0151bbi anyagi biztons\u00e1guk \u00e9rdek\u00e9ben. Ez tal\u00e1n nem \u00fajdons\u00e1g, viszont fontos megjegyezni, hogy ezt m\u00e1r a 18-29 koroszt\u00e1ly is \u00edgy gondolja, hab\u00e1r \u0151k sz\u00edvesen toln\u00e1k a harmincas \u00e9veikre a nyugd\u00edjc\u00e9l\u00fa megtakar\u00edt\u00e1sok megkezd\u00e9s\u00e9t. A harmadik x ut\u00e1n azonban fordul a kocka, az id\u0151sebben azt k\u00edv\u00e1nj\u00e1k, b\u00e1r m\u00e1r p\u00e1lyakezd\u0151k\u00e9nt gondoltak volna erre. Az id\u0151ben megk\u00f6t\u00f6tt\u00a0<\/em><em>nyugd\u00edjbiztos\u00edt\u00e1s<\/em><em>\u00a0az\u00e9rt j\u00f3 opci\u00f3, mert val\u00f3ban rendszeress\u00e9gre \u00f6szt\u00f6n\u00f6z hossz\u00fa t\u00e1von, illetve minden \u00e9letkorban hasznos \u00e9let-, baleset-, eg\u00e9szs\u00e9gbiztos\u00edt\u00e1si v\u00e9delmet\u00a0is kaphatunk hozz\u00e1\u201d \u2013\u00a0<\/em>mondja\u00a0<strong>Schaub Erika, a Generali szem\u00e9lybiztos\u00edt\u00e1sok\u00e9rt felel\u0151s igazgat\u00f3s\u00e1gi tagja.<\/strong><\/p>\n<p>&nbsp;<\/p>\n<p style=\"font-weight: 400;\"><strong>Ha \u00e9n gazdag lenn\u00e9k\u2026<\/strong><\/p>\n<p style=\"font-weight: 400;\">\u00c1lomutaz\u00e1s vagy \u00f6ngondoskod\u00e1s? A kutat\u00e1s t\u00f6bbek k\u00f6z\u00f6tt arra is kereste a v\u00e1laszt, vajon mit tenne a lakoss\u00e1g, ha egy nagyobb \u00f6sszeggel v\u00e1ghatna neki a nyugd\u00edjas \u00e9veknek. Gy\u0151zne a tudatoss\u00e1g \u00e9s a biztons\u00e1gra mennek a magyarok? A sztereot\u00edpi\u00e1knak megfelelve sz\u00f3rn\u00e1k el a p\u00e9nzt a fiatalok, vagy m\u00e1r sz\u00e1mukra is fontosabbak a hossz\u00fa t\u00e1v\u00fa c\u00e9lok?<\/p>\n<p style=\"font-weight: 400;\">Nos, a Generali kutat\u00e1s\u00e1nak r\u00e9sztvev\u0151i az \u00f6ngondoskod\u00e1s mellett tett\u00e9k le a voksukat. Arra a k\u00e9rd\u00e9sre, hogy mit kezden\u00e9nek 15 milli\u00f3 forinttal, ha most menn\u00e9nek nyugd\u00edjba \u00e9s kor\u00e1bbi nyugd\u00edjbiztos\u00edt\u00e1sukb\u00f3l megkapn\u00e1k ezt az \u00f6sszeget, a v\u00e1laszad\u00f3k 42 sz\u00e1zal\u00e9ka azt v\u00e1laszolta, hogy egy esetleges komolyabb betegs\u00e9ghez kapcsol\u00f3d\u00f3 k\u00f6lts\u00e9gekre rakn\u00e1 f\u00e9lre a p\u00e9nzt, 37 sz\u00e1zal\u00e9kuk pedig j\u00e1rad\u00e9kra v\u00e1ltan\u00e1, hogy \u00e9lete v\u00e9g\u00e9ig nyugd\u00edjkieg\u00e9sz\u00edt\u00e9shez juthasson. Ezut\u00e1n j\u00f6nnek csak az olyan, megval\u00f3s\u00edt\u00e1sra v\u00e1r\u00f3 \u00e1lmok, mint az utazgat\u00e1s (18 sz\u00e1zal\u00e9k), saj\u00e1t v\u00e1llalkoz\u00e1s ind\u00edt\u00e1sa (17 sz\u00e1zal\u00e9k) vagy \u00e9ppen a tanulm\u00e1nyok folytat\u00e1sa \u00e9s \u00fajabb ismeretek megszerz\u00e9se (12 sz\u00e1zal\u00e9k). A magyarok teh\u00e1t eg\u00e9szen elk\u00f6telezettek a takar\u00e9koskod\u00e1s mellett, hab\u00e1r ez abb\u00f3l is ad\u00f3dik, hogy bizonytalanok a nyugd\u00edjas \u00e9veikkel kapcsolatban, \u00e9s egy\u00f6ntet\u0171en \u00fagy gondolj\u00e1k, nem sz\u00e1m\u00edthatnak majd stabilit\u00e1st ny\u00fajt\u00f3 \u00e1llami ell\u00e1t\u00f3rendszerre a k\u00e9rd\u00e9sben.<\/p>\n<p style=\"font-weight: 400;\"><em>\u201eMeglep\u0151 a 20-as \u00e9veikben j\u00e1r\u00f3k elk\u00f6telezetts\u00e9ge a t\u00e9m\u00e1ban, \u0151k ugyanis pontosan ezt a sorrendet jel\u00f6lt\u00e9k meg az id\u0151sebb koroszt\u00e1llyal hasonl\u00f3 ar\u00e1nyban. Ez azt mutatja, hogy egyre t\u00f6bbeket, egyre fiatalabban foglalkoztat a t\u00e9ma, \u00e9s keresik a sz\u00e1mukra legmegfelel\u0151bb \u00f6ngondoskod\u00e1si form\u00e1t. Mi \u00e9ppen ezt a flexibilit\u00e1st tartjuk szem el\u0151tt a\u00a0<\/em><em>nyugd\u00edjbiztos\u00edt\u00e1s<\/em><em>i portfoli\u00f3nk kapcs\u00e1n, hiszen a klasszikus nyugd\u00edjbiztos\u00edt\u00e1s mellett lehet rendszeres vagy egyszeri d\u00edjas, befektet\u00e9si egys\u00e9gekhez k\u00f6t\u00f6tt opci\u00f3t is v\u00e1lasztani. Mindenk\u00e9ppen \u00e9rdemes mihamarabb l\u00e9pni, hiszen \u00edgy a jelenleg \u00e9rv\u00e9nyes nyugd\u00edjkorhat\u00e1r el\u00e9r\u00e9sekor juthat az \u00f6sszeghez a takar\u00e9koskod\u00f3, r\u00e1ad\u00e1sul a 20%-os \u00e9vi ad\u00f3j\u00f3v\u00e1\u00edr\u00e1s lehet\u0151s\u00e9g\u00e9vel is \u00e9lhet, ami tov\u00e1bb gyarap\u00edthatja a p\u00e9nz\u00e9t\u201d \u2013\u00a0<\/em>teszi hozz\u00e1\u00a0<strong>Schaub Erika.<\/strong><\/p>\n","protected":false},"excerpt":{"rendered":"<p>&nbsp; Tov\u00e1bbra is d\u00f6nt\u0151en pesszimista a hazai lakoss\u00e1g j\u00f6v\u0151k\u00e9pe, ha kil\u00e1t\u00e1sair\u00f3l \u00e9s anyagi helyzet\u00e9r\u0151l van sz\u00f3, k\u00fcl\u00f6n\u00f6sen a nyugd\u00edjas \u00e9vekkel kapcsolatosan \u2013 der\u00fcl ki a Generali Biztos\u00edt\u00f3\u00a0legfrissebb reprezentat\u00edv kutat\u00e1s\u00e1b\u00f3l[1]. A 18-65 \u00e9v k\u00f6z\u00f6tti magyarok \u00e1tlagosan 30\u00a0000 forintot tudnak f\u00e9lretenni havonta, hab\u00e1r \u0151k maguk is \u00fagy v\u00e9lik, hogy ennek csaknem h\u00e1romszoros\u00e1t kellene megtakar\u00edtaniuk ahhoz, hogy biztons\u00e1gban &#8230;<\/p>\n","protected":false},"author":1001010,"featured_media":0,"comment_status":"open","ping_status":"open","sticky":false,"template":"","format":"standard","meta":[],"categories":[19],"tags":[],"_links":{"self":[{"href":"https:\/\/gazdasagportal.hu\/index.php\/wp-json\/wp\/v2\/posts\/144686"}],"collection":[{"href":"https:\/\/gazdasagportal.hu\/index.php\/wp-json\/wp\/v2\/posts"}],"about":[{"href":"https:\/\/gazdasagportal.hu\/index.php\/wp-json\/wp\/v2\/types\/post"}],"author":[{"embeddable":true,"href":"https:\/\/gazdasagportal.hu\/index.php\/wp-json\/wp\/v2\/users\/1001010"}],"replies":[{"embeddable":true,"href":"https:\/\/gazdasagportal.hu\/index.php\/wp-json\/wp\/v2\/comments?post=144686"}],"version-history":[{"count":1,"href":"https:\/\/gazdasagportal.hu\/index.php\/wp-json\/wp\/v2\/posts\/144686\/revisions"}],"predecessor-version":[{"id":144687,"href":"https:\/\/gazdasagportal.hu\/index.php\/wp-json\/wp\/v2\/posts\/144686\/revisions\/144687"}],"wp:attachment":[{"href":"https:\/\/gazdasagportal.hu\/index.php\/wp-json\/wp\/v2\/media?parent=144686"}],"wp:term":[{"taxonomy":"category","embeddable":true,"href":"https:\/\/gazdasagportal.hu\/index.php\/wp-json\/wp\/v2\/categories?post=144686"},{"taxonomy":"post_tag","embeddable":true,"href":"https:\/\/gazdasagportal.hu\/index.php\/wp-json\/wp\/v2\/tags?post=144686"}],"curies":[{"name":"wp","href":"https:\/\/api.w.org\/{rel}","templated":true}]}}