{"id":144559,"date":"2023-10-16T19:20:47","date_gmt":"2023-10-16T17:20:47","guid":{"rendered":"https:\/\/gazdasagportal.hu\/?p=144559"},"modified":"2023-10-16T19:20:47","modified_gmt":"2023-10-16T17:20:47","slug":"marco-rossi-elete-egyik-legkulonlegesebb-napjara-keszul","status":"publish","type":"post","link":"https:\/\/gazdasagportal.hu\/index.php\/marco-rossi-elete-egyik-legkulonlegesebb-napjara-keszul\/","title":{"rendered":"Marco Rossi \u00e9lete egyik legk\u00fcl\u00f6nlegesebb napj\u00e1ra k\u00e9sz\u00fcl"},"content":{"rendered":"<p><strong>Marco Rossi sz\u00f6vets\u00e9gi kapit\u00e1ny szerint \u00e9lete egyik legk\u00fcl\u00f6nlegesebb napja lenne, ha kedden Litv\u00e1nia legy\u0151z\u00e9s\u00e9vel a magyar labdar\u00fag\u00f3-v\u00e1logatott kijutna a n\u00e9metorsz\u00e1gi Eur\u00f3pa-bajnoks\u00e1gra.<\/strong><!--more--><\/p>\n<div class=\"ads-in-post2\"><script async src=\"https:\/\/pagead2.googlesyndication.com\/pagead\/js\/adsbygoogle.js\"><\/script>\r\n<ins class=\"adsbygoogle\"\r\n     style=\"display:block\"\r\n     data-ad-format=\"fluid\"\r\n     data-ad-layout-key=\"-6t+ed+2i-1n-4w\"\r\n     data-ad-client=\"ca-pub-1959107119989764\"\r\n     data-ad-slot=\"4008251320\"><\/ins>\r\n<script>\r\n     (adsbygoogle = window.adsbygoogle || []).push({});\r\n<\/script><\/div>\n<p>    &#8222;Mindig k\u00fcl\u00f6nleges \u00e9rz\u00e9s a nemzeti egy\u00fcttes gy\u0151zelme. A legut\u00f3bbi kijut\u00e1sn\u00e1l nem lehettem a p\u00e1lya sz\u00e9l\u00e9n a koronav\u00edrusos megbeteged\u00e9sem miatt, \u00edgy a mostani lenne az els\u0151 kijut\u00e1s, melyet a p\u00e1lya sz\u00e9l\u00e9n \u00e9lhetn\u00e9k meg, ett\u0151l a mostani siker m\u00e9g k\u00fcl\u00f6nlegesebb lenne. El\u0151re nem tudom, milyen \u00e9rz\u00e9sek kavarognak majd bennem, de min\u00e9l id\u0151sebb vagyok, ann\u00e1l emocion\u00e1lisabb. Ha megt\u00f6rt\u00e9nik, \u00e9letem egyik legk\u00fcl\u00f6nlegesebb napja lesz&#8221; &#8211; mondta az imm\u00e1r magyar \u00e1llampolg\u00e1rs\u00e1ggal is rendelkez\u0151 olasz szakvezet\u0151.<br \/>\n    Az 59 \u00e9ves tr\u00e9ner kifejtette, m\u00e9g van egy nap a regener\u00e1ci\u00f3ra, de a keretb\u0151l mindenki eg\u00e9szs\u00e9ges. Hozz\u00e1tette, ilyen meccsen mindenki j\u00e1tszani akar, ak\u00e1r egy l\u00e1bbal is.<br \/>\n    &#8222;Nem k\u00e9ts\u00e9ges, az\u00e9rt j\u00f6tt\u00fcnk, hogy h\u00e1rom pontot szerezz\u00fcnk. Nem szombaton a Szerbia elleni volt az \u00e9v meccse, hanem ez lesz, mert \u00fajabb h\u00e1rom ponttal kijuthatunk az Eb-re, ami m\u00e9rf\u00f6ldk\u0151 a magyar futball sz\u00e1m\u00e1ra, mivel k\u00e9t k\u00f6rrel v\u00e9ge el\u0151tt biztos\u00edtan\u00e1nk be a r\u00e9szv\u00e9tel\u00fcnket&#8221; &#8211; fogalmazott Rossi, aki hangs\u00falyozta, komolyan kell venni az ellenfelet m\u00e1r csak az\u00e9rt is, mert hazai p\u00e1ly\u00e1n csak 80. perc ut\u00e1n siker\u00fclt a m\u00e1sodik tal\u00e1lattal v\u00e9gleg lez\u00e1rni a j\u00faniusi \u00f6sszecsap\u00e1st. Azt is megjegyezte, Litv\u00e1nia megnehez\u00edtette a nemzeti egy\u00fcttes \u00e9let\u00e9t \u00e9s ez a t\u00f6bbi tal\u00e1lkoz\u00f3j\u00e1ra is jellemz\u0151 volt.<br \/>\n    Rossi szerint Edgaras Jankauskas sz\u00f6vets\u00e9gi kapit\u00e1nyi kinevez\u00e9s\u00e9vel a litv\u00e1n v\u00e1logatott agressz\u00edvebb futballt j\u00e1tszik, nagyobb \u00f6nbizalma van \u00e9s motiv\u00e1ltabb. Hozz\u00e1f\u0171zte, a magyaroknak m\u00e9g enn\u00e9l is nagyobb motiv\u00e1ci\u00f3ja van, ez\u00e9rt ha taktikailag vagy technikailag nem siker\u00fclt fel\u00fclm\u00falni a balti csapatot, akkor sz\u00edvvel kell.<br \/>\n    &#8222;Legut\u00f3bb egy v\u00e1ltoztat\u00e1s volt, most tizet tervezek. Csak viccelek, nem bolondultam meg. Ami m\u0171k\u00f6dik, azon nincs \u00e9rtelme v\u00e1ltoztatni, ink\u00e1bb csak csiszolni kell rajta. Most is ez a c\u00e9l, ez\u00e9rt t\u00fal sok v\u00e1ltoztat\u00e1s nem lesz&#8221; &#8211; mondta az MTI \u00e9rdekl\u0151d\u00e9s\u00e9re Rossi, aki a litv\u00e1niai hidegben sok fut\u00e1sra nem sz\u00e1m\u00edt, \u00e9s hozz\u00e1tette: az \u00faj stadion modern, a p\u00e1lya pedig j\u00f3.<br \/>\n    Szalai Attila a j\u00e1t\u00e9kosok nev\u00e9ben kifejtette, hogy b\u00e1r nagyon \u00f6r\u00fcltek a szerbek \u00fajb\u00f3li legy\u0151z\u00e9s\u00e9nek, remek volt a hangulat, mindenki \u00e1t\u00e9rezte, mekkora eredm\u00e9nyt \u00e9rtek el, \u00e9s milyen j\u00f3 helyzetbe ker\u00fclt a csapat, de nagy \u00fcnnepl\u00e9st nem volt.<br \/>\n    &#8222;A c\u00e9lunkat ugyanis m\u00e9g nem \u00e9rt\u00fck el. Ehhez kedden sz\u00e1z sz\u00e1zal\u00e9kot kell ny\u00fajtani. Ebben a r\u00f6vid id\u0151ben a regener\u00e1ci\u00f3n volt a hangs\u00faly, de j\u00f3l felk\u00e9sz\u00fclt\u00fcnk, \u00e9s nagyon v\u00e1rjuk a tal\u00e1lkoz\u00f3t&#8221; &#8211; mondta a Hoffenheim v\u00e9d\u0151je.<br \/>\n    A 25 \u00e9ves futballista saj\u00e1t szerep\u00e9r\u0151l \u00fagy nyilatkozott, mindig hatalmas megtiszteltet\u00e9s a v\u00e1logatottban j\u00e1tszani, de most m\u00e9g nagyobb bizony\u00edt\u00e1si v\u00e1gy munk\u00e1lkodik benne, mivel a n\u00e9met klubj\u00e1ban n\u00e9gy meccse nem j\u00e1tszott.<br \/>\n    &#8222;Nap mint nap legjobbamat igyekszem ny\u00fajtani, ezen az \u00faton haladok tov\u00e1bb a j\u00f6v\u0151ben is&#8221; &#8211; mondta Szalai Attila, aki azt\u00e1n a litv\u00e1niai meccsr\u0151l is besz\u00e9lt. &#8222;Ki kell z\u00e1rni az els\u0151 meccset, mert a mai modern labdar\u00fag\u00e1s a jelenr\u0151l sz\u00f3l. Csak a J\u00f3isten tudja, mi lesz holnap. Persze a j\u00faniusi tapasztalatokat felhaszn\u00e1lva tudjuk, hol lehet megbontani az ellenfelet \u00e9s azt is, mire kell figyeln\u00fcnk&#8221;.<br \/>\n    Az alb\u00e1n Juxhin Xhaja s\u00edpjel\u00e9re k\u00f6z\u00e9p-eur\u00f3pai id\u0151 szerint kedden 20.45-kor kezd\u0151dik a litv\u00e1n-magyar m\u00e9rk\u0151z\u00e9s, melyet az M4 Sport \u00e9s a Kossuth R\u00e1di\u00f3 \u00e9l\u0151ben k\u00f6zvet\u00edt. Amennyiben a nemzeti egy\u00fcttes a j\u00faniusi, budapesti \u00f6sszecsap\u00e1shoz hasonl\u00f3an ism\u00e9t fel\u00fclm\u00falja riv\u00e1lis\u00e1t, akkor matematikailag is bebiztos\u00edtja az Eb-r\u00e9szv\u00e9tel\u00e9t.<\/p>\n<p>    A magyar v\u00e1logatott v\u00e1rhat\u00f3 kezd\u0151csapata az MTI szerint:<br \/>\nDibusz &#8211; Fiola, Lang, Szalai A. &#8211; Nego, Styles, Nagy \u00c1., Kerkez &#8211; Sallai, Szoboszlai &#8211; Varga B.<br \/>\n(MTI)<\/p><div id=\"gazda-3282669190\" class=\"gazda-tartalomban gazda-entity-placement\"><script async src=\"https:\/\/pagead2.googlesyndication.com\/pagead\/js\/adsbygoogle.js\"><\/script>\r\n<ins class=\"adsbygoogle\"\r\n     style=\"display:block\"\r\n     data-ad-format=\"fluid\"\r\n     data-ad-layout-key=\"-6t+ed+2i-1n-4w\"\r\n     data-ad-client=\"ca-pub-1959107119989764\"\r\n     data-ad-slot=\"4008251320\"><\/ins>\r\n<script>\r\n     (adsbygoogle = window.adsbygoogle || []).push({});\r\n<\/script><\/div>\n","protected":false},"excerpt":{"rendered":"<p>Marco Rossi sz\u00f6vets\u00e9gi kapit\u00e1ny szerint \u00e9lete egyik legk\u00fcl\u00f6nlegesebb napja lenne, ha kedden Litv\u00e1nia legy\u0151z\u00e9s\u00e9vel a magyar labdar\u00fag\u00f3-v\u00e1logatott kijutna a n\u00e9metorsz\u00e1gi Eur\u00f3pa-bajnoks\u00e1gra.<\/p>\n","protected":false},"author":1001010,"featured_media":0,"comment_status":"open","ping_status":"open","sticky":false,"template":"","format":"standard","meta":[],"categories":[4],"tags":[],"_links":{"self":[{"href":"https:\/\/gazdasagportal.hu\/index.php\/wp-json\/wp\/v2\/posts\/144559"}],"collection":[{"href":"https:\/\/gazdasagportal.hu\/index.php\/wp-json\/wp\/v2\/posts"}],"about":[{"href":"https:\/\/gazdasagportal.hu\/index.php\/wp-json\/wp\/v2\/types\/post"}],"author":[{"embeddable":true,"href":"https:\/\/gazdasagportal.hu\/index.php\/wp-json\/wp\/v2\/users\/1001010"}],"replies":[{"embeddable":true,"href":"https:\/\/gazdasagportal.hu\/index.php\/wp-json\/wp\/v2\/comments?post=144559"}],"version-history":[{"count":1,"href":"https:\/\/gazdasagportal.hu\/index.php\/wp-json\/wp\/v2\/posts\/144559\/revisions"}],"predecessor-version":[{"id":144560,"href":"https:\/\/gazdasagportal.hu\/index.php\/wp-json\/wp\/v2\/posts\/144559\/revisions\/144560"}],"wp:attachment":[{"href":"https:\/\/gazdasagportal.hu\/index.php\/wp-json\/wp\/v2\/media?parent=144559"}],"wp:term":[{"taxonomy":"category","embeddable":true,"href":"https:\/\/gazdasagportal.hu\/index.php\/wp-json\/wp\/v2\/categories?post=144559"},{"taxonomy":"post_tag","embeddable":true,"href":"https:\/\/gazdasagportal.hu\/index.php\/wp-json\/wp\/v2\/tags?post=144559"}],"curies":[{"name":"wp","href":"https:\/\/api.w.org\/{rel}","templated":true}]}}