{"id":14445,"date":"2013-08-22T11:00:18","date_gmt":"2013-08-22T09:00:18","guid":{"rendered":"http:\/\/stockportal.hu\/?p=14445"},"modified":"2013-08-22T11:04:29","modified_gmt":"2013-08-22T09:04:29","slug":"ilyen-europai-beszerzesi-menedzser-index-bmi-kell-a-novekedeshez","status":"publish","type":"post","link":"https:\/\/gazdasagportal.hu\/index.php\/ilyen-europai-beszerzesi-menedzser-index-bmi-kell-a-novekedeshez\/","title":{"rendered":"Ilyen eur\u00f3pai beszerz\u00e9si menedzser index (BMI) kell a n\u00f6veked\u00e9shez"},"content":{"rendered":"<p><strong>J\u00f3l alakult az eur\u00f3pai beszerz\u00e9si menedzser index,\u00a0a j\u00f3 beszerz\u00e9si menedzser indexnek k\u00f6sz\u00f6nhet\u0151en, n\u00f6veked\u00e9s jelei mutatkoznak az eur\u00f3pai piacokon, a magyar b\u00f6rze is felfel\u00e9 veheti az ir\u00e1nyt, a d\u00e9lut\u00e1ni amerikai munkaer\u0151piaci adat alak\u00edthat a hangulaton. Ma m\u00e1r osztal\u00e9k n\u00e9lk\u00fcl forognak a Zwack pap\u00edrjai.<!--more--><\/strong><\/p>\n<p>&nbsp;<br \/>\n<object width=\"480\" height=\"270\" data=\"http:\/\/gazdasagtv.hu\/embed\/?id=5564\" type=\"application\/x-shockwave-flash\"><param value=\"http:\/\/gazdasagtv.hu\/embed\/?id=5564\" name=\"data\"><param value=\"http:\/\/gazdasagtv.hu\/embed\/?id=5564\" name=\"src\"><param value=\"false\" name=\"menu\"><param value=\"high\" name=\"quality\"><param value=\"#000000\" name=\"bgcolor\"><param value=\"transparent\" name=\"wmode\"><param value=\"file=http:\/\/88.151.99.192\/video\/2013-08-22\/gtv-tozsdelive-erste-2013-08-22-hd.mp4&#038;image=http:\/\/88.151.99.192\/image\/gen\/2013-08-22\/5564.jpg&#038;showdigits=true&#038;autostart=false&#038;repeat=false&#038;dock=true&#038;controlbar=over&#038;plugins=http:\/\/plugins.longtailvideo.com\/yourlytics-1.swf,timeslidertooltipplugin-2&#038;skin=http:\/\/gazdasagtv.hu\/swf\/skin.zip\" name=\"flashvars\"><\/object><br \/>Forr\u00e1s: <a href=\"http:\/\/gazdasagtv.hu\" style=\"color: #df1100; font-weight: bold; text-decoration: none;\" target=\"_blank\" rel=\"noopener\">Gazdas\u00e1gTV.hu<\/a><\/p>\n","protected":false},"excerpt":{"rendered":"<p>J\u00f3l alakult az eur\u00f3pai beszerz\u00e9si menedzser index,\u00a0a j\u00f3 beszerz\u00e9si menedzser indexnek k\u00f6sz\u00f6nhet\u0151en, n\u00f6veked\u00e9s jelei mutatkoznak az eur\u00f3pai piacokon, a magyar b\u00f6rze is felfel\u00e9 veheti az ir\u00e1nyt, a d\u00e9lut\u00e1ni amerikai munkaer\u0151piaci adat alak\u00edthat a hangulaton. Ma m\u00e1r osztal\u00e9k n\u00e9lk\u00fcl forognak a Zwack pap\u00edrjai.<\/p>\n","protected":false},"author":1,"featured_media":0,"comment_status":"open","ping_status":"closed","sticky":false,"template":"","format":"standard","meta":[],"categories":[12],"tags":[],"_links":{"self":[{"href":"https:\/\/gazdasagportal.hu\/index.php\/wp-json\/wp\/v2\/posts\/14445"}],"collection":[{"href":"https:\/\/gazdasagportal.hu\/index.php\/wp-json\/wp\/v2\/posts"}],"about":[{"href":"https:\/\/gazdasagportal.hu\/index.php\/wp-json\/wp\/v2\/types\/post"}],"author":[{"embeddable":true,"href":"https:\/\/gazdasagportal.hu\/index.php\/wp-json\/wp\/v2\/users\/1"}],"replies":[{"embeddable":true,"href":"https:\/\/gazdasagportal.hu\/index.php\/wp-json\/wp\/v2\/comments?post=14445"}],"version-history":[{"count":3,"href":"https:\/\/gazdasagportal.hu\/index.php\/wp-json\/wp\/v2\/posts\/14445\/revisions"}],"predecessor-version":[{"id":14461,"href":"https:\/\/gazdasagportal.hu\/index.php\/wp-json\/wp\/v2\/posts\/14445\/revisions\/14461"}],"wp:attachment":[{"href":"https:\/\/gazdasagportal.hu\/index.php\/wp-json\/wp\/v2\/media?parent=14445"}],"wp:term":[{"taxonomy":"category","embeddable":true,"href":"https:\/\/gazdasagportal.hu\/index.php\/wp-json\/wp\/v2\/categories?post=14445"},{"taxonomy":"post_tag","embeddable":true,"href":"https:\/\/gazdasagportal.hu\/index.php\/wp-json\/wp\/v2\/tags?post=14445"}],"curies":[{"name":"wp","href":"https:\/\/api.w.org\/{rel}","templated":true}]}}