{"id":144399,"date":"2023-09-12T11:36:45","date_gmt":"2023-09-12T09:36:45","guid":{"rendered":"https:\/\/gazdasagportal.hu\/?p=144399"},"modified":"2023-09-12T10:38:53","modified_gmt":"2023-09-12T08:38:53","slug":"manpower-a-gazdasag-lassulasa-sem-csillapitja-a-cegek-toborzasi-aktivitasat","status":"publish","type":"post","link":"https:\/\/gazdasagportal.hu\/index.php\/manpower-a-gazdasag-lassulasa-sem-csillapitja-a-cegek-toborzasi-aktivitasat\/","title":{"rendered":"Manpower: A gazdas\u00e1g lassul\u00e1sa sem csillap\u00edtja a c\u00e9gek toborz\u00e1si aktivit\u00e1s\u00e1t"},"content":{"rendered":"<p><strong>A n\u00f6veked\u00e9si adatok kedvez\u0151tlen alakul\u00e1sa ellen\u00e9re <\/strong><strong>2023 utols\u00f3 negyed\u00e9v\u00e9ben a hazai munk\u00e1ltat\u00f3k 31 sz\u00e1zal\u00e9ka tervezi b\u0151v\u00edteni jelenlegi munkaer\u0151-keret\u00e9t, mik\u00f6zben cs\u00f6kkent\u00e9st 19 sz\u00e1zal\u00e9kuk tervez. \u00c1tlag feletti m\u00e9rt\u00e9kben v\u00e1rhat\u00f3 munkaer\u0151felv\u00e9tel az alapanyag- \u00e9s feldolgoz\u00f3iparban, a p\u00e9nz\u00fcgyi \u00e9s ingatlanpiaci c\u00e9gekn\u00e9l, az energetika \u00e9s k\u00f6zm\u0171, valamint az IT szegmenesekben is. \u2013 der\u00fcl ki a Manpower Magyarorsz\u00e1g ma k\u00f6zz\u00e9tett Munkaer\u0151piaci El\u0151rejelz\u00e9s\u00e9b\u0151l.<\/strong><!--more--><\/p>\n<div class=\"ads-in-post2\"><script async src=\"https:\/\/pagead2.googlesyndication.com\/pagead\/js\/adsbygoogle.js\"><\/script>\r\n<ins class=\"adsbygoogle\"\r\n     style=\"display:block\"\r\n     data-ad-format=\"fluid\"\r\n     data-ad-layout-key=\"-6t+ed+2i-1n-4w\"\r\n     data-ad-client=\"ca-pub-1959107119989764\"\r\n     data-ad-slot=\"4008251320\"><\/ins>\r\n<script>\r\n     (adsbygoogle = window.adsbygoogle || []).push({});\r\n<\/script><\/div>\n<p>A ManpowerGroup a vil\u00e1g 41 orsz\u00e1g\u00e1ban, k\u00f6zel 39 ezer munk\u00e1ltat\u00f3 k\u00f6r\u00e9ben folytatta le negyed\u00e9ves felm\u00e9r\u00e9s\u00e9t, melynek keret\u00e9ben Magyarorsz\u00e1gon a munk\u00e1ltat\u00f3k 510 f\u0151s reprezentat\u00edv mint\u00e1j\u00e1ban szerepl\u0151ket k\u00e9rdezt\u00e9k meg negyedik negyed\u00e9ves munkaer\u0151-felv\u00e9teli sz\u00e1nd\u00e9kaikr\u00f3l.<\/p>\n<p>A munk\u00e1ltat\u00f3i v\u00e1laszokb\u00f3l sz\u00e1rmaztatott, szezon\u00e1lisan kiigaz\u00edtott Nett\u00f3 Foglalkoztat\u00e1si Mutat\u00f3 (NFM) <strong>13 sz\u00e1zal\u00e9kos \u00e1tlagos \u00e9rt\u00e9ket \u00e9rt el, <\/strong>ami 1 sz\u00e1zal\u00e9kponttal m\u00falja fel\u00fcl az el\u0151z\u0151 negyed\u00e9ves \u00e9rt\u00e9ket, mik\u00f6zben az egy \u00e9vvel kor\u00e1bbi szintn\u00e9l 18 sz\u00e1zal\u00e9kponttal magasabb. \u00c9v\/\u00e9v alapon a 41 vizsg\u00e1lt orsz\u00e1g k\u00f6z\u00fcl a magyarorsz\u00e1gi volt az egyik legnagyobb m\u00e9rt\u00e9k\u0171 n\u00f6veked\u00e9s.<\/p><div id=\"gazda-3630904763\" class=\"gazda-tartalomban gazda-entity-placement\"><script async src=\"https:\/\/pagead2.googlesyndication.com\/pagead\/js\/adsbygoogle.js\"><\/script>\r\n<ins class=\"adsbygoogle\"\r\n     style=\"display:block\"\r\n     data-ad-format=\"fluid\"\r\n     data-ad-layout-key=\"-6t+ed+2i-1n-4w\"\r\n     data-ad-client=\"ca-pub-1959107119989764\"\r\n     data-ad-slot=\"4008251320\"><\/ins>\r\n<script>\r\n     (adsbygoogle = window.adsbygoogle || []).push({});\r\n<\/script><\/div>\n<p>&nbsp;<\/p>\n<p>A 13 sz\u00e1zal\u00e9kos l\u00e9tsz\u00e1mb\u0151v\u00edt\u00e9si mutat\u00f3 egy olyan orsz\u00e1gos \u00e1tlag, amelyt\u0151l az egyes szektorokat vizsg\u00e1lva jelent\u0151s elt\u00e9r\u00e9sek tapasztalhat\u00f3k. A legnagyobb felfut\u00e1st <strong>a p\u00e9nz\u00fcgy \u00e9s ingatlan <\/strong>(NFM: +28%),<strong> az energia \u00e9s k\u00f6zm\u0171 <\/strong>(+25%), <strong>az alapanyag- \u00e9s feldolgoz\u00f3ipar <\/strong>(+22%), valamint <strong>az IT<\/strong> (18%) szektorokban v\u00e1rj\u00e1k. \u00c1tlag k\u00f6r\u00fcl b\u0151v\u00fclhet <strong>a logisztika \u00e9s aut\u00f3ipar, <\/strong>illetve<strong> a fogyaszt\u00f3i javak \u00e9s szolg\u00e1ltat\u00e1sok <\/strong>(+12-12%) szegmense, A legkisebb m\u00e9rt\u00e9k\u0171 b\u0151v\u00fcl\u00e9sben <strong>a kommunik\u00e1ci\u00f3s szolg\u00e1ltat\u00e1sok<\/strong> (+7%) ter\u00fclet\u00e9n m\u0171k\u00f6d\u0151 v\u00e1llalatok, szervezetek b\u00edznak, mik\u00f6zben <strong>az eg\u00e9szs\u00e9g\u00fcgy \u00e9s \u00e9lettudom\u00e1nyok<\/strong> (-17%) ter\u00fclet\u00e9n komolyabb visszaes\u00e9sre sz\u00e1m\u00edtanak a piaci szerepl\u0151k.<\/p>\n<p><em>\u201eB\u00e1r a m\u00e1r el\u00e9rhet\u0151 GDP adatok egyel\u0151re tov\u00e1bbra is recesszi\u00f3t mutatnak, imm\u00e1r ez lesz a m\u00e1sodik negyed\u00e9v, amelyben <strong>a munk\u00e1ltat\u00f3k k\u00f6zel harmada l\u00e9tsz\u00e1mn\u00f6vel\u00e9st tervez<\/strong> v\u00e9grehajtani \u2013 <\/em>mondta Feh\u00e9r Tam\u00e1s, a Manpower Magyarorsz\u00e1g \u00e9s Horv\u00e1torsz\u00e1g \u00fcgyvezet\u0151 igazgat\u00f3ja. \u2013 <em>Mindez azt mutatja, hogy <strong>a c\u00e9gek sz\u00e1mottev\u0151 r\u00e9sze m\u00e1r a piacainak \u00fajb\u00f3li \u00e9l\u00e9nk\u00fcl\u00e9s\u00e9vel kalkul\u00e1l,<\/strong> emellett ebben az id\u0151szakban <strong>m\u00e1r egyes \u00faj beruh\u00e1z\u00e1sok tov\u00e1bbi munkaer\u0151-felsz\u00edv\u00f3 hat\u00e1sa<\/strong> is megmutatkozik.\u201d<\/em><\/p>\n<p>Az orsz\u00e1g k\u00fcl\u00f6nb\u00f6z\u0151 r\u00e9gi\u00f3i szerint is jelent\u0151s az elt\u00e9r\u00e9s a v\u00e1rakoz\u00e1sokban. <strong>A legsz\u00e9lesebb k\u00f6rben K\u00f6z\u00e9p-Magyarorsz\u00e1gon <\/strong>(NFM: +21%), <strong>a D\u00e9l-Alf\u00f6ld\u00f6n<\/strong> (+20%)<strong>, Budapesten <\/strong>(+18%) <strong>\u00e9s \u00c9szak-Magyarorsz\u00e1gon<\/strong> (+15%) v\u00e1rnak l\u00e9tsz\u00e1mb\u0151v\u00fcl\u00e9st, ugyanakkor <strong>az \u00c9szak-Alf\u00f6ld\u00f6n <\/strong>(-7%) j\u00f3val t\u00f6bb elbocs\u00e1t\u00e1sra, mint munkaer\u0151-felv\u00e9telre sz\u00e1m\u00edtanak. A Dun\u00e1nt\u00fal r\u00e9gi\u00f3iban pedig egys\u00e9gesen \u00e1tlag alatti l\u00e9tsz\u00e1mn\u00f6veked\u00e9st terveznek a v\u00e1llalatok.<\/p>\n<p>C\u00e9gm\u00e9ret alapj\u00e1n csoportos\u00edtva a v\u00e1laszokat az \u00e1llap\u00edthat\u00f3 meg, hogy <strong>a k\u00f6zepes \u00e9s nagyv\u00e1llalatok kimutathat\u00f3an optimist\u00e1bb kil\u00e1t\u00e1sokkal rendelkeztek<\/strong>, mint az 50 f\u0151n\u00e9l kevesebb f\u0151t foglalkoztat\u00f3 c\u00e9gek.<\/p>\n<p>Az el\u0151z\u0151 negyed\u00e9vhez k\u00e9pest tov\u00e1bb javultak a munkaer\u0151piaci kil\u00e1t\u00e1sok nemzetk\u00f6zi szinten is. A mutat\u00f3sz\u00e1m igen magas, 30 sz\u00e1zal\u00e9kos szinten \u00e1ll, ami egy negyed\u00e9v alatt tov\u00e1bbi 2 sz\u00e1zal\u00e9kpontos n\u00f6veked\u00e9st mutat. Nett\u00f3 l\u00e9tsz\u00e1mle\u00e9p\u00edt\u00e9st a vizsg\u00e1lt 41 orsz\u00e1g egyik\u00e9ben sem v\u00e1rnak. Eur\u00f3p\u00e1ban a vil\u00e1g\u00e1tlagt\u00f3l valamelyest elmarad\u00f3 a v\u00e1rakoz\u00e1s, az \u00f6reg kontinensen a legsz\u00e9lesebb k\u00f6rben Sv\u00e1jcban (NFM: 38%), Portug\u00e1li\u00e1ban (+35%), Sv\u00e1jcban (+35%), Finnorsz\u00e1gban (+33%), \u00cdrorsz\u00e1gban (+33%) \u00e9s Belgiumban (+31%) terveznek munkaer\u0151-b\u0151v\u00fcl\u00e9st.<\/p>\n<div class=\"ads-in-post2\"><script async src=\"https:\/\/pagead2.googlesyndication.com\/pagead\/js\/adsbygoogle.js\"><\/script>\r\n<ins class=\"adsbygoogle\"\r\n     style=\"display:block\"\r\n     data-ad-format=\"fluid\"\r\n     data-ad-layout-key=\"-6t+ed+2i-1n-4w\"\r\n     data-ad-client=\"ca-pub-1959107119989764\"\r\n     data-ad-slot=\"4008251320\"><\/ins>\r\n<script>\r\n     (adsbygoogle = window.adsbygoogle || []).push({});\r\n<\/script><\/div>\n&nbsp;<\/p>\n<p>A felm\u00e9r\u00e9s v\u00e1ltoz\u00f3 \u00f6ssze\u00e1ll\u00edt\u00e1s\u00fa r\u00e9sz\u00e9ben ez\u00fattal t\u00f6bbek k\u00f6z\u00f6tt arra k\u00e9rdeztek r\u00e1, hogy a c\u00e9gvezet\u0151k szerint <strong>melyek a munkaer\u0151 termel\u00e9kenys\u00e9g\u00e9nek javul\u00e1s\u00e1t legink\u00e1bb el\u0151seg\u00edt\u0151 t\u00e9nyez\u0151k<\/strong>. A be\u00e9rkez\u0151 v\u00e1laszok alapj\u00e1n legink\u00e1bb a <strong>szakmai fejl\u0151d\u00e9s<\/strong> \u2013 k\u00e9pz\u00e9sek, k\u00e9pess\u00e9gek fejleszt\u00e9se r\u00e9v\u00e9n \u2013 a legfontosabb (40 sz\u00e1zal\u00e9knyian jel\u00f6lt\u00e9k ezt a szempontok), a <strong>pozit\u00edv munkakult\u00fara<\/strong> \u00e9s a <strong>munka-\u00e9let egyens\u00faly<\/strong> biztos\u00edt\u00e1sa egyar\u00e1nt 36-36 sz\u00e1zal\u00e9kot kapott, a <strong>vil\u00e1gos c\u00e9lok <\/strong>ment\u00e9n t\u00f6rt\u00e9n\u0151 m\u0171k\u00f6d\u00e9st is 33 sz\u00e1zal\u00e9knyian tartott\u00e1k kulcsfontoss\u00e1g\u00fanak. \u00c9rdekess\u00e9g, hogy <strong>a technikai \u00fajdons\u00e1goknak a v\u00e1laszad\u00f3k j\u00f3val kisebb hat\u00e1st tulajdon\u00edtottak<\/strong>: az \u00faj mesters\u00e9ges intelligenci\u00e1hoz kapcsolhat\u00f3 eszk\u00f6z\u00f6k alkalmaz\u00e1s\u00e1t csup\u00e1n 18 sz\u00e1zal\u00e9knyian, a megl\u00e9v\u0151 technikai eszk\u00f6z\u00f6k akt\u00edvabb haszn\u00e1lat\u00e1t 17 sz\u00e1zal\u00e9knyian tartott\u00e1k a hat\u00e9konys\u00e1gn\u00f6vel\u00e9s fontos aspektus\u00e1nak.<\/p>\n<p>&nbsp;<\/p>\n<p>A ManpowerGroup imm\u00e1r t\u00f6bb mint 60 \u00e9ve, 1962-t\u0151l folyamatosan, \u00e9vente n\u00e9gy alkalommal k\u00e9sz\u00edti el Employment Outlook Survey kimutat\u00e1s\u00e1t. A legfrissebb eredm\u00e9nyek r\u00e9szletei megtekinthet\u0151ek a <a href=\"https:\/\/go.manpowergroup.com\/meos\" target=\"_blank\" rel=\"noopener\">https:\/\/go.manpowergroup.com\/meos<\/a> weboldalon.<\/p>\n<p>&nbsp;<\/p>\n<p><strong>ManpowerGroup<\/strong><\/p>\n<p>A ManpowerGroup naponta t\u00f6bb mint 600 000 munkav\u00e1llal\u00f3t \u00e9s t\u00f6bb mint 400 000 v\u00e1llalatot kapcsol \u00f6ssze vil\u00e1gszerte. 80 orsz\u00e1gban, k\u00f6zel 3\u00a0500 irod\u00e1j\u00e1n kereszt\u00fcl k\u00edn\u00e1lja megold\u00e1sai sz\u00e9les v\u00e1laszt\u00e9k\u00e1t, v\u00e1laszt adva a munkaer\u0151-piac nemzetk\u00f6zi \u00e9s helyi kih\u00edv\u00e1saira. \u00c9vente k\u00f6r\u00fclbel\u00fcl 3,4 milli\u00f3 munkav\u00e1llal\u00f3 elhelyezked\u00e9s\u00e9ben seg\u00e9dkezik, vil\u00e1gszerte k\u00f6zel 400.000 \u00fcgyfelet kiszolg\u00e1lva. Magyarorsz\u00e1gon a Manpower m\u00e1r t\u00f6bb mint 30 \u00e9ves tapasztalattal rendelkezik munkaer\u0151 k\u00f6zvet\u00edt\u00e9s \u00e9s k\u00f6lcs\u00f6nz\u00e9s ter\u00fclet\u00e9n.<\/p>\n<p>2023-ban a ManpowerGroup-ot imm\u00e1r a 14. alkalommal v\u00e1lasztott\u00e1k be a vil\u00e1g legetikusabb v\u00e1llalatainak k\u00f6r\u00e9be (<a href=\"https:\/\/protect-de.mimecast.com\/s\/zLrPCNOloOCNXzw6wcmzLVT?domain=worldsmostethicalcompanies.com\/\" target=\"_blank\" rel=\"noopener\">https:\/\/worldsmostethicalcompanies.com\/honorees\/<\/a>).<\/p>\n","protected":false},"excerpt":{"rendered":"<p>A n\u00f6veked\u00e9si adatok kedvez\u0151tlen alakul\u00e1sa ellen\u00e9re 2023 utols\u00f3 negyed\u00e9v\u00e9ben a hazai munk\u00e1ltat\u00f3k 31 sz\u00e1zal\u00e9ka tervezi b\u0151v\u00edteni jelenlegi munkaer\u0151-keret\u00e9t, mik\u00f6zben cs\u00f6kkent\u00e9st 19 sz\u00e1zal\u00e9kuk tervez. \u00c1tlag feletti m\u00e9rt\u00e9kben v\u00e1rhat\u00f3 munkaer\u0151felv\u00e9tel az alapanyag- \u00e9s feldolgoz\u00f3iparban, a p\u00e9nz\u00fcgyi \u00e9s ingatlanpiaci c\u00e9gekn\u00e9l, az energetika \u00e9s k\u00f6zm\u0171, valamint az IT szegmenesekben is. \u2013 der\u00fcl ki a Manpower Magyarorsz\u00e1g ma k\u00f6zz\u00e9tett Munkaer\u0151piaci &#8230;<\/p>\n","protected":false},"author":1001010,"featured_media":0,"comment_status":"open","ping_status":"open","sticky":false,"template":"","format":"standard","meta":[],"categories":[19],"tags":[],"_links":{"self":[{"href":"https:\/\/gazdasagportal.hu\/index.php\/wp-json\/wp\/v2\/posts\/144399"}],"collection":[{"href":"https:\/\/gazdasagportal.hu\/index.php\/wp-json\/wp\/v2\/posts"}],"about":[{"href":"https:\/\/gazdasagportal.hu\/index.php\/wp-json\/wp\/v2\/types\/post"}],"author":[{"embeddable":true,"href":"https:\/\/gazdasagportal.hu\/index.php\/wp-json\/wp\/v2\/users\/1001010"}],"replies":[{"embeddable":true,"href":"https:\/\/gazdasagportal.hu\/index.php\/wp-json\/wp\/v2\/comments?post=144399"}],"version-history":[{"count":1,"href":"https:\/\/gazdasagportal.hu\/index.php\/wp-json\/wp\/v2\/posts\/144399\/revisions"}],"predecessor-version":[{"id":144400,"href":"https:\/\/gazdasagportal.hu\/index.php\/wp-json\/wp\/v2\/posts\/144399\/revisions\/144400"}],"wp:attachment":[{"href":"https:\/\/gazdasagportal.hu\/index.php\/wp-json\/wp\/v2\/media?parent=144399"}],"wp:term":[{"taxonomy":"category","embeddable":true,"href":"https:\/\/gazdasagportal.hu\/index.php\/wp-json\/wp\/v2\/categories?post=144399"},{"taxonomy":"post_tag","embeddable":true,"href":"https:\/\/gazdasagportal.hu\/index.php\/wp-json\/wp\/v2\/tags?post=144399"}],"curies":[{"name":"wp","href":"https:\/\/api.w.org\/{rel}","templated":true}]}}