{"id":144083,"date":"2023-07-11T11:47:31","date_gmt":"2023-07-11T09:47:31","guid":{"rendered":"https:\/\/gazdasagportal.hu\/?p=144083"},"modified":"2023-07-11T11:47:42","modified_gmt":"2023-07-11T09:47:42","slug":"honnan-ismerheto-fel-ha-taxinak-hasznaltak-a-kinezett-hasznalt-autot","status":"publish","type":"post","link":"https:\/\/gazdasagportal.hu\/index.php\/honnan-ismerheto-fel-ha-taxinak-hasznaltak-a-kinezett-hasznalt-autot\/","title":{"rendered":"Honnan ismerhet\u0151 fel, ha taxinak haszn\u00e1lt\u00e1k a kin\u00e9zett haszn\u00e1lt aut\u00f3t?"},"content":{"rendered":"<p><strong>Ezekre a m\u00e1rk\u00e1kra \u00e9s sz\u00ednekre \u00e9rdemes figyelni a keresg\u00e9l\u00e9sn\u00e9l.<\/strong><\/p>\n<p><strong>A haszn\u00e1ltaut\u00f3s hirdet\u00e9sek k\u00f6z\u00f6tt sz\u00e9p sz\u00e1mmal tal\u00e1lni olyan aut\u00f3kat, amelyek kor\u00e1bban taxik\u00e9nt teljes\u00edtettek szolg\u00e1latot. A v\u00e1s\u00e1rl\u00f3k ezeket \u00e1ltal\u00e1ban messzire elker\u00fclik, mivel \u00fagy gondolj\u00e1k, jobban elhaszn\u00e1l\u00f3dtak a folyamatos haszn\u00e1latt\u00f3l \u00e9s az \u00e1lland\u00f3 meg\u00e1ll\u00e1s-f\u00e9kez\u00e9st\u0151l. N\u00e9zz\u00fck, mib\u0151l lehet megmondani, hogy egy aut\u00f3t kor\u00e1bban taxik\u00e9nt haszn\u00e1ltak.<\/strong><!--more--><\/p>\n<div class=\"ads-in-post2\"><script async src=\"https:\/\/pagead2.googlesyndication.com\/pagead\/js\/adsbygoogle.js\"><\/script>\r\n<ins class=\"adsbygoogle\"\r\n     style=\"display:block\"\r\n     data-ad-format=\"fluid\"\r\n     data-ad-layout-key=\"-6t+ed+2i-1n-4w\"\r\n     data-ad-client=\"ca-pub-1959107119989764\"\r\n     data-ad-slot=\"4008251320\"><\/ins>\r\n<script>\r\n     (adsbygoogle = window.adsbygoogle || []).push({});\r\n<\/script><\/div>\n<p>Az aut\u00f3t\u00f6rt\u00e9neti ellen\u0151rz\u00e9sre szakosodott carVertical szak\u00e9rt\u0151i list\u00e1ba gy\u0171jt\u00f6tt\u00e9k a taxic\u00e9gek \u00e1ltal legt\u00f6bbsz\u00f6r haszn\u00e1lt aut\u00f3kat, \u00e9s tippeket is adnak, hogy mir\u0151l lehet megismerni az ex-taxikat a haszn\u00e1ltaut\u00f3-piacon.<\/p><div id=\"gazda-3857675761\" class=\"gazda-tartalomban gazda-entity-placement\"><script async src=\"https:\/\/pagead2.googlesyndication.com\/pagead\/js\/adsbygoogle.js\"><\/script>\r\n<ins class=\"adsbygoogle\"\r\n     style=\"display:block\"\r\n     data-ad-format=\"fluid\"\r\n     data-ad-layout-key=\"-6t+ed+2i-1n-4w\"\r\n     data-ad-client=\"ca-pub-1959107119989764\"\r\n     data-ad-slot=\"4008251320\"><\/ins>\r\n<script>\r\n     (adsbygoogle = window.adsbygoogle || []).push({});\r\n<\/script><\/div>\n<h2>Mi\u00e9rt \u00e9rdemes elker\u00fclni egy kor\u00e1bbi taxi v\u00e1s\u00e1rl\u00e1s\u00e1t?<\/h2>\n<p>A taxik \u00e1ltal\u00e1ban t\u00f6bb sz\u00e1zezer kilom\u00e9tert futnak, ami azt jelenti, hogy sok alapvet\u0151 alkatr\u00e9sz\u00fck alaposan elhaszn\u00e1l\u00f3dik. Ilyen fut\u00e1steljes\u00edtm\u00e9ny pedig m\u00e9g egy rendesen karbantartott j\u00e1rm\u0171n\u00e9l is elgondolkodtathatja a haszn\u00e1lt aut\u00f3t keres\u0151ket.<\/p>\n<p>\u201eEl kell ker\u00fclni a haszn\u00e1lt taxik v\u00e1s\u00e1rl\u00e1s\u00e1t? Nos, ez f\u0151leg a vev\u0151k d\u00f6nt\u00e9s\u00e9n m\u00falik, azonban egy aut\u00f3 \u00e1r\u00e1nak t\u00fckr\u00f6znie kellene a val\u00f3s \u00e1llapot\u00e1t, ami sokban m\u00falik azon, hogy mennyit \u00e9s hogyan haszn\u00e1lt\u00e1k. A taxik gyakran val\u00f3s\u00e1gos p\u00e9nztemet\u0151k lehetnek, mivel \u00e1ltal\u00e1ban nagyon elhaszn\u00e1l\u00f3dnak\u201d \u2013 mutatott r\u00e1 Matas Buzelis, a carVertical kommunik\u00e1ci\u00f3s vezet\u0151je.<\/p>\n<p>A taxikat f\u0151leg v\u00e1rosi k\u00f6rnyezetben haszn\u00e1lj\u00e1k, amely jelent\u0151s terhel\u00e9st r\u00f3 bizonyos alkatr\u00e9szekre, f\u0151leg a motorra, a f\u00e9kekre \u00e9s a sebess\u00e9gv\u00e1lt\u00f3ra. Egy hasonl\u00f3 t\u00e1von, de f\u0151leg aut\u00f3p\u00e1ly\u00e1n haszn\u00e1lt j\u00e1rm\u0171 \u00e1ltal\u00e1ban sokkal jobb \u00e1llapotban van.<\/p>\n<p>A taxiknak a bels\u0151 tere is komolyan elhaszn\u00e1l\u00f3dhat, k\u00fcl\u00f6n\u00f6s tekintettel a h\u00e1ts\u00f3 \u00fcl\u00e9sekre. M\u00edg a legt\u00f6bb aut\u00f3tulajdonos igyekszik meg\u00f3vni a j\u00e1rm\u0171v\u00e9t, a taxik utasai gyakran havas-s\u00e1ros cip\u0151vel, \u00e1t\u00e1zott, vizes kab\u00e1tban sz\u00e1llnak be, ami hossz\u00fa t\u00e1von kihat\u00e1ssal van a belt\u00e9r min\u0151s\u00e9g\u00e9re.<\/p>\n<p>A taxiflott\u00e1k azonban \u00e1ltal\u00e1ban megb\u00edzhat\u00f3, j\u00f3 h\u00edr\u0171 aut\u00f3kb\u00f3l \u00e1llnak, amelyekkel rengeteg kilom\u00e9tert gond n\u00e9lk\u00fcl meg lehet tenni. Ett\u0151l f\u00fcggetlen\u00fcl, a fentiek alapj\u00e1n \u00e9rdemes ink\u00e1bb elker\u00fclni az ilyen aut\u00f3kat a haszn\u00e1ltaut\u00f3-piacon.<\/p>\n<p>&nbsp;<\/p>\n<h2>Honnan tudhatjuk, ha egy aut\u00f3t taxik\u00e9nt haszn\u00e1ltak?<\/h2>\n<p>Az aut\u00f3 el\u0151t\u00f6rt\u00e9net\u00e9nek ellen\u0151rz\u00e9s\u00e9vel egy\u00e9rtelm\u0171v\u00e9 v\u00e1lhat, ha azt taxik\u00e9nt haszn\u00e1lt\u00e1k. M\u00e1s m\u00f3don neh\u00e9z lehet erre f\u00e9nyt der\u00edteni, ugyanis a kev\u00e9sb\u00e9 megb\u00edzhat\u00f3 keresked\u0151k gyakran igyekeznek eltitkolni ezt a kev\u00e9sb\u00e9 el\u0151ny\u00f6s tulajdons\u00e1got. A taxikn\u00e1l jellemz\u0151en magas a futott kilom\u00e9terek sz\u00e1ma, ez\u00e9rt gyakran el\u0151fordul, hogy \u201etekerik az \u00f3r\u00e1jukat\u201d, azaz csalnak a kilom\u00e9tersz\u00e1ml\u00e1l\u00f3val. A taxik emellett jobban elhaszn\u00e1l\u00f3dnak \u00e9s \u00e1ltal\u00e1ban kevesebbet \u00e9rnek, mint egy azonos \u00e1llapot\u00fa, nem taxik\u00e9nt haszn\u00e1lt j\u00e1rm\u0171.<\/p>\n<p>A m\u00e1sodlagos piacon a kor\u00e1bbi taxik k\u00f6z\u00f6tt gyakori t\u00edpusnak sz\u00e1m\u00edt a Mercedes-Benz (a carVerticalon el\u00e9rhet\u0151 \u00f6sszes taxi 29 sz\u00e1zal\u00e9ka ilyen t\u00edpus\u00fa), a Volkswagen (14,4 sz\u00e1zal\u00e9k), a Skoda (12,3 sz\u00e1zal\u00e9k), a Volvo (10,9 sz\u00e1zal\u00e9k) \u00e9s a BMW (5,8 sz\u00e1zal\u00e9k). Mivel ezek a v\u00e1s\u00e1rl\u00f3k k\u00f6r\u00e9ben egy\u00e9bk\u00e9nt n\u00e9pszer\u0171 m\u00e1rk\u00e1k, a csal\u00f3k gyakran vissza\u00e9lnek ezzel, a nagyobb profit rem\u00e9ny\u00e9ben.<\/p>\n<p>A taxik\u00e9nt haszn\u00e1lt aut\u00f3k k\u00f6z\u00f6tt a n\u00e9met gy\u00e1rtm\u00e1ny\u00faak a leggyakoribbak. A list\u00e1t a Mercedes Benz E-oszt\u00e1ly vezeti (17,9 sz\u00e1zal\u00e9k), ezt k\u00f6veti a Skoda Superb (7,7 sz\u00e1zal\u00e9k), a Volkswagen Passat (6,1 sz\u00e1zal\u00e9k), a BMW 5-\u00f6s sorozat (5 sz\u00e1zal\u00e9k) \u00e9s a Volvo V70 (4,7 sz\u00e1zal\u00e9k).<\/p>\n<p>Az aut\u00f3k sz\u00edne is \u00e1rulkod\u00f3 lehet: sok v\u00e1rosban megk\u00f6vetelik az egys\u00e9ges sz\u00edneket, hogy azokat k\u00f6nnyen meg lehessen k\u00fcl\u00f6nb\u00f6ztetni a t\u00f6bbi aut\u00f3t\u00f3l az utc\u00e1n. Bizonyos modellekb\u0151l, p\u00e9ld\u00e1ul az eml\u00edtett E-oszt\u00e1lyb\u00f3l k\u00e9sz\u00fclt kifejezetten taxisok sz\u00e1m\u00e1ra sz\u00e1nt modell, amely k\u00fcl\u00f6nleges fest\u00e9st kapott.<\/p>\n<p>Haszn\u00e1ltaut\u00f3 v\u00e1s\u00e1rl\u00e1sakor \u00e9rdemes alaposan megn\u00e9zni a f\u00e9nyez\u00e9st is, ugyanis sokszor l\u00e1that\u00f3 marad a taxisok \u00e1ltal haszn\u00e1lt matric\u00e1k nyoma. Bizonyos matric\u00e1k kifejezetten nagym\u00e9ret\u0171ek, amely meg\u00f3vta a f\u00e9nyez\u00e9st a napt\u00f3l, \u00edgy azok vil\u00e1gosabbak \u00e9s jobban l\u00e1that\u00f3ak lehetnek. Ebb\u0151l k\u00f6vetkeztetni lehet r\u00e1, hogy az adott aut\u00f3t taxik\u00e9nt haszn\u00e1lt\u00e1k a m\u00faltban.<\/p>\n<p>Haszn\u00e1ltaut\u00f3 v\u00e1s\u00e1rl\u00e1s\u00e1n\u00e1l kiker\u00fclhetetlen l\u00e9p\u00e9s az alv\u00e1zsz\u00e1m-lek\u00e9rdez\u00e9s, mely sor\u00e1n az alv\u00e1zsz\u00e1m alapj\u00e1n az adott oldal vagy szolg\u00e1ltat\u00f3 \u00f6sszegy\u0171jti az aut\u00f3r\u00f3l el\u00e9rhet\u0151 \u00f6sszes r\u00f6gz\u00edtett inform\u00e1ci\u00f3t. Ezekb\u0151l azt\u00e1n elk\u00e9sz\u00fcl a jelent\u00e9s, amelyben a felhaszn\u00e1l\u00f3 mindent ellen\u0151rizhet, ami az aut\u00f3r\u00f3l hivatalosan kider\u00edthet\u0151. Egy ilyen jelent\u00e9s birtok\u00e1ban rengeteg adat seg\u00edts\u00e9get ny\u00fajt m\u00e1r a kiv\u00e1laszt\u00e1s folyamat\u00e1ban is, a carVertical pedig hozz\u00e1f\u00e9r\u00e9ssel rendelkezik a j\u00e1rm\u0171t\u00f6rt\u00e9neti adatb\u00e1zisok egyik legnagyobb h\u00e1l\u00f3zat\u00e1hoz, amely sz\u00e1mtalan mennyis\u00e9g\u0171 adatot tartalmaz a vil\u00e1g minden t\u00e1j\u00e1r\u00f3l.<\/p>\n<p>Az \u00faj carVertical jelent\u00e9sek inform\u00e1ci\u00f3i r\u00e1ad\u00e1sul sokkal rendszerezettebbek, \u00edgy k\u00f6nnyebben \u00e1ttekinthet\u0151k, a j\u00e1rm\u0171vekhez kev\u00e9sb\u00e9 \u00e9rt\u0151 rendszeres felhaszn\u00e1l\u00f3k sz\u00e1m\u00e1ra pedig tippek \u00e9s figyelmeztet\u00e9sek seg\u00edtik az eligazod\u00e1st.<\/p>\n<p>&nbsp;<\/p>\n","protected":false},"excerpt":{"rendered":"<p>Ezekre a m\u00e1rk\u00e1kra \u00e9s sz\u00ednekre \u00e9rdemes figyelni a keresg\u00e9l\u00e9sn\u00e9l. A haszn\u00e1ltaut\u00f3s hirdet\u00e9sek k\u00f6z\u00f6tt sz\u00e9p sz\u00e1mmal tal\u00e1lni olyan aut\u00f3kat, amelyek kor\u00e1bban taxik\u00e9nt teljes\u00edtettek szolg\u00e1latot. A v\u00e1s\u00e1rl\u00f3k ezeket \u00e1ltal\u00e1ban messzire elker\u00fclik, mivel \u00fagy gondolj\u00e1k, jobban elhaszn\u00e1l\u00f3dtak a folyamatos haszn\u00e1latt\u00f3l \u00e9s az \u00e1lland\u00f3 meg\u00e1ll\u00e1s-f\u00e9kez\u00e9st\u0151l. N\u00e9zz\u00fck, mib\u0151l lehet megmondani, hogy egy aut\u00f3t kor\u00e1bban taxik\u00e9nt haszn\u00e1ltak.<\/p>\n","protected":false},"author":1001010,"featured_media":0,"comment_status":"open","ping_status":"open","sticky":false,"template":"","format":"standard","meta":[],"categories":[4,19],"tags":[],"_links":{"self":[{"href":"https:\/\/gazdasagportal.hu\/index.php\/wp-json\/wp\/v2\/posts\/144083"}],"collection":[{"href":"https:\/\/gazdasagportal.hu\/index.php\/wp-json\/wp\/v2\/posts"}],"about":[{"href":"https:\/\/gazdasagportal.hu\/index.php\/wp-json\/wp\/v2\/types\/post"}],"author":[{"embeddable":true,"href":"https:\/\/gazdasagportal.hu\/index.php\/wp-json\/wp\/v2\/users\/1001010"}],"replies":[{"embeddable":true,"href":"https:\/\/gazdasagportal.hu\/index.php\/wp-json\/wp\/v2\/comments?post=144083"}],"version-history":[{"count":1,"href":"https:\/\/gazdasagportal.hu\/index.php\/wp-json\/wp\/v2\/posts\/144083\/revisions"}],"predecessor-version":[{"id":144084,"href":"https:\/\/gazdasagportal.hu\/index.php\/wp-json\/wp\/v2\/posts\/144083\/revisions\/144084"}],"wp:attachment":[{"href":"https:\/\/gazdasagportal.hu\/index.php\/wp-json\/wp\/v2\/media?parent=144083"}],"wp:term":[{"taxonomy":"category","embeddable":true,"href":"https:\/\/gazdasagportal.hu\/index.php\/wp-json\/wp\/v2\/categories?post=144083"},{"taxonomy":"post_tag","embeddable":true,"href":"https:\/\/gazdasagportal.hu\/index.php\/wp-json\/wp\/v2\/tags?post=144083"}],"curies":[{"name":"wp","href":"https:\/\/api.w.org\/{rel}","templated":true}]}}