{"id":144071,"date":"2023-07-10T17:09:35","date_gmt":"2023-07-10T15:09:35","guid":{"rendered":"https:\/\/gazdasagportal.hu\/?p=144071"},"modified":"2023-07-10T17:09:35","modified_gmt":"2023-07-10T15:09:35","slug":"kisse-borulatobbak-a-vallalatvezetok-a-magyar-kivitel-legfontosabb-celorszagaiban","status":"publish","type":"post","link":"https:\/\/gazdasagportal.hu\/index.php\/kisse-borulatobbak-a-vallalatvezetok-a-magyar-kivitel-legfontosabb-celorszagaiban\/","title":{"rendered":"Kiss\u00e9 bor\u00fal\u00e1t\u00f3bbak a v\u00e1llalatvezet\u0151k a magyar kivitel legfontosabb c\u00e9lorsz\u00e1gaiban"},"content":{"rendered":"<p><strong>A tavalyi optimizmus ut\u00e1n j\u00f3val \u00f3vatosabbak az eur\u00f3pai \u00e9s amerikai v\u00e1llalatok az exportkil\u00e1t\u00e1saikat illet\u0151en \u2013 der\u00fcl ki az Allianz Trade 3000 c\u00e9gre kiterjed\u0151 kutat\u00e1s\u00e1b\u00f3l. A magyar kivitel legfontosabb c\u00e9lorsz\u00e1gaiban m\u0171k\u00f6d\u0151 v\u00e1llalatok j\u00f3val alacsonyabb exportbev\u00e9tel-n\u00f6veked\u00e9st v\u00e1rnak id\u00e9n, mint tavaly. A megk\u00e9rdezett v\u00e1llalatok 40 sz\u00e1zal\u00e9ka tart tov\u00e1bb\u00e1 a nemfizet\u00e9si kock\u00e1zat n\u00f6veked\u00e9s\u00e9t\u0151l id\u00e9n, emellett 42 sz\u00e1zal\u00e9k sz\u00e1m\u00edt a fizet\u00e9si hat\u00e1rid\u0151k hossz\u00e1nak n\u00f6veked\u00e9s\u00e9re. Tov\u00e1bbra is az ell\u00e1t\u00e1si l\u00e1nccal kapcsolatos kih\u00edv\u00e1sok \u00e9s kock\u00e1zatok a legnagyobbak, de id\u00e9n m\u00e1r a p\u00e9nz\u00fcgyi korl\u00e1tok is kezdenek megmutatkozni. Magyarorsz\u00e1gon a hitelbiztos\u00edt\u00e1si k\u00e1rkifizet\u00e9sek t\u00f6bbs\u00e9ge is export\u00fcgyletekhez k\u00f6t\u0151dik ebben az \u00e9vben.<\/strong><!--more--><\/p>\n<div class=\"ads-in-post2\"><script async src=\"https:\/\/pagead2.googlesyndication.com\/pagead\/js\/adsbygoogle.js\"><\/script>\r\n<ins class=\"adsbygoogle\"\r\n     style=\"display:block\"\r\n     data-ad-format=\"fluid\"\r\n     data-ad-layout-key=\"-6t+ed+2i-1n-4w\"\r\n     data-ad-client=\"ca-pub-1959107119989764\"\r\n     data-ad-slot=\"4008251320\"><\/ins>\r\n<script>\r\n     (adsbygoogle = window.adsbygoogle || []).push({});\r\n<\/script><\/div>\n<p>A vil\u00e1g egyik vezet\u0151 kereskedelmi hitelbiztos\u00edt\u00f3ja, az Allianz Trade glob\u00e1lis kutat\u00e1s\u00e1ban k\u00f6zel 3000 v\u00e1llalatot k\u00e9rdezett meg Franciaorsz\u00e1gban, N\u00e9metorsz\u00e1gban, Olaszorsz\u00e1gban, Spanyolorsz\u00e1gban, Lengyelorsz\u00e1gban, az Egyes\u00fclt Kir\u00e1lys\u00e1gban \u00e9s az Egyes\u00fclt \u00c1llamokban id\u00e9n \u00e1prilisban a 2023-ra vonatkoz\u00f3 exportv\u00e1rakoz\u00e1saikr\u00f3l, az ell\u00e1t\u00e1si l\u00e1ncban bek\u00f6vetkezett zavarokkal kapcsolatos tapasztalataikr\u00f3l \u00e9s az idei terveikr\u0151l. A kutat\u00e1sb\u00f3l fontos k\u00f6vetkeztet\u00e9seket lehet levonni Magyarorsz\u00e1g szempontj\u00e1b\u00f3l is, hiszen haz\u00e1nk exportkitetts\u00e9ge rendk\u00edv\u00fcl magas, a GDP 81 sz\u00e1zal\u00e9k\u00e1t is meghaladja, \u00e9s a vizsg\u00e1latban r\u00e9szt vett orsz\u00e1gok a magyar export legfontosabb c\u00e9lpiacai (a teljes kivitel\u00fcnk k\u00f6zel fele ezekbe az orsz\u00e1gokba ir\u00e1nyul).<\/p>\n<p><strong><em>Re\u00e1l GDP n\u00f6veked\u00e9s (%)<\/em><\/strong><\/p><div id=\"gazda-760475845\" class=\"gazda-tartalomban gazda-entity-placement\"><script async src=\"https:\/\/pagead2.googlesyndication.com\/pagead\/js\/adsbygoogle.js\"><\/script>\r\n<ins class=\"adsbygoogle\"\r\n     style=\"display:block\"\r\n     data-ad-format=\"fluid\"\r\n     data-ad-layout-key=\"-6t+ed+2i-1n-4w\"\r\n     data-ad-client=\"ca-pub-1959107119989764\"\r\n     data-ad-slot=\"4008251320\"><\/ins>\r\n<script>\r\n     (adsbygoogle = window.adsbygoogle || []).push({});\r\n<\/script><\/div>\n<table width=\"449\">\n<tbody>\n<tr>\n<td width=\"193\">&nbsp;<\/td>\n<td width=\"64\">2021<\/td>\n<td width=\"64\">2022<\/td>\n<td width=\"64\">2023e<\/td>\n<td width=\"64\">2024e<\/td>\n<\/tr>\n<tr>\n<td width=\"193\">Glob\u00e1lis<\/td>\n<td width=\"64\">6<\/td>\n<td width=\"64\">3<\/td>\n<td width=\"64\">2,5<\/td>\n<td width=\"64\">2,3<\/td>\n<\/tr>\n<tr>\n<td width=\"193\">USA<\/td>\n<td width=\"64\">6<\/td>\n<td width=\"64\">2,1<\/td>\n<td width=\"64\">1,5<\/td>\n<td width=\"64\">0,7<\/td>\n<\/tr>\n<tr>\n<td width=\"193\">Egyes\u00fclt Kir\u00e1lys\u00e1g<\/td>\n<td width=\"64\">7,6<\/td>\n<td width=\"64\">4,1<\/td>\n<td width=\"64\">0,2<\/td>\n<td width=\"64\">0,5<\/td>\n<\/tr>\n<tr>\n<td width=\"193\">N\u00e9metorsz\u00e1g<\/td>\n<td width=\"64\">2,6<\/td>\n<td width=\"64\">1,9<\/td>\n<td width=\"64\">-0,1<\/td>\n<td width=\"64\">0,8<\/td>\n<\/tr>\n<tr>\n<td width=\"193\">Franciaorsz\u00e1g<\/td>\n<td width=\"64\">6,8<\/td>\n<td width=\"64\">2,6<\/td>\n<td width=\"64\">0,6<\/td>\n<td width=\"64\">0,9<\/td>\n<\/tr>\n<tr>\n<td width=\"193\">Olaszorsz\u00e1g<\/td>\n<td width=\"64\">7<\/td>\n<td width=\"64\">3,8<\/td>\n<td width=\"64\">1,1<\/td>\n<td width=\"64\">0,7<\/td>\n<\/tr>\n<tr>\n<td width=\"193\">Spanyolorsz\u00e1g<\/td>\n<td width=\"64\">5,5<\/td>\n<td width=\"64\">5,5<\/td>\n<td width=\"64\">2<\/td>\n<td width=\"64\">1,6<\/td>\n<\/tr>\n<tr>\n<td width=\"193\">Lengyelorsz\u00e1g<\/td>\n<td width=\"64\">6,9<\/td>\n<td width=\"64\">5,1<\/td>\n<td width=\"64\">1,5<\/td>\n<td width=\"64\">2,7<\/td>\n<\/tr>\n<tr>\n<td width=\"193\">Magyarorsz\u00e1g<\/td>\n<td width=\"64\">7,1<\/td>\n<td width=\"64\">4,6<\/td>\n<td width=\"64\">0<\/td>\n<td width=\"64\">2,5<\/td>\n<\/tr>\n<\/tbody>\n<\/table>\n<p>&nbsp;<\/p>\n<p>A legt\u00f6bb v\u00e1llalat <strong>tov\u00e1bbra is optimista az idei exportkil\u00e1t\u00e1sokat illet\u0151en<\/strong>, de a forgalomn\u00f6veked\u00e9s v\u00e1rhat\u00f3an 5 sz\u00e1zal\u00e9kra lassul, ami harmadannyi, mint amit a 2021-2022-es v\u00e1rakoz\u00e1sok mutattak. A megk\u00e9rdezett v\u00e1llalatok mintegy 70 sz\u00e1zal\u00e9ka sz\u00e1m\u00edt arra, hogy az exportb\u00f3l sz\u00e1rmaz\u00f3 forgalom n\u00f6vekedni fog 2023-ban. \u00d6sszehasonl\u00edt\u00e1sul: tavaly m\u00e9g a c\u00e9gek k\u00f6zel 80 sz\u00e1zal\u00e9ka v\u00e1rt exportforgalom-n\u00f6veked\u00e9st, az ukrajnai h\u00e1bor\u00fa kit\u00f6r\u00e9se el\u0151tt pedig 94 sz\u00e1zal\u00e9k volt ez az ar\u00e1ny. Minden m\u00e1sodik export\u0151r m\u00e9rs\u00e9kelt, 2 \u00e9s 5 sz\u00e1zal\u00e9k k\u00f6z\u00f6tti forgalomb\u0151v\u00fcl\u00e9st v\u00e1r, amely komoly lassul\u00e1s a 2022-es k\u00e9tsz\u00e1mjegy\u0171 n\u00f6veked\u00e9shez k\u00e9pest. A kev\u00e9sb\u00e9 optimista orsz\u00e1gok k\u00f6z\u00e9 tartoznak az energiav\u00e1ls\u00e1g \u00e1ltal legink\u00e1bb \u00e9rintett orsz\u00e1gok v\u00e1llalatai: a kutat\u00e1s szerint az export\u0151r\u00f6k mintegy 15 sz\u00e1zal\u00e9ka egy\u00e9rtelm\u0171 forgalomcs\u00f6kken\u00e9st v\u00e1r, ezen bel\u00fcl <strong>a n\u00e9metek \u00e9s a lengyelek a legpesszimist\u00e1bbak<\/strong>, itt a megk\u00e9rdezett v\u00e1llalatok 20-30 sz\u00e1zal\u00e9ka sz\u00e1m\u00edt visszaes\u00e9sre.<\/p>\n<p>Meglep\u0151 k\u00f6vetkeztet\u00e9se a kutat\u00e1snak, hogy <strong>az export\u00e1l\u00f3 v\u00e1llalatoknak kisebb az \u00e9tv\u00e1gyuk az \u00faj piacok ir\u00e1nt<\/strong>, ink\u00e1bb a megl\u00e9v\u0151k konszolid\u00e1ci\u00f3j\u00e1t r\u00e9szes\u00edtik el\u0151nyben. 63 sz\u00e1zal\u00e9k tervez tov\u00e1bbi beruh\u00e1z\u00e1st azokban az orsz\u00e1gokban, ahol m\u00e1r jelen vannak, m\u00edg 47 sz\u00e1zal\u00e9kuk \u00faj orsz\u00e1gokban tervez befektet\u00e9st. Ami az export c\u00e9lpiacokat illeti, a v\u00e1llalatok t\u00f6bb mint 55 sz\u00e1zal\u00e9ka nagyobb piaci r\u00e9szesed\u00e9s megszerz\u00e9s\u00e9t tervezi azokban az orsz\u00e1gokban, ahol m\u00e1r jelen van, m\u00edg 52 sz\u00e1zal\u00e9k k\u00edv\u00e1n \u00faj orsz\u00e1gokat megc\u00e9lozni.<\/p>\n<p>A <strong>lassul\u00f3<\/strong> <strong>export forgalomra<\/strong> vonatkoz\u00f3 v\u00e1rakoz\u00e1sok \u00f6sszhangban vannak az Allianz Trade glob\u00e1lis kereskedelemre vonatkoz\u00f3 el\u0151rejelz\u00e9s\u00e9vel, amely volumenben 0,7 sz\u00e1zal\u00e9k n\u00f6veked\u00e9st, \u00e9rt\u00e9kben viszont 0,1% cs\u00f6kken\u00e9st prognosztiz\u00e1l 2023-ban, amely jelent\u0151s visszaes\u00e9s az el\u0151z\u0151 \u00e9vi 3,8% \u00e9s 9,7% n\u00f6vekm\u00e9ny ut\u00e1n. A glob\u00e1lis \u00e1rukereskedelemben tavaly okt\u00f3ber \u00f3ta m\u00e9rt recesszi\u00f3 teh\u00e1t visszafogta a v\u00e1llalatok optimizmus\u00e1t \u00e9s a kil\u00e1t\u00e1sok tov\u00e1bbra is bor\u00fasak a j\u00f6v\u0151re n\u00e9zve. A glob\u00e1lis lassul\u00e1s f\u0151 okai k\u00f6z\u00f6tt eml\u00edtik az Allianz Trade szak\u00e9rt\u0151i a bizonyos ciklikus \u00e1gazatokban (p\u00e9ld\u00e1ul elektronika\/h\u00e1ztart\u00e1si elektronika, g\u00e9pgy\u00e1rt\u00e1s) tapasztalt alacsonyabb termel\u00e9st \u00e9s kereskedelmi forgalmat, illetve az \u00e1zsiai \u00e9s csendes \u00f3ce\u00e1ni t\u00e9rs\u00e9gb\u0151l \u00e9rkez\u0151 \u00e1ruforgalom cs\u00f6kken\u00e9s\u00e9t \u2013 \u00f6sszehangban ezen t\u00e9rs\u00e9gek gazdas\u00e1gi termel\u00e9si trendjeivel -, valamint a fejlett gazdas\u00e1gok (Egyes\u00fclt \u00c1llamok \u00e9s N\u00e9metorsz\u00e1g) recesszi\u00f3s v\u00e1rakoz\u00e1sainak hat\u00e1sait.<\/p>\n<p>Mindent egybevetve 2023-ban a glob\u00e1lis exportn\u00f6veked\u00e9s v\u00e1rhat\u00f3an el\u00e9ri az 1500 milli\u00e1rd USD-t, amely a legalacsonyabb \u00e9rt\u00e9k 2018 \u00f3ta, a 2020-as recesszi\u00f3t lesz\u00e1m\u00edtva. M\u00edg 2022-ben az \u00e1zsiai r\u00e9gi\u00f3 szenvedte el a legnagyobb exportpiac vesztes\u00e9geket, addig 2023-ban, s\u0151t m\u00e9g 2024-ben is az \u00f6sszes r\u00e9gi\u00f3 k\u00f6z\u00fcl <strong>Nyugat-Eur\u00f3p\u00e1ban v\u00e1rhat\u00f3 a legnagyobb ar\u00e1ny\u00fa exportveszt\u00e9s<\/strong>.<\/p>\n<p>&nbsp;<\/p>\n<p>&nbsp;<\/p>\n<p>A megk\u00e9rdezett exportra termel\u0151 v\u00e1llalatok 40 sz\u00e1zal\u00e9ka tart a <strong>nemfizet\u00e9si kock\u00e1zat n\u00f6veked\u00e9s\u00e9t\u0151l<\/strong> 2023-ban, amely jelent\u0151s, 11 pontos emelked\u00e9s tavalyhoz k\u00e9pest. Emellett 42 sz\u00e1zal\u00e9k sz\u00e1m\u00edt a fizet\u00e9si hat\u00e1rid\u0151k hossz\u00e1nak n\u00f6veked\u00e9s\u00e9re is szemben a tavalyi 31 sz\u00e1zal\u00e9kkal. Ezt m\u00e1r a magyar export\u0151r c\u00e9gek is \u00e9rz\u00e9kelik.<\/p>\n<p><em>\u201eA fizet\u00e9si hat\u00e1rid\u0151k meghosszabbod\u00e1sa egyre fontosabb likvidit\u00e1si k\u00e9rd\u00e9ss\u00e9 v\u00e1lik a v\u00e1llalatok sz\u00e1m\u00e1ra, amit m\u00e1r a magyar piacon is \u00e9rz\u00e9kel\u00fcnk. Emellett a hitelbiztos\u00edtott v\u00e1llalatok egyre nagyobb hitelkereteket fognak ig\u00e9nyelni export partnereikre, hogy cs\u00f6kkents\u00e9k a kock\u00e1zataikat. A kutat\u00e1s meg\u00e1llap\u00edt\u00e1sait az is meger\u0151s\u00edti, hogy a magyarorsz\u00e1gi k\u00e1rkifizet\u00e9seink jelent\u0151s r\u00e9sze is exportvev\u0151kh\u00f6z k\u00f6t\u0151dik\u201d <\/em>\u2013 emeli ki <strong>Bujdos\u00f3 T\u00fcnde, az Allianz Trade kock\u00e1zatkezel\u00e9si igazgat\u00f3ja<\/strong>.<\/p>\n<p>A kutat\u00e1s azt is meg\u00e1llap\u00edtotta, hogy az <strong>ell\u00e1t\u00e1si l\u00e1nccal<\/strong> kapcsolatos kih\u00edv\u00e1sokat \u00e9s kock\u00e1zatokat tekintik a legjelent\u0151sebb kih\u00edv\u00e1snak a v\u00e1llalatok, de id\u00e9n m\u00e1r a p\u00e9nz\u00fcgyi korl\u00e1tok is kezdenek megmutatkozni. A kock\u00e1zatokra vonatkoz\u00f3 k\u00e9rd\u00e9sekn\u00e9l a v\u00e1laszad\u00f3k a leggyakrabban (k\u00f6zel 75 sz\u00e1zal\u00e9k) a sz\u00e1ll\u00edt\u00e1si bizonytalans\u00e1gokat \u00e9s k\u00f6lts\u00e9geket jel\u00f6lt\u00e9k meg, ezeknek lehet jelent\u0151s hat\u00e1sa az exporttev\u00e9kenys\u00e9gre. Emellett a term\u00e9khi\u00e1nyt, a munkaer\u0151hi\u00e1nyt \u00e9s a <strong>magas finansz\u00edroz\u00e1si k\u00f6lts\u00e9geket<\/strong> eml\u00edtett\u00e9k m\u00e9g a v\u00e1llalatok, ugyanakkor j\u00f3 h\u00edr, hogy az energia\u00e1rak jelentette kock\u00e1zat jelent\u0151sen cs\u00f6kkent, b\u00e1r m\u00e9g most is az \u00f6t vezet\u0151 kock\u00e1zati t\u00e9nyez\u0151 k\u00f6z\u00f6tt szerepel. Nem v\u00e9letlen teh\u00e1t, hogy minden harmadik v\u00e1laszad\u00f3 v\u00e1llalat rendelkezik olyan biztos\u00edt\u00e1ssal, amely az ell\u00e1t\u00e1si l\u00e1ncok kock\u00e1zatai ellen v\u00e9d.<\/p>\n<p>A legfontosabb <strong>kock\u00e1zatcs\u00f6kkent\u0151 v\u00e1llalati strat\u00e9gi\u00e1kkal<\/strong> kapcsolatban Bujdos\u00f3 T\u00fcnde kiemelte: legt\u00f6bben ink\u00e1bb a m\u00e1r megl\u00e9v\u0151 exportpiacokat stabiliz\u00e1lj\u00e1k, vagy ezeken akarnak n\u00f6veked\u00e9st el\u00e9rni, mint teljesen \u00faj piacra, ismeretlen jogi \u00e9s gazdas\u00e1gi k\u00f6rnyezetbe beker\u00fclni.\u00a0 De ha m\u00e1r az \u00faj piacra l\u00e9pnek, akkor fontos az ottani partner megfelel\u0151 \u00e1tvil\u00e1g\u00edt\u00e1sa, ak\u00e1r szem\u00e9lyes l\u00e1togat\u00e1s a partnerc\u00e9gn\u00e9l, vagy helyismerettel rendelkez\u0151 szak\u00e9rt\u0151 bevon\u00e1sa. Recesszi\u00f3s k\u00f6rnyezetben a csal\u00e1si \u00fcgyek sz\u00e1ma is megn\u00f6vekedhet \u2013 figyelmeztet az Allianz Trade kock\u00e1zatkezel\u00e9si igazgat\u00f3ja.<\/p>\n","protected":false},"excerpt":{"rendered":"<p>A tavalyi optimizmus ut\u00e1n j\u00f3val \u00f3vatosabbak az eur\u00f3pai \u00e9s amerikai v\u00e1llalatok az exportkil\u00e1t\u00e1saikat illet\u0151en \u2013 der\u00fcl ki az Allianz Trade 3000 c\u00e9gre kiterjed\u0151 kutat\u00e1s\u00e1b\u00f3l. A magyar kivitel legfontosabb c\u00e9lorsz\u00e1gaiban m\u0171k\u00f6d\u0151 v\u00e1llalatok j\u00f3val alacsonyabb exportbev\u00e9tel-n\u00f6veked\u00e9st v\u00e1rnak id\u00e9n, mint tavaly. A megk\u00e9rdezett v\u00e1llalatok 40 sz\u00e1zal\u00e9ka tart tov\u00e1bb\u00e1 a nemfizet\u00e9si kock\u00e1zat n\u00f6veked\u00e9s\u00e9t\u0151l id\u00e9n, emellett 42 sz\u00e1zal\u00e9k sz\u00e1m\u00edt a &#8230;<\/p>\n","protected":false},"author":1001010,"featured_media":0,"comment_status":"open","ping_status":"open","sticky":false,"template":"","format":"standard","meta":[],"categories":[19],"tags":[],"_links":{"self":[{"href":"https:\/\/gazdasagportal.hu\/index.php\/wp-json\/wp\/v2\/posts\/144071"}],"collection":[{"href":"https:\/\/gazdasagportal.hu\/index.php\/wp-json\/wp\/v2\/posts"}],"about":[{"href":"https:\/\/gazdasagportal.hu\/index.php\/wp-json\/wp\/v2\/types\/post"}],"author":[{"embeddable":true,"href":"https:\/\/gazdasagportal.hu\/index.php\/wp-json\/wp\/v2\/users\/1001010"}],"replies":[{"embeddable":true,"href":"https:\/\/gazdasagportal.hu\/index.php\/wp-json\/wp\/v2\/comments?post=144071"}],"version-history":[{"count":1,"href":"https:\/\/gazdasagportal.hu\/index.php\/wp-json\/wp\/v2\/posts\/144071\/revisions"}],"predecessor-version":[{"id":144072,"href":"https:\/\/gazdasagportal.hu\/index.php\/wp-json\/wp\/v2\/posts\/144071\/revisions\/144072"}],"wp:attachment":[{"href":"https:\/\/gazdasagportal.hu\/index.php\/wp-json\/wp\/v2\/media?parent=144071"}],"wp:term":[{"taxonomy":"category","embeddable":true,"href":"https:\/\/gazdasagportal.hu\/index.php\/wp-json\/wp\/v2\/categories?post=144071"},{"taxonomy":"post_tag","embeddable":true,"href":"https:\/\/gazdasagportal.hu\/index.php\/wp-json\/wp\/v2\/tags?post=144071"}],"curies":[{"name":"wp","href":"https:\/\/api.w.org\/{rel}","templated":true}]}}