{"id":144009,"date":"2023-06-26T13:21:55","date_gmt":"2023-06-26T11:21:55","guid":{"rendered":"https:\/\/gazdasagportal.hu\/?p=144009"},"modified":"2023-06-26T13:21:55","modified_gmt":"2023-06-26T11:21:55","slug":"az-eu-megallapodott-az-europai-bekekeret-35-milliard-euros-kiegesziteserol","status":"publish","type":"post","link":"https:\/\/gazdasagportal.hu\/index.php\/az-eu-megallapodott-az-europai-bekekeret-35-milliard-euros-kiegesziteserol\/","title":{"rendered":"Az EU meg\u00e1llapodott az Eur\u00f3pai B\u00e9kekeret 3,5 milli\u00e1rd eur\u00f3s kieg\u00e9sz\u00edt\u00e9s\u00e9r\u0151l"},"content":{"rendered":"<p><strong>Az Eur\u00f3pai Uni\u00f3 K\u00fcl\u00fcgyek Tan\u00e1csa luxembourgi \u00fcl\u00e9s\u00e9n hat\u00e1rozatot fogadott el arr\u00f3l, hogy 3,5 milli\u00e1rd eur\u00f3val megemeli az Eur\u00f3pai B\u00e9kekeret (EPF) teljes p\u00e9nz\u00fcgyi keret\u00e9nek fels\u0151 hat\u00e1r\u00e1t &#8211; k\u00f6z\u00f6lte az uni\u00f3s tan\u00e1cs h\u00e9tf\u0151n.<\/strong><!--more--><\/p>\n<div class=\"ads-in-post2\"><script async src=\"https:\/\/pagead2.googlesyndication.com\/pagead\/js\/adsbygoogle.js\"><\/script>\r\n<ins class=\"adsbygoogle\"\r\n     style=\"display:block\"\r\n     data-ad-format=\"fluid\"\r\n     data-ad-layout-key=\"-6t+ed+2i-1n-4w\"\r\n     data-ad-client=\"ca-pub-1959107119989764\"\r\n     data-ad-slot=\"4008251320\"><\/ins>\r\n<script>\r\n     (adsbygoogle = window.adsbygoogle || []).push({});\r\n<\/script><\/div>\n<p>    A k\u00f6zlem\u00e9ny szerint a d\u00f6nt\u00e9s c\u00e9lja, hogy hossz\u00fa t\u00e1von biztos\u00edtsa az Eur\u00f3pai B\u00e9kekeret p\u00e9nz\u00fcgyi fenntarthat\u00f3s\u00e1g\u00e1t \u00e9s kisz\u00e1m\u00edthat\u00f3s\u00e1g\u00e1t, valamint az Eur\u00f3pai Uni\u00f3 k\u00e9pess\u00e9g\u00e9t arra, hogy gyorsan tudjon reag\u00e1lni a v\u00e1ls\u00e1gok \u00e9s konfliktusok megel\u0151z\u00e9s\u00e9re. A kieg\u00e9sz\u00edt\u00e9ssel az Eur\u00f3pai B\u00e9kekeret teljes p\u00e9nz\u00fcgyi kerete meghaladja a 12 milli\u00e1rd eur\u00f3t &#8211; \u00edrt\u00e1k.<br \/>\n    K\u00f6zlem\u00e9ny\u00fckben az uni\u00f3s tagorsz\u00e1gok k\u00fcl\u00fcgyminiszterei al\u00e1h\u00fazt\u00e1k: a hat\u00e1rozat biztos\u00edtja, hogy meglegyen az uni\u00f3 finansz\u00edroz\u00e1si kerete ahhoz, hogy tov\u00e1bbra is konkr\u00e9t katonai t\u00e1mogat\u00e1st ny\u00fajthasson partnerei fegyveres er\u0151inek. K\u00f6z\u00f6lt\u00e9k, az Eur\u00f3pai B\u00e9kekeret 2021-es l\u00e9trehoz\u00e1sa \u00f3ta ez m\u00e1r a m\u00e1sodik alkalom, hogy az EU n\u00f6velte a keret finansz\u00edroz\u00e1s\u00e1t, amely folyamatosan biztos\u00edtja, hogy az uni\u00f3 t\u00e1mogatni tudja partnereit. A hat\u00e1rozat tov\u00e1bb\u00e1 egy\u00e9rtelm\u0171 politikai jelz\u00e9st k\u00fcld arr\u00f3l, hogy az EU tart\u00f3san elk\u00f6telezett Ukrajna \u00e9s m\u00e1s partnerek katonai t\u00e1mogat\u00e1sa mellett &#8211; \u00edrt\u00e1k.<br \/>\n    Az Eur\u00f3pai B\u00e9kekeretet 2021 m\u00e1rcius\u00e1ban hozt\u00e1k l\u00e9tre a k\u00f6z\u00f6s k\u00fcl- \u00e9s biztons\u00e1gpolitika katonai \u00e9s v\u00e9delmi \u00fcgyekkel kapcsolatos valamennyi fell\u00e9p\u00e9s\u00e9nek finansz\u00edroz\u00e1s\u00e1ra a konfliktusok megel\u0151z\u00e9se, a b\u00e9ke meg\u0151rz\u00e9se, valamint a nemzetk\u00f6zi biztons\u00e1g \u00e9s stabilit\u00e1s meger\u0151s\u00edt\u00e9se c\u00e9lj\u00e1b\u00f3l. Az Eur\u00f3pai B\u00e9kekeret lehet\u0151v\u00e9 teszi az EU sz\u00e1m\u00e1ra, hogy olyan int\u00e9zked\u00e9seket finansz\u00edrozzon, amelyek c\u00e9lja a nem uni\u00f3s orsz\u00e1gok, valamint a region\u00e1lis \u00e9s nemzetk\u00f6zi szervezetek katonai \u00e9s v\u00e9delmi k\u00e9rd\u00e9sekkel kapcsolatos kapacit\u00e1sainak meger\u0151s\u00edt\u00e9se.<br \/>\n    Az eszk\u00f6z keret\u00e9ben az EU eddig h\u00e9t egym\u00e1st k\u00f6vet\u0151 t\u00e1mogat\u00e1si csomagon kereszt\u00fcl t\u00e1mogatta az ukr\u00e1n fegyveres er\u0151ket, valamint sz\u00e1mos m\u00e1s orsz\u00e1got, k\u00f6zt\u00fck Mozambikot, Gr\u00fazi\u00e1t, Moldov\u00e1t, Bosznia-Hercegovin\u00e1t, Szom\u00e1li\u00e1t, Nigert, Maurit\u00e1ni\u00e1t, Libanont \u00e9s Jord\u00e1ni\u00e1t. Az EPF t\u00e1mogatta az afrikai vezet\u00e9s\u0171 b\u00e9ket\u00e1mogat\u00f3 m\u0171veletek katonai er\u0151it \u00e9s a t\u00f6bbnemzetis\u00e9g\u0171 katonai egys\u00e9geket is.(MTI)<\/p>\n","protected":false},"excerpt":{"rendered":"<p>Az Eur\u00f3pai Uni\u00f3 K\u00fcl\u00fcgyek Tan\u00e1csa luxembourgi \u00fcl\u00e9s\u00e9n hat\u00e1rozatot fogadott el arr\u00f3l, hogy 3,5 milli\u00e1rd eur\u00f3val megemeli az Eur\u00f3pai B\u00e9kekeret (EPF) teljes p\u00e9nz\u00fcgyi keret\u00e9nek fels\u0151 hat\u00e1r\u00e1t &#8211; k\u00f6z\u00f6lte az uni\u00f3s tan\u00e1cs h\u00e9tf\u0151n.<\/p>\n","protected":false},"author":1001010,"featured_media":0,"comment_status":"open","ping_status":"open","sticky":false,"template":"","format":"standard","meta":[],"categories":[19,246],"tags":[],"_links":{"self":[{"href":"https:\/\/gazdasagportal.hu\/index.php\/wp-json\/wp\/v2\/posts\/144009"}],"collection":[{"href":"https:\/\/gazdasagportal.hu\/index.php\/wp-json\/wp\/v2\/posts"}],"about":[{"href":"https:\/\/gazdasagportal.hu\/index.php\/wp-json\/wp\/v2\/types\/post"}],"author":[{"embeddable":true,"href":"https:\/\/gazdasagportal.hu\/index.php\/wp-json\/wp\/v2\/users\/1001010"}],"replies":[{"embeddable":true,"href":"https:\/\/gazdasagportal.hu\/index.php\/wp-json\/wp\/v2\/comments?post=144009"}],"version-history":[{"count":1,"href":"https:\/\/gazdasagportal.hu\/index.php\/wp-json\/wp\/v2\/posts\/144009\/revisions"}],"predecessor-version":[{"id":144010,"href":"https:\/\/gazdasagportal.hu\/index.php\/wp-json\/wp\/v2\/posts\/144009\/revisions\/144010"}],"wp:attachment":[{"href":"https:\/\/gazdasagportal.hu\/index.php\/wp-json\/wp\/v2\/media?parent=144009"}],"wp:term":[{"taxonomy":"category","embeddable":true,"href":"https:\/\/gazdasagportal.hu\/index.php\/wp-json\/wp\/v2\/categories?post=144009"},{"taxonomy":"post_tag","embeddable":true,"href":"https:\/\/gazdasagportal.hu\/index.php\/wp-json\/wp\/v2\/tags?post=144009"}],"curies":[{"name":"wp","href":"https:\/\/api.w.org\/{rel}","templated":true}]}}