{"id":144005,"date":"2023-06-24T15:04:33","date_gmt":"2023-06-24T13:04:33","guid":{"rendered":"https:\/\/gazdasagportal.hu\/?p=144005"},"modified":"2023-06-24T10:05:03","modified_gmt":"2023-06-24T08:05:03","slug":"ma-van-a-muzeumok-ejszakaja","status":"publish","type":"post","link":"https:\/\/gazdasagportal.hu\/index.php\/ma-van-a-muzeumok-ejszakaja\/","title":{"rendered":"Ma van a M\u00fazeumok \u00e9jszak\u00e1ja"},"content":{"rendered":"<p><strong>Ma tartj\u00e1k a M\u00fazeumok \u00e9jszak\u00e1j\u00e1t. Az imm\u00e1r 21. alkalommal megszervezett esem\u00e9nyt id\u00e9n &#8222;TRendben vagyunk&#8221; mott\u00f3val hirdett\u00e9k meg, a programsorozat kiemelt helysz\u00edne Veszpr\u00e9m lesz. A szervez\u0151k orsz\u00e1gszerte t\u00f6bb mint 440 kultur\u00e1lis int\u00e9zm\u00e9nyben mintegy k\u00e9tezer programmal v\u00e1rj\u00e1k az \u00e9rdekl\u0151d\u0151ket.<\/strong><!--more--><\/p>\n<div class=\"ads-in-post2\"><script async src=\"https:\/\/pagead2.googlesyndication.com\/pagead\/js\/adsbygoogle.js\"><\/script>\r\n<ins class=\"adsbygoogle\"\r\n     style=\"display:block\"\r\n     data-ad-format=\"fluid\"\r\n     data-ad-layout-key=\"-6t+ed+2i-1n-4w\"\r\n     data-ad-client=\"ca-pub-1959107119989764\"\r\n     data-ad-slot=\"4008251320\"><\/ins>\r\n<script>\r\n     (adsbygoogle = window.adsbygoogle || []).push({});\r\n<\/script><\/div>\n<p>    A minden \u00e9vben sok sz\u00e1zezer embert vonz\u00f3 M\u00fazeumok \u00e9jszak\u00e1j\u00e1n sz\u00e1mtalan f\u0151v\u00e1rosi \u00e9s vid\u00e9ki m\u00fazeumban szerveznek programokat, de megnyitja kapuit a Teve utcai Rend\u0151rs\u00e9gi Igazgat\u00e1si K\u00f6zpont, a SZTAKI, az Orsz\u00e1gos Lev\u00e9lt\u00e1r, a Szombathelyi Orsz\u00e1gos B\u00fcntet\u00e9s-v\u00e9grehajt\u00e1si Int\u00e9zet, az \u00c1llatorvostudom\u00e1nyi Egyetem, a hatvani Vol\u00e1n-telep vagy a M\u00c1V Domb\u00f3v\u00e1r-P\u00e9cs K\u00f6zponti Forgalomir\u00e1ny\u00edt\u00f3 K\u00f6zpontja is.<br \/>\n    Lesznek t\u00e1rlatvezet\u00e9sek, koncertek, gyermekprogramok, sz\u00ednh\u00e1zi el\u0151ad\u00e1sok, \u00e9s a szervez\u0151k t\u00f6bb esem\u00e9nnyel tisztelegnek Neumann J\u00e1nos sz\u00fclet\u00e9s\u00e9nek 120. \u00e9vfordul\u00f3ja el\u0151tt is.<br \/>\n    Az Eur\u00f3pa Kultur\u00e1lis F\u0151v\u00e1rosa program \u00e9v\u00e9ben Veszpr\u00e9mben sz\u00e1mos m\u00fazeumi \u00e9s k\u00eds\u00e9r\u0151programmal k\u00e9sz\u00fclnek. K\u00fcl\u00f6nleges t\u00e1rlatvezet\u00e9sek, interakt\u00edv digit\u00e1lis workshopok, filmvet\u00edt\u00e9s, sz\u00edndarab, nyomoz\u00f3s kalandj\u00e1t\u00e9k, valamint hagyom\u00e1ny\u0151rz\u0151 programok is v\u00e1rj\u00e1k az \u00e9rdekl\u0151d\u0151ket. A meg\u00fajult Laczk\u00f3 Dezs\u0151 M\u00fazeumban a Balaton fest\u0151je, Egry J\u00f3zsef alkot\u00e1saib\u00f3l l\u00e1that\u00f3 ki\u00e1ll\u00edt\u00e1s, amelyhez nem mindennapi t\u00e1rlatvezet\u00e9sek kapcsol\u00f3dnak.<br \/>\n    A szervez\u0151k k\u00f6zl\u00e9se szerint a M\u00fazeumok \u00e9jszak\u00e1ja programjai Budapesten id\u00e9n is k\u00f6z\u00f6s karszalaggal l\u00e1togathat\u00f3k, ezzel a karszalaggal lehet k\u00f6zlekedni a BKK kiz\u00e1r\u00f3lag ezen az est\u00e9n \u00fczemeltetett m\u00fazeumi j\u00e1ratain is.<br \/>\n    A M\u00fazeumok \u00e9jszak\u00e1ja r\u00e9szletes programja a muzej.hu honlapon olvashat\u00f3.(MTI)<\/p>\n","protected":false},"excerpt":{"rendered":"<p>Ma tartj\u00e1k a M\u00fazeumok \u00e9jszak\u00e1j\u00e1t. Az imm\u00e1r 21. alkalommal megszervezett esem\u00e9nyt id\u00e9n &#8222;TRendben vagyunk&#8221; mott\u00f3val hirdett\u00e9k meg, a programsorozat kiemelt helysz\u00edne Veszpr\u00e9m lesz. A szervez\u0151k orsz\u00e1gszerte t\u00f6bb mint 440 kultur\u00e1lis int\u00e9zm\u00e9nyben mintegy k\u00e9tezer programmal v\u00e1rj\u00e1k az \u00e9rdekl\u0151d\u0151ket.<\/p>\n","protected":false},"author":1001010,"featured_media":0,"comment_status":"open","ping_status":"open","sticky":false,"template":"","format":"standard","meta":[],"categories":[4],"tags":[],"_links":{"self":[{"href":"https:\/\/gazdasagportal.hu\/index.php\/wp-json\/wp\/v2\/posts\/144005"}],"collection":[{"href":"https:\/\/gazdasagportal.hu\/index.php\/wp-json\/wp\/v2\/posts"}],"about":[{"href":"https:\/\/gazdasagportal.hu\/index.php\/wp-json\/wp\/v2\/types\/post"}],"author":[{"embeddable":true,"href":"https:\/\/gazdasagportal.hu\/index.php\/wp-json\/wp\/v2\/users\/1001010"}],"replies":[{"embeddable":true,"href":"https:\/\/gazdasagportal.hu\/index.php\/wp-json\/wp\/v2\/comments?post=144005"}],"version-history":[{"count":1,"href":"https:\/\/gazdasagportal.hu\/index.php\/wp-json\/wp\/v2\/posts\/144005\/revisions"}],"predecessor-version":[{"id":144006,"href":"https:\/\/gazdasagportal.hu\/index.php\/wp-json\/wp\/v2\/posts\/144005\/revisions\/144006"}],"wp:attachment":[{"href":"https:\/\/gazdasagportal.hu\/index.php\/wp-json\/wp\/v2\/media?parent=144005"}],"wp:term":[{"taxonomy":"category","embeddable":true,"href":"https:\/\/gazdasagportal.hu\/index.php\/wp-json\/wp\/v2\/categories?post=144005"},{"taxonomy":"post_tag","embeddable":true,"href":"https:\/\/gazdasagportal.hu\/index.php\/wp-json\/wp\/v2\/tags?post=144005"}],"curies":[{"name":"wp","href":"https:\/\/api.w.org\/{rel}","templated":true}]}}