{"id":143919,"date":"2023-06-12T14:00:03","date_gmt":"2023-06-12T12:00:03","guid":{"rendered":"https:\/\/gazdasagportal.hu\/?p=143919"},"modified":"2023-06-12T13:05:29","modified_gmt":"2023-06-12T11:05:29","slug":"kulfoldi-utazasnal-igy-kerulhetjuk-el-a-borsos-mobilszamlat","status":"publish","type":"post","link":"https:\/\/gazdasagportal.hu\/index.php\/kulfoldi-utazasnal-igy-kerulhetjuk-el-a-borsos-mobilszamlat\/","title":{"rendered":"K\u00fclf\u00f6ldi utaz\u00e1sn\u00e1l \u00edgy ker\u00fclhetj\u00fck el a borsos mobilsz\u00e1ml\u00e1t"},"content":{"rendered":"<p style=\"font-weight: 400;\"><strong>Term\u00e9szetesnek vessz\u00fck, hogy mobilon szinte b\u00e1rhol \u00e9s b\u00e1rmikor el\u00e9rhet\u0151k vagyunk, \u00e9s err\u0151l nem sz\u00edvesen mondunk le m\u00e1s orsz\u00e1gban sem. Szerencs\u00e9re a k\u00fclf\u00f6ldi mobilhaszn\u00e1lat, azaz a roaming az ut\u00f3bbi \u00e9vekben nagyban egyszer\u0171s\u00f6d\u00f6tt \u2013 k\u00fcl\u00f6n\u00f6sen az Eur\u00f3pai Uni\u00f3 tag\u00e1llamaiban \u00e9s az 1-es d\u00edjz\u00f3na egy\u00e9b orsz\u00e1gaiban. Ugyanakkor a d\u00edjak \u00e9s felt\u00e9telek m\u00e1s d\u00edjz\u00f3n\u00e1kban jelent\u0151sen k\u00fcl\u00f6nb\u00f6zhetnek, illetve a haszn\u00e1lt d\u00edjcsomag is meghat\u00e1roz\u00f3, \u00e9s a k\u00fclf\u00f6ldi h\u00e1l\u00f3zatok min\u0151s\u00e9g\u00e9ben is tapasztalhatunk elt\u00e9r\u00e9seket. A Yettel most \u00f6sszegy\u0171jt\u00f6tt p\u00e1r hasznos tippet, hogy a nyaral\u00e1s alatt ne kelljen agg\u00f3dnunk a roaming miatt.<\/strong><\/p>\n<p><!--more--><\/p>\n<div class=\"ads-in-post2\"><script async src=\"https:\/\/pagead2.googlesyndication.com\/pagead\/js\/adsbygoogle.js\"><\/script>\r\n<ins class=\"adsbygoogle\"\r\n     style=\"display:block\"\r\n     data-ad-format=\"fluid\"\r\n     data-ad-layout-key=\"-6t+ed+2i-1n-4w\"\r\n     data-ad-client=\"ca-pub-1959107119989764\"\r\n     data-ad-slot=\"4008251320\"><\/ins>\r\n<script>\r\n     (adsbygoogle = window.adsbygoogle || []).push({});\r\n<\/script><\/div>\n<p style=\"font-weight: 400;\"><strong>\u00a0<\/strong><\/p>\n<p style=\"font-weight: 400;\"><strong>Utaz\u00e1s el\u0151tt t\u00e1j\u00e9koz\u00f3djunk a d\u00edjz\u00f3n\u00e1r\u00f3l<\/strong><\/p>\n<p style=\"font-weight: 400;\">Els\u0151 k\u00f6rben \u00e9rdemes tudni, hogy roamingnak az sz\u00e1m\u00edt, amikor a hazai el\u0151fizet\u00e9s\u00fcnket m\u00e1s orsz\u00e1gban haszn\u00e1ljuk, azaz ott, a k\u00fclf\u00f6ldi szolg\u00e1ltat\u00f3 h\u00e1l\u00f3zat\u00e1n mobilnetez\u00fcnk, ind\u00edtunk vagy fogadunk h\u00edv\u00e1st vagy SMS-t. Amikor pedig\u00a0az itthoni h\u00e1l\u00f3zatb\u00f3l ind\u00edtunk k\u00fclf\u00f6ldre (nemzetk\u00f6zi sz\u00e1mra) h\u00edv\u00e1st, az nemzetk\u00f6zi h\u00edv\u00e1snak min\u0151s\u00fcl \u2013 akkor is, ha az EU-ba ir\u00e1nyul \u2013, melynek d\u00edjai nem azonosak a roaming\u00e9val.<\/p><div id=\"gazda-655258187\" class=\"gazda-tartalomban gazda-entity-placement\"><script async src=\"https:\/\/pagead2.googlesyndication.com\/pagead\/js\/adsbygoogle.js\"><\/script>\r\n<ins class=\"adsbygoogle\"\r\n     style=\"display:block\"\r\n     data-ad-format=\"fluid\"\r\n     data-ad-layout-key=\"-6t+ed+2i-1n-4w\"\r\n     data-ad-client=\"ca-pub-1959107119989764\"\r\n     data-ad-slot=\"4008251320\"><\/ins>\r\n<script>\r\n     (adsbygoogle = window.adsbygoogle || []).push({});\r\n<\/script><\/div>\n<p style=\"font-weight: 400;\">2017 \u00f3ta kedvez\u0151bbek a roamingol\u00e1s k\u00f6lts\u00e9gei az EU-ban. Ezt azt jelenti, hogy az 1-es d\u00edjz\u00f3n\u00e1ba tartoz\u00f3 orsz\u00e1gokban \u2013 id\u0151szakos utaz\u00e1sok sor\u00e1n \u2013 nem, vagy csak bizonyos esetekben kell roamingd\u00edjat fizetni a mobilfelhaszn\u00e1l\u00f3knak. A hazai el\u0151fizet\u0151k ezekben az orsz\u00e1gokban alapesetben a magyarorsz\u00e1gi tarif\u00e1nak megfelel\u0151 felt\u00e9telekkel haszn\u00e1lhatj\u00e1k el\u0151fizet\u00e9s\u00fcket, legyen sz\u00f3 adat-, hang- vagy SMS-forgalomr\u00f3l. Ugyanakkor az Eur\u00f3p\u00e1n bel\u00fcli utaz\u00e1s m\u00e9g nem felt\u00e9tlen\u00fcl jelenti, hogy ugyanazon felt\u00e9telek mellett haszn\u00e1lhatjuk a szolg\u00e1ltat\u00e1sokat. Az olyan n\u00e9pszer\u0171 \u00fatic\u00e9lok, mint Montenegr\u00f3, Sv\u00e1jc, Szerbia vagy T\u00f6r\u00f6korsz\u00e1g p\u00e9ld\u00e1ul a 2-es d\u00edjz\u00f3n\u00e1ba tartoznak, ahol a roamingd\u00edjak is magasabbak. Utaz\u00e1s el\u0151tt ez\u00e9rt \u00e9rdemes el\u0151re t\u00e1j\u00e9koz\u00f3dni az adott orsz\u00e1g d\u00edjz\u00f3n\u00e1j\u00e1r\u00f3l.<\/p>\n<p style=\"font-weight: 400;\">A pontos d\u00edjak \u00e9s felt\u00e9telek m\u00e1st\u00f3l is f\u00fcgghetnek. A Yettel Prime+ tarif\u00e1iban p\u00e9ld\u00e1ul a belf\u00f6ldi korl\u00e1tlan adatkeretb\u0151l tarifacsomagt\u00f3l f\u00fcgg\u0151en 50 GB, 100 GB vagy korl\u00e1tlan adatmennyis\u00e9g haszn\u00e1lhat\u00f3 fel az EU roaming 1-es d\u00edjz\u00f3n\u00e1ban. M\u00e1s tarif\u00e1k \u00e9s d\u00edjz\u00f3n\u00e1k eset\u00e9ben j\u00f3 megold\u00e1st jelentenek a\u00a0roaming-adatjegyek, amelyekkel biztons\u00e1gosan, a k\u00f6lts\u00e9gek miatti agg\u00f3d\u00e1s n\u00e9lk\u00fcl lehet mobilnetezni k\u00fclf\u00f6ld\u00f6n.<\/p>\n<p style=\"font-weight: 400;\">A borsos roamingsz\u00e1ml\u00e1t\u00f3l az \u00fan.\u00a0magasforgalmi limit, \u00e9s a\u00a0NetRoaming-figyel\u0151 szolg\u00e1ltat\u00e1sok\u00a0v\u00e9denek meg. Az el\u0151bbivel el\u0151fizet\u00e9s\u00fcnket egy \u00fan. magasforgalmi \u00f6sszeghat\u00e1rig haszn\u00e1lhatjuk. Ha el\u00e9rj\u00fck ennek 80%-\u00e1t, SMS-ben \u00e9rkezik figyelmeztet\u00e9s, 100%-n\u00e1l pedig a szolg\u00e1ltat\u00f3 korl\u00e1tozza a forgalmat \u2013 ez k\u00fclf\u00f6ld\u00f6n els\u0151sorban a h\u00edv\u00e1sok \u00e9s az SMS korl\u00e1toz\u00e1s\u00e1t jelenti, de adathaszn\u00e1lat eset\u00e9n is bel\u00e9p. A szolg\u00e1ltat\u00e1s automatikus, ez\u00e9rt ha el\u0151re tudjuk, hogy k\u00fclf\u00f6ld\u00f6n szeretn\u00e9nk a keretn\u00e9l t\u00f6bbet mobilozni, \u00e9rdemes limitemel\u00e9st k\u00e9rni. A NetRoaming-figyel\u0151 pedig kifejezetten az adatroaming-forgalom eset\u00e9ben szab meg egy fels\u0151 k\u00f6lt\u00e9si hat\u00e1rt az adott h\u00f3napra. Ez is automatikus szolg\u00e1ltat\u00e1s, de lemondhat\u00f3, illetve magasabb limit be\u00e1ll\u00edt\u00e1s\u00e1ra is van lehet\u0151s\u00e9g.<\/p>\n<p style=\"font-weight: 400;\"><strong>Roamingbalesetek ellen<\/strong><\/p>\n<p style=\"font-weight: 400;\">A mobilos alkalmaz\u00e1sok automatikus friss\u00edt\u00e9se nagy adatforgalmat gener\u00e1lhat, ami roaming k\u00f6rnyezetben magasabb k\u00f6lts\u00e9gekkel j\u00e1rhat. \u00c9rdemes utaz\u00e1s el\u0151tt ezt kikapcsolni a k\u00e9sz\u00fcl\u00e9k be\u00e1ll\u00edt\u00e1saiban. Ha egy\u00e1ltal\u00e1n nem szeretn\u00e9nk k\u00fclf\u00f6ld\u00f6n haszn\u00e1lni a mobilinternetet, akkor kapacsoljuk ki az adatroamingot, vagy a teljes mobil adatforgalmat.<\/p>\n<p style=\"font-weight: 400;\">Azt is j\u00f3 tudni, hogy k\u00fclf\u00f6ldi h\u00e1l\u00f3zatra ker\u00fclhet\u00fcnk akkor is, ha ak\u00e1r csak az idegen orsz\u00e1g hat\u00e1r\u00e1nak a k\u00f6zel\u00e9ben j\u00e1runk, ami k\u00fcl\u00f6n\u00f6sen akkor jelenthet gondot, ha nem EU 1-es roaming d\u00edjz\u00f3n\u00e1ba tartoz\u00f3 orsz\u00e1gr\u00f3l van sz\u00f3. P\u00e9ld\u00e1ul az EU-tag Bulg\u00e1ri\u00e1ban utazunk aut\u00f3val, \u00e9s a hat\u00e1r k\u00f6zel\u00e9ben a mobilunk a nem EU-tag Szerbia vagy Maced\u00f3nia mobilh\u00e1l\u00f3zat\u00e1ra csatlakozik, ahol a 2-es, illetve a 3-as d\u00edjz\u00f3na felt\u00e9telei \u00e9rv\u00e9nyesek. Ha szeretn\u00e9nk elker\u00fclni, hogy a mobil v\u00e9letlen\u00fcl m\u00e1sik h\u00e1l\u00f3zatra v\u00e1ltson, a k\u00e9sz\u00fcl\u00e9ken az Automatikus h\u00e1l\u00f3zatkeres\u00e9st \u00e1ll\u00edtsuk \u00e1t K\u00e9zi h\u00e1l\u00f3zatv\u00e1laszt\u00e1sra.<\/p>\n<p style=\"font-weight: 400;\"><strong>Szolg\u00e1ltat\u00e1sok min\u0151s\u00e9ge roaming sor\u00e1n<\/strong><br \/>\nVil\u00e1gviszonylatban a magyarorsz\u00e1gi h\u00e1l\u00f3zatok min\u0151s\u00e9ge \u00e9s lefedetts\u00e9g kiemelked\u0151. A hat\u00e1rokon t\u00fal azonban nem az itthoni, hanem a k\u00fclf\u00f6ldi szolg\u00e1ltat\u00f3k h\u00e1l\u00f3zat\u00e1t haszn\u00e1ljuk, \u00edgy el\u0151fordulhat, hogy a szolg\u00e1ltat\u00e1s min\u0151s\u00e9ge nem a megszokott, p\u00e9ld\u00e1ul sok helyen nincs megfelel\u0151 t\u00e9rer\u0151. De ugyan\u00edgy az \u00fajabb technol\u00f3gi\u00e1k el\u00e9rhet\u0151s\u00e9ge is orsz\u00e1gonk\u00e9nt \u00e9s szolg\u00e1ltat\u00f3nk\u00e9nt v\u00e1ltozik, azaz m\u00edg itthon 5G szolg\u00e1ltat\u00e1st is el\u00e9r\u00fcnk, a k\u00fclf\u00f6ldi \u00fat sor\u00e1n lehet, hogy ez nem \u00e1ll rendelkez\u00e9s\u00fcnkre.<\/p>\n<p style=\"font-weight: 400;\">Utaz\u00e1s el\u0151tt \u00e9rdemes ellen\u0151rizni az adott orsz\u00e1gban el\u00e9rhet\u0151 szolg\u00e1ltat\u00f3k list\u00e1j\u00e1t. Esetleges csatlakoz\u00e1si hiba eset\u00e9n \u00e9rdemes be\u00e1ll\u00edtani a manu\u00e1lis h\u00e1l\u00f3zatv\u00e1laszt\u00e1st. Tov\u00e1bb\u00e1 hasznos, ha telefonunkban eleve nemzetk\u00f6zi form\u00e1tumban t\u00e1roljuk a telefonsz\u00e1mokat, vagyis a 06 helyett haszn\u00e1ljuk a +36 nemzetk\u00f6zi el\u0151h\u00edv\u00f3t.<\/p>\n<p style=\"font-weight: 400;\"><strong>\u00a0<\/strong><\/p>\n<p style=\"font-weight: 400;\"><strong>\u00cdgy lehet teljesen felh\u0151tlen a nyaral\u00e1s<\/strong><\/p>\n<p style=\"font-weight: 400;\">A nyaral\u00e1sra m\u00e1r egy \u00faj okostelefonnal felszerelkezve indulhatunk el, ha most v\u00e1lasztunk a Yettel kedvezm\u00e9nyes k\u00e9sz\u00fcl\u00e9kei k\u00f6z\u00fcl. A\u00a0Xiaomi Redmi Note 12\u00a0ak\u00e1r 0 Ft-\u00e9rt elvihet\u0151 Prime Plus+ tarif\u00e1val, melynek 50 MP-es h\u00e1tlapi f\u0151kamer\u00e1ja seg\u00edt \u00e9leth\u0171en meg\u00f6r\u00f6k\u00edteni a nyaral\u00e1s legszebb pillanatait. Emellett a b\u00e1rmelyik Prime+ tarif\u00e1val ak\u00e1r 0 Ft kezd\u0151r\u00e9szlettel elvihet\u0151\u00a0Samsung Galaxy A34\u00a05G\u00a0\u00e9s\u00a0Samsung Galaxy A54 5G\u00a0k\u00e9sz\u00fcl\u00e9kek v\u00edz- \u00e9s por\u00e1ll\u00f3s\u00e1ga igaz\u00e1n k\u00f6tetlen pillanatokat biztos\u00edtanak az utaz\u00e1s sor\u00e1n. Az aj\u00e1nlatok j\u00fanius 28-ig, vagy a k\u00e9szlet erej\u00e9ig \u00e9rv\u00e9nyesek 2 \u00e9v h\u0171s\u00e9ggel \u00e9s e-Komfort csomaggal.<\/p>\n<p style=\"font-weight: 400;\">Tov\u00e1bbi inform\u00e1ci\u00f3:\u00a0\u00a0<a href=\"https:\/\/www.yettel.hu\/roaming\" data-saferedirecturl=\"https:\/\/www.google.com\/url?q=https:\/\/www.yettel.hu\/roaming&amp;source=gmail&amp;ust=1686650004976000&amp;usg=AOvVaw1t2fMsVSdjsE9ilPzC7iWD\" target=\"_blank\" rel=\"noopener\">https:\/\/www.yettel.hu\/roaming<\/a><\/p>\n","protected":false},"excerpt":{"rendered":"<p>Term\u00e9szetesnek vessz\u00fck, hogy mobilon szinte b\u00e1rhol \u00e9s b\u00e1rmikor el\u00e9rhet\u0151k vagyunk, \u00e9s err\u0151l nem sz\u00edvesen mondunk le m\u00e1s orsz\u00e1gban sem. Szerencs\u00e9re a k\u00fclf\u00f6ldi mobilhaszn\u00e1lat, azaz a roaming az ut\u00f3bbi \u00e9vekben nagyban egyszer\u0171s\u00f6d\u00f6tt \u2013 k\u00fcl\u00f6n\u00f6sen az Eur\u00f3pai Uni\u00f3 tag\u00e1llamaiban \u00e9s az 1-es d\u00edjz\u00f3na egy\u00e9b orsz\u00e1gaiban. Ugyanakkor a d\u00edjak \u00e9s felt\u00e9telek m\u00e1s d\u00edjz\u00f3n\u00e1kban jelent\u0151sen k\u00fcl\u00f6nb\u00f6zhetnek, illetve a haszn\u00e1lt &#8230;<\/p>\n","protected":false},"author":1001010,"featured_media":0,"comment_status":"open","ping_status":"open","sticky":false,"template":"","format":"standard","meta":[],"categories":[19],"tags":[],"_links":{"self":[{"href":"https:\/\/gazdasagportal.hu\/index.php\/wp-json\/wp\/v2\/posts\/143919"}],"collection":[{"href":"https:\/\/gazdasagportal.hu\/index.php\/wp-json\/wp\/v2\/posts"}],"about":[{"href":"https:\/\/gazdasagportal.hu\/index.php\/wp-json\/wp\/v2\/types\/post"}],"author":[{"embeddable":true,"href":"https:\/\/gazdasagportal.hu\/index.php\/wp-json\/wp\/v2\/users\/1001010"}],"replies":[{"embeddable":true,"href":"https:\/\/gazdasagportal.hu\/index.php\/wp-json\/wp\/v2\/comments?post=143919"}],"version-history":[{"count":1,"href":"https:\/\/gazdasagportal.hu\/index.php\/wp-json\/wp\/v2\/posts\/143919\/revisions"}],"predecessor-version":[{"id":143920,"href":"https:\/\/gazdasagportal.hu\/index.php\/wp-json\/wp\/v2\/posts\/143919\/revisions\/143920"}],"wp:attachment":[{"href":"https:\/\/gazdasagportal.hu\/index.php\/wp-json\/wp\/v2\/media?parent=143919"}],"wp:term":[{"taxonomy":"category","embeddable":true,"href":"https:\/\/gazdasagportal.hu\/index.php\/wp-json\/wp\/v2\/categories?post=143919"},{"taxonomy":"post_tag","embeddable":true,"href":"https:\/\/gazdasagportal.hu\/index.php\/wp-json\/wp\/v2\/tags?post=143919"}],"curies":[{"name":"wp","href":"https:\/\/api.w.org\/{rel}","templated":true}]}}