{"id":143867,"date":"2023-06-05T21:47:58","date_gmt":"2023-06-05T19:47:58","guid":{"rendered":"https:\/\/gazdasagportal.hu\/?p=143867"},"modified":"2023-06-05T21:47:58","modified_gmt":"2023-06-05T19:47:58","slug":"moodys-szigorodo-finanszirozasi-kondiciok-lassitjak-az-iden-a-vilaggazdasag-novekedeset","status":"publish","type":"post","link":"https:\/\/gazdasagportal.hu\/index.php\/moodys-szigorodo-finanszirozasi-kondiciok-lassitjak-az-iden-a-vilaggazdasag-novekedeset\/","title":{"rendered":"Moody&#8217;s: szigorod\u00f3 finansz\u00edroz\u00e1si kond\u00edci\u00f3k lass\u00edtj\u00e1k az id\u00e9n a vil\u00e1ggazdas\u00e1g n\u00f6veked\u00e9s\u00e9t"},"content":{"rendered":"<p><strong>A szigorod\u00f3 finansz\u00edroz\u00e1si kond\u00edci\u00f3k, k\u00f6zt\u00fck az emelked\u0151 hitelk\u00f6lts\u00e9gek miatt az id\u00e9n v\u00e1rhat\u00f3an jelent\u0151sen lassul a vil\u00e1ggazdas\u00e1g n\u00f6veked\u00e9si \u00fcteme, \u00e9s ennek els\u0151dleges oka a fejlett ipari gazdas\u00e1gok n\u00f6veked\u00e9si lend\u00fclet\u00e9nek megtorpan\u00e1sa &#8211; \u00e1ll a Moody&#8217;s Investors Service h\u00e9tf\u0151n Londonban bemutatott glob\u00e1lis el\u0151rejelz\u00e9s\u00e9ben.<\/strong><!--more--><\/p>\n<div class=\"ads-in-post2\"><script async src=\"https:\/\/pagead2.googlesyndication.com\/pagead\/js\/adsbygoogle.js\"><\/script>\r\n<ins class=\"adsbygoogle\"\r\n     style=\"display:block\"\r\n     data-ad-format=\"fluid\"\r\n     data-ad-layout-key=\"-6t+ed+2i-1n-4w\"\r\n     data-ad-client=\"ca-pub-1959107119989764\"\r\n     data-ad-slot=\"4008251320\"><\/ins>\r\n<script>\r\n     (adsbygoogle = window.adsbygoogle || []).push({});\r\n<\/script><\/div>\n<p>    A nemzetk\u00f6zi hitelmin\u0151s\u00edt\u0151 \u00e1tfog\u00f3 progn\u00f3zisa szerint a vil\u00e1ggazdas\u00e1gi szinten megtermelt hazai \u00f6sszterm\u00e9k (GDP) 80 sz\u00e1zal\u00e9k\u00e1t el\u0151\u00e1ll\u00edt\u00f3 h\u00fasz legnagyobb fejlett \u00e9s felt\u00f6rekv\u0151 gazdas\u00e1g csoportj\u00e1ban (G20) az id\u00e9n \u00e1tlagosan 2,1 sz\u00e1zal\u00e9kos, j\u00f6v\u0151re 2,2 sz\u00e1zal\u00e9kos n\u00f6veked\u00e9s v\u00e1rhat\u00f3 a tavaly m\u00e9rt 2,7 sz\u00e1zal\u00e9kos csoportszint\u0171 b\u0151v\u00fcl\u00e9s ut\u00e1n.<br \/>\n    A Moody&#8217;s sz\u00e1m\u00edt\u00e1sai szerint ugyanakkor az idei \u00e1tlagon bel\u00fcl a magasan fejlett G20-gazdas\u00e1gok &#8211; k\u00f6zt\u00fck az Egyes\u00fclt \u00c1llamok, Jap\u00e1n, N\u00e9metorsz\u00e1g \u00e9s Nagy-Britannia &#8211; egy\u00fcttes GDP-n\u00f6veked\u00e9se a tavalyi 2,3 sz\u00e1zal\u00e9k ut\u00e1n az id\u00e9n mind\u00f6ssze 0,9 sz\u00e1zal\u00e9kos lesz, a csoport felt\u00f6rekv\u0151 tagjai &#8211; m\u00e1sok mellett K\u00edna, India \u00e9s Braz\u00edlia &#8211; viszont \u00e1tlagosan 3,9 sz\u00e1zal\u00e9kkal b\u0151v\u00fclnek.<br \/>\n    Ez azt jelenti, hogy a H\u00faszak felt\u00f6rekv\u0151 gazdas\u00e1gai az id\u00e9n &#8211; a fejlett G20-gazdas\u00e1gokkal ellent\u00e9tben &#8211; m\u00e9g gyorsulnak is, a felt\u00f6rekv\u0151 G20-csoportban ugyanis tavaly \u00e1tlagosan 3,5 sz\u00e1zal\u00e9kos re\u00e1ln\u00f6veked\u00e9st m\u00e9rtek.<br \/>\n    A G20 fejlett gazdas\u00e1gaiban a Moody&#8217;s 2024-re is csak 1 sz\u00e1zal\u00e9kos, a felt\u00f6rekv\u0151 G20-orsz\u00e1gokban ugyanakkor 4 sz\u00e1zal\u00e9kos \u00e1tlagn\u00f6veked\u00e9sre sz\u00e1m\u00edt.<br \/>\n    Az ukrajnai h\u00e1bor\u00fa miatt szankci\u00f3kkal s\u00fajtott Oroszorsz\u00e1gban a hitelmin\u0151s\u00edt\u0151 az id\u00e9n 3,1 sz\u00e1zal\u00e9kos gazdas\u00e1gi visszaes\u00e9st, 2024 eg\u00e9sz\u00e9ben 0,7 sz\u00e1zal\u00e9kos n\u00f6veked\u00e9st v\u00e1r.<br \/>\n    A Moody&#8217;s el\u0151rejelz\u00e9se szerint K\u00edn\u00e1ban, a G20-csoport legnagyobb felt\u00f6rekv\u0151 gazdas\u00e1g\u00e1ban 2023-ban 5 sz\u00e1zal\u00e9kkal, 2024-ben 4,5 sz\u00e1zal\u00e9kkal b\u0151v\u00fclhet re\u00e1l\u00e9rt\u00e9ken sz\u00e1molva a hazai \u00f6sszterm\u00e9k.<br \/>\n    A c\u00e9g az Egyes\u00fclt \u00c1llamokban az id\u00e9n 1,1 sz\u00e1zal\u00e9kos, j\u00f6v\u0151re 0,9 sz\u00e1zal\u00e9kos, az eur\u00f3\u00f6vezetben &#8211; amely k\u00fcl\u00f6n is tagja a G20-nak &#8211; 0,7, illetve 1,2 sz\u00e1zal\u00e9kos GDP-n\u00f6veked\u00e9ssel sz\u00e1mol.<br \/>\n    M\u00e1s nagy londoni h\u00e1zak is kedvez\u0151tlenebb glob\u00e1lis n\u00f6veked\u00e9si \u00e9s kereskedelmi kond\u00edci\u00f3kat j\u00f3solnak friss el\u0151rejelz\u00e9seikben a k\u00f6vetkez\u0151 egy \u00e9vre.<br \/>\n    A Fitch Ratings nemzetk\u00f6zi hitelmin\u0151s\u00edt\u0151 Londonban ismertetett \u00faj glob\u00e1lis szektorelemz\u00e9s\u00e9ben azt \u00e1llap\u00edtotta meg, hogy a koronav\u00edrus-j\u00e1rv\u00e1ny els\u0151 sokkj\u00e1t k\u00f6vet\u0151 k\u00e9t \u00e9v kiugr\u00f3 \u00fctem\u0171 kil\u00e1bal\u00e1sa ut\u00e1n az id\u00e9n meredeken lassulni kezdett a vil\u00e1gkereskedelem n\u00f6veked\u00e9si \u00fcteme.<br \/>\n    A Fitch londoni elemz\u0151i k\u00f6z\u00f6lt\u00e9k: sz\u00e1m\u00edt\u00e1saik szerint 2023 eg\u00e9sz\u00e9ben a glob\u00e1lis kereskedelem \u00e9rt\u00e9ke mind\u00f6ssze 1,9 sz\u00e1zal\u00e9kkal b\u0151v\u00fcl a tavaly m\u00e9rt 5,5 sz\u00e1zal\u00e9kos n\u00f6veked\u00e9s ut\u00e1n.<br \/>\n    A c\u00e9g kiemelte, hogy ez j\u00f3r\u00e9szt igazodik az \u00e1ltala v\u00e1rt vil\u00e1ggazdas\u00e1gi n\u00f6veked\u00e9si p\u00e1ly\u00e1hoz: a Fitch v\u00e1rakoz\u00e1sa szerint a glob\u00e1lis hazai \u00f6sszterm\u00e9k idei n\u00f6veked\u00e9si \u00fcteme 2 sz\u00e1zal\u00e9kra lassul a 2022-ben el\u00e9rt 2,7 sz\u00e1zal\u00e9kr\u00f3l.<br \/>\n    Mindezt a Fitch Ratings szak\u00e9rt\u0151i szerint is a monet\u00e1ris politika glob\u00e1lis szigor\u00edt\u00e1sa \u00e9s a k\u00f6lts\u00e9gvet\u00e9si \u00f6szt\u00f6nz\u0151k visszavon\u00e1sa, vagyis a p\u00e9nz\u00fcgyi \u00e9s hitelkond\u00edci\u00f3k szigorod\u00e1sa okozza.(MTI)<\/p>\n","protected":false},"excerpt":{"rendered":"<p>A szigorod\u00f3 finansz\u00edroz\u00e1si kond\u00edci\u00f3k, k\u00f6zt\u00fck az emelked\u0151 hitelk\u00f6lts\u00e9gek miatt az id\u00e9n v\u00e1rhat\u00f3an jelent\u0151sen lassul a vil\u00e1ggazdas\u00e1g n\u00f6veked\u00e9si \u00fcteme, \u00e9s ennek els\u0151dleges oka a fejlett ipari gazdas\u00e1gok n\u00f6veked\u00e9si lend\u00fclet\u00e9nek megtorpan\u00e1sa &#8211; \u00e1ll a Moody&#8217;s Investors Service h\u00e9tf\u0151n Londonban bemutatott glob\u00e1lis el\u0151rejelz\u00e9s\u00e9ben.<\/p>\n","protected":false},"author":1001010,"featured_media":0,"comment_status":"open","ping_status":"open","sticky":false,"template":"","format":"standard","meta":[],"categories":[19,246],"tags":[],"_links":{"self":[{"href":"https:\/\/gazdasagportal.hu\/index.php\/wp-json\/wp\/v2\/posts\/143867"}],"collection":[{"href":"https:\/\/gazdasagportal.hu\/index.php\/wp-json\/wp\/v2\/posts"}],"about":[{"href":"https:\/\/gazdasagportal.hu\/index.php\/wp-json\/wp\/v2\/types\/post"}],"author":[{"embeddable":true,"href":"https:\/\/gazdasagportal.hu\/index.php\/wp-json\/wp\/v2\/users\/1001010"}],"replies":[{"embeddable":true,"href":"https:\/\/gazdasagportal.hu\/index.php\/wp-json\/wp\/v2\/comments?post=143867"}],"version-history":[{"count":1,"href":"https:\/\/gazdasagportal.hu\/index.php\/wp-json\/wp\/v2\/posts\/143867\/revisions"}],"predecessor-version":[{"id":143868,"href":"https:\/\/gazdasagportal.hu\/index.php\/wp-json\/wp\/v2\/posts\/143867\/revisions\/143868"}],"wp:attachment":[{"href":"https:\/\/gazdasagportal.hu\/index.php\/wp-json\/wp\/v2\/media?parent=143867"}],"wp:term":[{"taxonomy":"category","embeddable":true,"href":"https:\/\/gazdasagportal.hu\/index.php\/wp-json\/wp\/v2\/categories?post=143867"},{"taxonomy":"post_tag","embeddable":true,"href":"https:\/\/gazdasagportal.hu\/index.php\/wp-json\/wp\/v2\/tags?post=143867"}],"curies":[{"name":"wp","href":"https:\/\/api.w.org\/{rel}","templated":true}]}}