{"id":143803,"date":"2023-05-24T10:53:26","date_gmt":"2023-05-24T08:53:26","guid":{"rendered":"https:\/\/gazdasagportal.hu\/?p=143803"},"modified":"2023-05-24T10:53:26","modified_gmt":"2023-05-24T08:53:26","slug":"a-penzugyminiszterium-iden-is-dijazza-a-penzugyi-tudatossagot","status":"publish","type":"post","link":"https:\/\/gazdasagportal.hu\/index.php\/a-penzugyminiszterium-iden-is-dijazza-a-penzugyi-tudatossagot\/","title":{"rendered":"A P\u00e9nz\u00fcgyminiszt\u00e9rium id\u00e9n is d\u00edjazza a p\u00e9nz\u00fcgyi tudatoss\u00e1got"},"content":{"rendered":"<p><strong>J\u00fanius 15-ig v\u00e1rja az oktat\u00e1si int\u00e9zm\u00e9nyek javaslat\u00e1t a P\u00e9nz\u00fcgyminiszt\u00e9rium (PM) a P\u00e9nz\u00fcgyi Tudatoss\u00e1g Fejleszt\u00e9s\u00e9\u00e9rt D\u00edjra, amellyel a p\u00e9nz\u00fcgyi tudatoss\u00e1g fejleszt\u00e9s\u00e9ben kimagasl\u00f3 tev\u00e9kenys\u00e9get v\u00e9gz\u0151 oktat\u00e1si int\u00e9zm\u00e9nyeket, pedag\u00f3gusokat, valamint az egyedi eredm\u00e9nyeket el\u00e9r\u0151 di\u00e1kokat d\u00edjazz\u00e1k  &#8211;  mondta Balogh L\u00e1szl\u00f3, a P\u00e9nz\u00fcgyminiszt\u00e9rium helyettes \u00e1llamtitk\u00e1ra a Kossuth r\u00e1di\u00f3 J\u00f3 reggelt, Magyarorsz\u00e1g! c\u00edm\u0171 m\u0171sor\u00e1ban szerd\u00e1n.<\/strong><!--more--><\/p>\n<div class=\"ads-in-post2\"><script async src=\"https:\/\/pagead2.googlesyndication.com\/pagead\/js\/adsbygoogle.js\"><\/script>\r\n<ins class=\"adsbygoogle\"\r\n     style=\"display:block\"\r\n     data-ad-format=\"fluid\"\r\n     data-ad-layout-key=\"-6t+ed+2i-1n-4w\"\r\n     data-ad-client=\"ca-pub-1959107119989764\"\r\n     data-ad-slot=\"4008251320\"><\/ins>\r\n<script>\r\n     (adsbygoogle = window.adsbygoogle || []).push({});\r\n<\/script><\/div>\n<p>    A korm\u00e1ny 2017-ben fogadott el egy h\u00e9t\u00e9ves strat\u00e9gi\u00e1j\u00e1t, a lakoss\u00e1g p\u00e9nz\u00fcgyi tudatoss\u00e1g\u00e1nak fejleszt\u00e9s\u00e9re \u00e9s ennek els\u0151dleges c\u00e9lcsoportja a fiatalok, a k\u00f6z\u00e9piskol\u00e1sok \u00e9s egyetemist\u00e1k, valamint azok a pedag\u00f3gusok, akik ezt a tud\u00e1sanyagot \u00e9lm\u00e9nyszer\u0171en \u00e1tadj\u00e1k a di\u00e1koknak.<br \/>\n    A negyedik alkalommal meghirdetett P\u00e9nz\u00fcgyi Tudatoss\u00e1g Fejleszt\u00e9s\u00e9\u00e9rt D\u00edjra int\u00e9zm\u00e9nyfenntart\u00f3k mellett iskolai sz\u00fcl\u0151i munkak\u00f6z\u00f6ss\u00e9gek terjeszthetnek fel jel\u00f6lteket.<br \/>\n    Balogh L\u00e1szl\u00f3 az M1 Ma Reggel ad\u00e1s\u00e1ban elmondta, az elm\u00falt t\u00edz \u00e9vben k\u00e9zzelfoghat\u00f3 volt a fejl\u0151d\u00e9s a p\u00e9nz\u00fcgyi tudatoss\u00e1g ter\u00fclet\u00e9n, jelent\u0151sen n\u0151tt a banksz\u00e1ml\u00e1t haszn\u00e1l\u00f3 fiatalok sz\u00e1ma \u00e9s k\u00f6r\u00fckben n\u00e9pszer\u0171 a k\u00e9szp\u00e9nzmentes fizet\u00e9s \u00e9s az online v\u00e1s\u00e1rl\u00e1s.<br \/>\n    A P\u00e9nz\u00fcgyi Tudatoss\u00e1g Fejleszt\u00e9s\u00e9\u00e9rt D\u00edjakat szeptemberben adj\u00e1k \u00e1t. A d\u00edj mell\u00e9 p\u00e9nzjutalom is j\u00e1r: iskol\u00e1k eset\u00e9ben 2 milli\u00f3 forint, a pedag\u00f3gusok \u00e9s di\u00e1kok 500 ezer illetve 150 ezer forint jutalomban r\u00e9szes\u00fclnek &#8211; mondta.(MTI)<\/p>\n","protected":false},"excerpt":{"rendered":"<p>J\u00fanius 15-ig v\u00e1rja az oktat\u00e1si int\u00e9zm\u00e9nyek javaslat\u00e1t a P\u00e9nz\u00fcgyminiszt\u00e9rium (PM) a P\u00e9nz\u00fcgyi Tudatoss\u00e1g Fejleszt\u00e9s\u00e9\u00e9rt D\u00edjra, amellyel a p\u00e9nz\u00fcgyi tudatoss\u00e1g fejleszt\u00e9s\u00e9ben kimagasl\u00f3 tev\u00e9kenys\u00e9get v\u00e9gz\u0151 oktat\u00e1si int\u00e9zm\u00e9nyeket, pedag\u00f3gusokat, valamint az egyedi eredm\u00e9nyeket el\u00e9r\u0151 di\u00e1kokat d\u00edjazz\u00e1k &#8211; mondta Balogh L\u00e1szl\u00f3, a P\u00e9nz\u00fcgyminiszt\u00e9rium helyettes \u00e1llamtitk\u00e1ra a Kossuth r\u00e1di\u00f3 J\u00f3 reggelt, Magyarorsz\u00e1g! c\u00edm\u0171 m\u0171sor\u00e1ban szerd\u00e1n.<\/p>\n","protected":false},"author":1001010,"featured_media":0,"comment_status":"open","ping_status":"open","sticky":false,"template":"","format":"standard","meta":[],"categories":[19],"tags":[],"_links":{"self":[{"href":"https:\/\/gazdasagportal.hu\/index.php\/wp-json\/wp\/v2\/posts\/143803"}],"collection":[{"href":"https:\/\/gazdasagportal.hu\/index.php\/wp-json\/wp\/v2\/posts"}],"about":[{"href":"https:\/\/gazdasagportal.hu\/index.php\/wp-json\/wp\/v2\/types\/post"}],"author":[{"embeddable":true,"href":"https:\/\/gazdasagportal.hu\/index.php\/wp-json\/wp\/v2\/users\/1001010"}],"replies":[{"embeddable":true,"href":"https:\/\/gazdasagportal.hu\/index.php\/wp-json\/wp\/v2\/comments?post=143803"}],"version-history":[{"count":1,"href":"https:\/\/gazdasagportal.hu\/index.php\/wp-json\/wp\/v2\/posts\/143803\/revisions"}],"predecessor-version":[{"id":143804,"href":"https:\/\/gazdasagportal.hu\/index.php\/wp-json\/wp\/v2\/posts\/143803\/revisions\/143804"}],"wp:attachment":[{"href":"https:\/\/gazdasagportal.hu\/index.php\/wp-json\/wp\/v2\/media?parent=143803"}],"wp:term":[{"taxonomy":"category","embeddable":true,"href":"https:\/\/gazdasagportal.hu\/index.php\/wp-json\/wp\/v2\/categories?post=143803"},{"taxonomy":"post_tag","embeddable":true,"href":"https:\/\/gazdasagportal.hu\/index.php\/wp-json\/wp\/v2\/tags?post=143803"}],"curies":[{"name":"wp","href":"https:\/\/api.w.org\/{rel}","templated":true}]}}