{"id":143778,"date":"2023-05-20T15:53:38","date_gmt":"2023-05-20T13:53:38","guid":{"rendered":"https:\/\/gazdasagportal.hu\/?p=143778"},"modified":"2023-05-20T11:54:14","modified_gmt":"2023-05-20T09:54:14","slug":"megvalasztotta-elnoket-es-tanacsanak-tagjait-a-kovetkezo-ket-evre-a-bcch","status":"publish","type":"post","link":"https:\/\/gazdasagportal.hu\/index.php\/megvalasztotta-elnoket-es-tanacsanak-tagjait-a-kovetkezo-ket-evre-a-bcch\/","title":{"rendered":"Megv\u00e1lasztotta eln\u00f6k\u00e9t \u00e9s tan\u00e1cs\u00e1nak tagjait a k\u00f6vetkez\u0151 k\u00e9t \u00e9vre a BCCH"},"content":{"rendered":"<p><strong>A tegnapi napon ker\u00fclt sor a Magyarorsz\u00e1gi Brit Kereskedelmi Kamara (British Chamber of Commerce in Hungary \u2013 BCCH) \u00e9ves k\u00f6zgy\u0171l\u00e9s\u00e9re. Ennek keret\u00e9ben \u00fajfent megv\u00e1lasztott\u00e1k Duncan Grahamet a szervezet eln\u00f6k\u00e9nek, valamint \u00faj tagok is csatlakoztak a Kamara Tan\u00e1cs\u00e1hoz. A most kialakult tan\u00e1cs kinevez\u00e9se a k\u00f6vetkez\u0151 k\u00e9t \u00e9vre sz\u00f3l.<\/strong><!--more--><\/p>\n<div class=\"ads-in-post2\"><script async src=\"https:\/\/pagead2.googlesyndication.com\/pagead\/js\/adsbygoogle.js\"><\/script>\r\n<ins class=\"adsbygoogle\"\r\n     style=\"display:block\"\r\n     data-ad-format=\"fluid\"\r\n     data-ad-layout-key=\"-6t+ed+2i-1n-4w\"\r\n     data-ad-client=\"ca-pub-1959107119989764\"\r\n     data-ad-slot=\"4008251320\"><\/ins>\r\n<script>\r\n     (adsbygoogle = window.adsbygoogle || []).push({});\r\n<\/script><\/div>\n<p>A BCCH a m\u00e1jus 17-\u00e9n megtartott k\u00f6zgy\u0171l\u00e9s\u00e9n \u00fajrav\u00e1lasztotta a kamara eln\u00f6ki poz\u00edci\u00f3j\u00e1ra <strong>Duncan Graham<\/strong>et<strong>, a G&amp;G Wealth Limited <\/strong>p\u00e9nz\u00fcgyi \u00e9s befektet\u00e9si tan\u00e1csad\u00f3 c\u00e9g<strong> \u00fcgyvezet\u0151 igazgat\u00f3j\u00e1t<\/strong>. Duncan Graham m\u00e9g 2012-ben alap\u00edtotta a G&amp;G Wealth Limitedet, el\u0151tte pedig a Newton Barr p\u00e9nz\u00fcgyi tan\u00e1csad\u00e1ssal foglalkoz\u00f3 v\u00e1llalat \u00e9s az Alliance szenior tan\u00e1csad\u00f3jak\u00e9nt dolgozott az Egyes\u00fclt Kir\u00e1lys\u00e1gban. Mindemellett \u0151 a magyarorsz\u00e1gi St Andrew\u2019s Egyes\u00fclet eln\u00f6ke, mely a sk\u00f3t kult\u00fara n\u00e9pszer\u0171s\u00edt\u00e9se mellett karitat\u00edv tev\u00e9kenys\u00e9get is folytat, els\u0151sorban h\u00e1tr\u00e1nyos helyzet\u0171 \u00e9s beteg gyermekek megseg\u00edt\u00e9s\u00e9re. Az \u00fajabb k\u00e9t \u00e9vre sz\u00f3l\u00f3 megb\u00edzat\u00e1s\u00e1val tov\u00e1bbra is Duncan Graham marad a BCCH eln\u00f6ke, mely poz\u00edci\u00f3t 2019 j\u00faniusa \u00f3ta t\u00f6lti be.<\/p>\n<p>A Magyarorsz\u00e1gi Brit Kereskedelmi Kamara \u00fajrav\u00e1lasztott eln\u00f6ke elmondta: <em>\u201eIzgatottan v\u00e1rjuk, hogy a dinamikus \u00faj vezet\u0151s\u00e9g\u00fcnk seg\u00edts\u00e9g\u00e9vel tov\u00e1bb n\u00f6velhess\u00fck a sikereinket!\u201d<\/em><\/p><div id=\"gazda-1623128038\" class=\"gazda-tartalomban gazda-entity-placement\"><script async src=\"https:\/\/pagead2.googlesyndication.com\/pagead\/js\/adsbygoogle.js\"><\/script>\r\n<ins class=\"adsbygoogle\"\r\n     style=\"display:block\"\r\n     data-ad-format=\"fluid\"\r\n     data-ad-layout-key=\"-6t+ed+2i-1n-4w\"\r\n     data-ad-client=\"ca-pub-1959107119989764\"\r\n     data-ad-slot=\"4008251320\"><\/ins>\r\n<script>\r\n     (adsbygoogle = window.adsbygoogle || []).push({});\r\n<\/script><\/div>\n<p>&nbsp;<\/p>\n<p>Duncan Graham nagyon sikeresnek \u00edt\u00e9lte meg az elm\u00falt id\u0151szakot. Besz\u00e9d\u00e9ben kiemelte Kalocsai Kinga szervez\u0151i munk\u00e1j\u00e1t, ami n\u00e9pszer\u0171nek bizonyult a tagok k\u00f6r\u00e9ben. Megk\u00f6sz\u00f6nte Paul Fox, Andrew Davidson \u00e9s a teljes nagyk\u00f6vets\u00e9g t\u00e1mogat\u00e1s\u00e1t. Kit\u00e9rt m\u00e9g a \u201cRoyal Ascot\u201d esem\u00e9ny\u00e9re \u00e9s a kar\u00e1csonyi \u00fcnneps\u00e9gre, amelyekre az elm\u00falt \u00e9v legjelent\u0151sebb pillanataik\u00e9nt hivatkozott. A j\u00e1rv\u00e1ny\u00fcgyi korl\u00e1toz\u00e1sok al\u00f3l felszabadulva tov\u00e1bb dolgoztak a kamara modernebb\u00e9 t\u00e9tel\u00e9n \u00e9s siker\u00fclt tov\u00e1bbi tagokkal b\u0151v\u00fclni, illetve meg\u0151rzni a j\u00f3 viszonyt a m\u00e1r megl\u00e9v\u0151ekkel. V\u00e9g\u00fcl pedig megk\u00f6sz\u00f6nte a teljes BCCH csapat elm\u00falt \u00e9vi munk\u00e1j\u00e1t.<\/p>\n<p>A m\u00e1jus 17-i k\u00f6zgy\u0171l\u00e9sen t\u00f6bb visszat\u00e9r\u0151 \u00e9s \u00faj tag is szerepelt a jel\u00f6ltek k\u00f6z\u00f6tt, akik szak\u00e9rtelm\u00fcknek, elk\u00f6telezetts\u00e9g\u00fcknek \u00e9s ipar\u00e1gi tud\u00e1suknak k\u00f6sz\u00f6nhet\u0151en a j\u00f6v\u0151ben tov\u00e1bb dolgozhatnak a BCCH szervezet\u00e9nek siker\u00e9n.<\/p>\n<p><strong>\u00a0<\/strong><\/p>\n<p><strong>A BCCH Tan\u00e1cs\u00e1nak megv\u00e1lasztott tagjai (\u00faj tagok kiemelve):<\/p>\n<p><\/strong>Eln\u00f6k:<\/p>\n<ol>\n<li>Duncan Graham &#8211; G&amp;G Wealth<\/li>\n<\/ol>\n<p>&nbsp;<\/p>\n<p>Tan\u00e1cs:<\/p>\n<ol>\n<li>Douglas Arnott &#8211; EDMF<\/li>\n<li>Oelberg K\u00e1roly &#8211; AACM Central Europe Ltd.<\/li>\n<li>Tam\u00e1s Simonyi &#8211; KPMG<\/li>\n<li><strong>Cynthia G\u00e1sp\u00e1r &#8211; Raiffeisen Bank<\/strong><\/li>\n<li><strong>Enik\u0151 Tomor &#8211; Tomor Properties<\/strong><\/li>\n<li>Andr\u00e1s M\u00f3dos &#8211; EY<\/li>\n<li><strong>Paul Fegan &#8211; Ecosse World Logistics<\/strong><\/li>\n<\/ol>\n<p><strong>A BCCH-r\u00f3l<\/strong><\/p>\n<p>A Magyarorsz\u00e1gi Brit Kereskedelmi Kamara f\u00fcggetlen non-profit szervezet, amelyet brit befektet\u0151k alap\u00edtottak 1991-ben. C\u00e9lja, hogy k\u00e9pviselje azokat a brit, magyar \u00e9s nemzetk\u00f6zi v\u00e1llalatokat, amelyek a brit \u00fczleti \u00e9rt\u00e9krendet k\u00f6vetve m\u0171k\u00f6dnek, \u00e9s emellett n\u00e9pszer\u0171s\u00edtse \u00e9s t\u00e1mogassa a brit-magyar kereskedelmi \u00e9s befektet\u00e9si folyamatokat. A kamara sz\u00e1mos lehet\u0151s\u00e9get biztos\u00edt tagjai sz\u00e1m\u00e1ra, hogy v\u00e1llalatuk h\u00edr\u00e9t n\u00f6velj\u00e9k \u00e9s versenyk\u00e9pess\u00e9g\u00fcket er\u0151s\u00edts\u00e9k a helyi \u00e9s nemzetk\u00f6zi piacokon egyar\u00e1nt. A kamara sz\u00e1mos szakmai esem\u00e9nyt szervez, kiadv\u00e1nyokat k\u00e9sz\u00edt, el\u0151seg\u00edti a nemzetk\u00f6zi \u00e9s region\u00e1lis \u00fczleti kapcsolatok fejl\u0151d\u00e9s\u00e9t, \u00fczleti szolg\u00e1ltat\u00e1sokat biztos\u00edt a BCCH tagok \u00e9s a kamara hossz\u00fa t\u00e1v\u00fa helyi tapasztalat\u00e1ra \u00e9s tud\u00e1sb\u00e1zis\u00e1ra \u00e9p\u00edtve, valamint egyedi \u00fczleti lehet\u0151s\u00e9geket \u00e9s kedvezm\u00e9nyeket biztos\u00edt tagjainak.<\/p>\n<p>&nbsp;<\/p>\n","protected":false},"excerpt":{"rendered":"<p>A tegnapi napon ker\u00fclt sor a Magyarorsz\u00e1gi Brit Kereskedelmi Kamara (British Chamber of Commerce in Hungary \u2013 BCCH) \u00e9ves k\u00f6zgy\u0171l\u00e9s\u00e9re. Ennek keret\u00e9ben \u00fajfent megv\u00e1lasztott\u00e1k Duncan Grahamet a szervezet eln\u00f6k\u00e9nek, valamint \u00faj tagok is csatlakoztak a Kamara Tan\u00e1cs\u00e1hoz. A most kialakult tan\u00e1cs kinevez\u00e9se a k\u00f6vetkez\u0151 k\u00e9t \u00e9vre sz\u00f3l.<\/p>\n","protected":false},"author":1001010,"featured_media":0,"comment_status":"open","ping_status":"open","sticky":false,"template":"","format":"standard","meta":[],"categories":[19],"tags":[],"_links":{"self":[{"href":"https:\/\/gazdasagportal.hu\/index.php\/wp-json\/wp\/v2\/posts\/143778"}],"collection":[{"href":"https:\/\/gazdasagportal.hu\/index.php\/wp-json\/wp\/v2\/posts"}],"about":[{"href":"https:\/\/gazdasagportal.hu\/index.php\/wp-json\/wp\/v2\/types\/post"}],"author":[{"embeddable":true,"href":"https:\/\/gazdasagportal.hu\/index.php\/wp-json\/wp\/v2\/users\/1001010"}],"replies":[{"embeddable":true,"href":"https:\/\/gazdasagportal.hu\/index.php\/wp-json\/wp\/v2\/comments?post=143778"}],"version-history":[{"count":1,"href":"https:\/\/gazdasagportal.hu\/index.php\/wp-json\/wp\/v2\/posts\/143778\/revisions"}],"predecessor-version":[{"id":143779,"href":"https:\/\/gazdasagportal.hu\/index.php\/wp-json\/wp\/v2\/posts\/143778\/revisions\/143779"}],"wp:attachment":[{"href":"https:\/\/gazdasagportal.hu\/index.php\/wp-json\/wp\/v2\/media?parent=143778"}],"wp:term":[{"taxonomy":"category","embeddable":true,"href":"https:\/\/gazdasagportal.hu\/index.php\/wp-json\/wp\/v2\/categories?post=143778"},{"taxonomy":"post_tag","embeddable":true,"href":"https:\/\/gazdasagportal.hu\/index.php\/wp-json\/wp\/v2\/tags?post=143778"}],"curies":[{"name":"wp","href":"https:\/\/api.w.org\/{rel}","templated":true}]}}