{"id":143727,"date":"2023-05-15T18:55:14","date_gmt":"2023-05-15T16:55:14","guid":{"rendered":"https:\/\/gazdasagportal.hu\/?p=143727"},"modified":"2023-05-15T18:55:14","modified_gmt":"2023-05-15T16:55:14","slug":"torok-valasztasok-recep-tayyip-erdogan-nyert-az-allamfovalasztason-de-masodik-fordulo-szukseges","status":"publish","type":"post","link":"https:\/\/gazdasagportal.hu\/index.php\/torok-valasztasok-recep-tayyip-erdogan-nyert-az-allamfovalasztason-de-masodik-fordulo-szukseges\/","title":{"rendered":"T\u00f6r\u00f6k v\u00e1laszt\u00e1sok &#8211; Recep Tayyip Erdogan nyert az \u00e1llamf\u0151v\u00e1laszt\u00e1son, de m\u00e1sodik fordul\u00f3 sz\u00fcks\u00e9ges"},"content":{"rendered":"<p><strong>Recep Tayyip Erdogan hivatalban l\u00e9v\u0151 eln\u00f6k 49,51 sz\u00e1zal\u00e9kkal megnyerte T\u00f6r\u00f6korsz\u00e1gban a vas\u00e1rnapi \u00e1llamf\u0151v\u00e1laszt\u00e1s els\u0151 fordul\u00f3j\u00e1t, de az abszol\u00fat t\u00f6bbs\u00e9g hi\u00e1ny\u00e1ban m\u00e1jus 28-\u00e1n m\u00e1sodik fordul\u00f3t sz\u00fcks\u00e9ges tartani &#8211; k\u00f6z\u00f6lte h\u00e9tf\u0151n Ahmet Yener, a t\u00f6r\u00f6k Legfels\u0151bb V\u00e1laszt\u00e1si Tan\u00e1cs (YSK) eln\u00f6ke ankarai sajt\u00f3t\u00e1j\u00e9koztat\u00f3j\u00e1n a belf\u00f6ldi szavazatok 100 sz\u00e1zal\u00e9k\u00e1nak feldolgozotts\u00e1g\u00e1n\u00e1l.<\/strong><!--more--><\/p>\n<div class=\"ads-in-post2\"><script async src=\"https:\/\/pagead2.googlesyndication.com\/pagead\/js\/adsbygoogle.js\"><\/script>\r\n<ins class=\"adsbygoogle\"\r\n     style=\"display:block\"\r\n     data-ad-format=\"fluid\"\r\n     data-ad-layout-key=\"-6t+ed+2i-1n-4w\"\r\n     data-ad-client=\"ca-pub-1959107119989764\"\r\n     data-ad-slot=\"4008251320\"><\/ins>\r\n<script>\r\n     (adsbygoogle = window.adsbygoogle || []).push({});\r\n<\/script><\/div>\n<p>    A nem hivatalos v\u00e9geredm\u00e9ny szerint Kemal Kilicdaroglu f\u0151 ellenz\u00e9ki jel\u00f6lt a szavazatok 44,88 sz\u00e1zal\u00e9k\u00e1t szerezte meg.<br \/>\n    A k\u00fclf\u00f6ldi szavazatok k\u00f6z\u00fcl 35 874 feldolgoz\u00e1sa m\u00e9g h\u00e1tra van, de \u00edgy is kijelenthet\u0151, hogy egyik jel\u00f6lt sem \u00e9rte el az 50 sz\u00e1zal\u00e9k plusz egy voksot &#8211; k\u00f6z\u00f6lte Ahmet Yener.<br \/>\n    A fennmarad\u00f3 n\u00e9h\u00e1ny sz\u00e1zal\u00e9kon k\u00e9t m\u00e1sik jel\u00f6lt osztozik, Sinan Ogan 5,17 sz\u00e1zal\u00e9kot, Muharrem Ince 0,44 sz\u00e1zal\u00e9kot kapott.<br \/>\n    A v\u00e1laszt\u00e1si tan\u00e1cs eln\u00f6ke jelezte: a hivatalos v\u00e9geredm\u00e9nyt m\u00e1jus 19-\u00e9n, p\u00e9nteken k\u00f6zlik.<br \/>\n    A m\u00e1jus 28-i m\u00e1sodik fordul\u00f3ban a most legjobban szerepl\u0151 k\u00e9t jel\u00f6lt m\u00e9rk\u0151zik meg, teh\u00e1t Erdogan \u00e9s Kilicdaroglu.<br \/>\n    Erdogan m\u00e9g nem reag\u00e1lt a bejelent\u00e9sre.<br \/>\n    Kilicdaroglu a hivatalos Twitter-fi\u00f3kj\u00e1n arra k\u00e9rte v\u00e1laszt\u00f3it, hogy ne fogja el \u0151ket a rem\u00e9nytelens\u00e9g. Hangoztatta: talpra \u00e1llnak, \u00e9s egy\u00fctt &#8222;hozz\u00e1k&#8221; a v\u00e1laszt\u00e1st. V\u00e9g\u00fcl csak az lesz, amit a n\u00e9p mond &#8211; h\u00fazta al\u00e1.<br \/>\n    Az YSK eln\u00f6ke a p\u00e1rhuzamosan tartott, egyfordul\u00f3s parlamenti v\u00e1laszt\u00e1s eredm\u00e9nyeit nem ismertette. Besz\u00e1molt viszont arr\u00f3l, hogy a v\u00e1laszt\u00e1si r\u00e9szv\u00e9tel belf\u00f6ld\u00f6n 88,92 sz\u00e1zal\u00e9kos, k\u00fclf\u00f6ld\u00f6n pedig 52,69 sz\u00e1zal\u00e9kos volt.<br \/>\n    A parlamenti v\u00e1laszt\u00e1son az Anadolu t\u00f6r\u00f6k \u00e1llami h\u00edr\u00fcgyn\u00f6ks\u00e9g \u00e1ltal k\u00f6z\u00f6lt adatok szerint, 99,86 sz\u00e1zal\u00e9kos feldolgozotts\u00e1g mellett a korm\u00e1nyoldali p\u00e1rtsz\u00f6vets\u00e9g, a N\u00e9p Sz\u00f6vets\u00e9ge jelenleg 49,46 sz\u00e1zal\u00e9kot tudhat mag\u00e1\u00e9nak, ami a korm\u00e1nyz\u00f3 iszlamista-konzervat\u00edv Igazs\u00e1g \u00e9s Fejl\u0151d\u00e9s P\u00e1rtj\u00e1nak (AKP) 267 mand\u00e1tumot jelentene a 600 f\u0151s t\u00f6rv\u00e9nyhoz\u00e1sban.<br \/>\n    A legnagyobb, Kilicdaroglu \u00e9s p\u00e1rtja, a K\u00f6zt\u00e1rsas\u00e1gi N\u00e9pp\u00e1rt (CHP) vezette ellenz\u00e9ki p\u00e1rtsz\u00f6vets\u00e9g, a Nemzet Sz\u00f6vets\u00e9ge 35,02 sz\u00e1zal\u00e9ka 169 mand\u00e1tumot hozna a CHP-nek a parlamentben.(MTI)<\/p>\n","protected":false},"excerpt":{"rendered":"<p>Recep Tayyip Erdogan hivatalban l\u00e9v\u0151 eln\u00f6k 49,51 sz\u00e1zal\u00e9kkal megnyerte T\u00f6r\u00f6korsz\u00e1gban a vas\u00e1rnapi \u00e1llamf\u0151v\u00e1laszt\u00e1s els\u0151 fordul\u00f3j\u00e1t, de az abszol\u00fat t\u00f6bbs\u00e9g hi\u00e1ny\u00e1ban m\u00e1jus 28-\u00e1n m\u00e1sodik fordul\u00f3t sz\u00fcks\u00e9ges tartani &#8211; k\u00f6z\u00f6lte h\u00e9tf\u0151n Ahmet Yener, a t\u00f6r\u00f6k Legfels\u0151bb V\u00e1laszt\u00e1si Tan\u00e1cs (YSK) eln\u00f6ke ankarai sajt\u00f3t\u00e1j\u00e9koztat\u00f3j\u00e1n a belf\u00f6ldi szavazatok 100 sz\u00e1zal\u00e9k\u00e1nak feldolgozotts\u00e1g\u00e1n\u00e1l.<\/p>\n","protected":false},"author":1001010,"featured_media":0,"comment_status":"open","ping_status":"open","sticky":false,"template":"","format":"standard","meta":[],"categories":[5],"tags":[],"_links":{"self":[{"href":"https:\/\/gazdasagportal.hu\/index.php\/wp-json\/wp\/v2\/posts\/143727"}],"collection":[{"href":"https:\/\/gazdasagportal.hu\/index.php\/wp-json\/wp\/v2\/posts"}],"about":[{"href":"https:\/\/gazdasagportal.hu\/index.php\/wp-json\/wp\/v2\/types\/post"}],"author":[{"embeddable":true,"href":"https:\/\/gazdasagportal.hu\/index.php\/wp-json\/wp\/v2\/users\/1001010"}],"replies":[{"embeddable":true,"href":"https:\/\/gazdasagportal.hu\/index.php\/wp-json\/wp\/v2\/comments?post=143727"}],"version-history":[{"count":1,"href":"https:\/\/gazdasagportal.hu\/index.php\/wp-json\/wp\/v2\/posts\/143727\/revisions"}],"predecessor-version":[{"id":143728,"href":"https:\/\/gazdasagportal.hu\/index.php\/wp-json\/wp\/v2\/posts\/143727\/revisions\/143728"}],"wp:attachment":[{"href":"https:\/\/gazdasagportal.hu\/index.php\/wp-json\/wp\/v2\/media?parent=143727"}],"wp:term":[{"taxonomy":"category","embeddable":true,"href":"https:\/\/gazdasagportal.hu\/index.php\/wp-json\/wp\/v2\/categories?post=143727"},{"taxonomy":"post_tag","embeddable":true,"href":"https:\/\/gazdasagportal.hu\/index.php\/wp-json\/wp\/v2\/tags?post=143727"}],"curies":[{"name":"wp","href":"https:\/\/api.w.org\/{rel}","templated":true}]}}