{"id":143715,"date":"2023-05-13T13:00:28","date_gmt":"2023-05-13T11:00:28","guid":{"rendered":"https:\/\/gazdasagportal.hu\/?p=143715"},"modified":"2023-05-13T13:00:28","modified_gmt":"2023-05-13T11:00:28","slug":"ukrajnai-haboru-rendkivuli-biztonsagi-intezkedesek-leptek-eletbe-romaban-zelenszkij-latogatasa-miatt","status":"publish","type":"post","link":"https:\/\/gazdasagportal.hu\/index.php\/ukrajnai-haboru-rendkivuli-biztonsagi-intezkedesek-leptek-eletbe-romaban-zelenszkij-latogatasa-miatt\/","title":{"rendered":"Ukrajnai h\u00e1bor\u00fa &#8211; Rendk\u00edv\u00fcli biztons\u00e1gi int\u00e9zked\u00e9sek l\u00e9ptek \u00e9letbe R\u00f3m\u00e1ban Zelenszkij l\u00e1togat\u00e1sa miatt"},"content":{"rendered":"<p><strong>Rendk\u00edv\u00fcli biztos\u00e1gi int\u00e9zked\u00e9sek l\u00e9ptek \u00e9letbe szombaton R\u00f3m\u00e1ban Volodimir Zelenszkij ukr\u00e1n eln\u00f6k l\u00e1togat\u00e1sa miatt, aki az olasz vezet\u0151kkel folytatand\u00f3 megbesz\u00e9l\u00e9sei ut\u00e1n a Vatik\u00e1nban a h\u00e1bor\u00fa kirobban\u00e1sa \u00f3ta el\u0151sz\u00f6r tal\u00e1lkozik Ferenc p\u00e1p\u00e1val.<\/strong><!--more--><\/p>\n<div class=\"ads-in-post2\"><script async src=\"https:\/\/pagead2.googlesyndication.com\/pagead\/js\/adsbygoogle.js\"><\/script>\r\n<ins class=\"adsbygoogle\"\r\n     style=\"display:block\"\r\n     data-ad-format=\"fluid\"\r\n     data-ad-layout-key=\"-6t+ed+2i-1n-4w\"\r\n     data-ad-client=\"ca-pub-1959107119989764\"\r\n     data-ad-slot=\"4008251320\"><\/ins>\r\n<script>\r\n     (adsbygoogle = window.adsbygoogle || []).push({});\r\n<\/script><\/div>\n<p>    Az ukr\u00e1n eln\u00f6k rep\u00fcl\u0151g\u00e9pe a Ciampino-katonai rep\u00fcl\u0151t\u00e9rre \u00e9rkezik, ahol a korm\u00e1ny nev\u00e9ben Antonio Tajani minisztereln\u00f6k-helyettes, k\u00fcl\u00fcgyminiszter fogadja Volodimir Zelenszkijt.<br \/>\n    Sergio Mattarella \u00e1llamf\u0151 a Quirinale-eln\u00f6ki palot\u00e1ban v\u00e1rja az ukr\u00e1n eln\u00f6k\u00f6t, aki azt k\u00f6vet\u0151en Giorgia Meloni minisztereln\u00f6kkel tart megbesz\u00e9l\u00e9st, amit a korm\u00e1nypalota el\u0151zetes inform\u00e1ci\u00f3i szerint sajt\u00f3nyilatkozat k\u00f6vet majd.<br \/>\n    Giorgia Meloni febru\u00e1r 21-\u00e9n j\u00e1rt Kijevben.<br \/>\n    A r\u00f3mai korm\u00e1ny \u00e1prilis 26-\u00e1n \u00fajj\u00e1\u00e9p\u00edt\u00e9si konferenci\u00e1t rendezett R\u00f3m\u00e1ban ukrajnai \u00e9s olasz v\u00e1llalatok r\u00e9szv\u00e9tel\u00e9vel.<br \/>\n    A Meloni \u00e9s Zelenszkij k\u00f6z\u00f6tti egyeztet\u00e9sen Matteo Salvini minisztereln\u00f6k-helyettes nem vesz r\u00e9szt. T\u00e1volmarad\u00e1s\u00e1t azzal indokolta, hogy k\u00f6zleked\u00e9si \u00e9s infrastruktur\u00e1lis t\u00e1rcavezet\u0151k\u00e9nt nem t\u00f6lt be diplom\u00e1ciai szerepet a jelenlegi korm\u00e1nyban. A Salvini vezette Liga p\u00e1rt nem t\u00e1mogatja R\u00f3ma fegyverkez\u00e9si t\u00e1mogat\u00e1s\u00e1t Kijevnek. A h\u00e1bor\u00fa 2022. febru\u00e1ri kirobban\u00e1sa \u00f3ta a kor\u00e1bbi Draghi-, majd a jelenlegi Meloni-korm\u00e1ny hat fegyversz\u00e1ll\u00edtm\u00e1nyt juttatott Ukrajn\u00e1nak.<br \/>\n    Volodimir Zelenszkij \u00e9rkez\u00e9s\u00e9re R\u00f3m\u00e1ban rendk\u00edv\u00fcli biztons\u00e1gi k\u00e9sz\u00fclts\u00e9g l\u00e9pett \u00e9letbe: az ukr\u00e1n eln\u00f6k \u00e9rkez\u00e9se \u00e9s tov\u00e1bbindul\u00e1sa \u00f3r\u00e1iban lez\u00e1rj\u00e1k a l\u00e9gteret, ami befoly\u00e1solhatja a polg\u00e1ri j\u00e1ratok forgalm\u00e1t.<br \/>\n    A v\u00e1ros t\u00f6bb r\u00e9sz\u00e9n parkol\u00e1si tilalom l\u00e9pett \u00e9letbe, utc\u00e1kat z\u00e1rtak le, ezer rend\u0151rrel fel\u00fcgyelik a biztons\u00e1got az ukr\u00e1n eln\u00f6k konvoja \u00fatvonal\u00e1n, mesterl\u00f6v\u00e9szek vannak az eln\u00f6ki \u00e9s korm\u00e1nypalota, valamint a Vatik\u00e1n k\u00f6zel\u00e9ben.<br \/>\n    Ferenc p\u00e1pa d\u00e9lut\u00e1n fogadja Volodimir Zelenszkijt. Az id\u0151pont a vatik\u00e1ni protokoll szerint azt jelzi, hogy szigor\u00faan vett mag\u00e1nl\u00e1togat\u00e1sr\u00f3l van sz\u00f3.<br \/>\n    A katolikus egyh\u00e1zf\u0151 2020 febru\u00e1rj\u00e1ban tal\u00e1lkozott Zelenszkijjel a Vatik\u00e1nban, de a h\u00e1bor\u00fa kit\u00f6r\u00e9se \u00f3ta csak telefonon egyeztettek k\u00e9t alkalommal.<br \/>\n    Ferenc p\u00e1pa \u00e1prilis 27-\u00e9n Denisz Smihal ukr\u00e1n korm\u00e1nyf\u0151t fogadta a Vatik\u00e1nban.<br \/>\n    Volodimir Zelenszkij a tal\u00e1lkoz\u00f3k ut\u00e1n interj\u00fat ad a RAI1 k\u00f6ztelev\u00edzi\u00f3 Porta a porta c\u00edm\u0171 n\u00e9pszer\u0171 politikai m\u0171sor\u00e1nak.(MTI)<\/p>\n","protected":false},"excerpt":{"rendered":"<p>Rendk\u00edv\u00fcli biztos\u00e1gi int\u00e9zked\u00e9sek l\u00e9ptek \u00e9letbe szombaton R\u00f3m\u00e1ban Volodimir Zelenszkij ukr\u00e1n eln\u00f6k l\u00e1togat\u00e1sa miatt, aki az olasz vezet\u0151kkel folytatand\u00f3 megbesz\u00e9l\u00e9sei ut\u00e1n a Vatik\u00e1nban a h\u00e1bor\u00fa kirobban\u00e1sa \u00f3ta el\u0151sz\u00f6r tal\u00e1lkozik Ferenc p\u00e1p\u00e1val.<\/p>\n","protected":false},"author":1001010,"featured_media":0,"comment_status":"open","ping_status":"open","sticky":false,"template":"","format":"standard","meta":[],"categories":[5],"tags":[443],"_links":{"self":[{"href":"https:\/\/gazdasagportal.hu\/index.php\/wp-json\/wp\/v2\/posts\/143715"}],"collection":[{"href":"https:\/\/gazdasagportal.hu\/index.php\/wp-json\/wp\/v2\/posts"}],"about":[{"href":"https:\/\/gazdasagportal.hu\/index.php\/wp-json\/wp\/v2\/types\/post"}],"author":[{"embeddable":true,"href":"https:\/\/gazdasagportal.hu\/index.php\/wp-json\/wp\/v2\/users\/1001010"}],"replies":[{"embeddable":true,"href":"https:\/\/gazdasagportal.hu\/index.php\/wp-json\/wp\/v2\/comments?post=143715"}],"version-history":[{"count":1,"href":"https:\/\/gazdasagportal.hu\/index.php\/wp-json\/wp\/v2\/posts\/143715\/revisions"}],"predecessor-version":[{"id":143716,"href":"https:\/\/gazdasagportal.hu\/index.php\/wp-json\/wp\/v2\/posts\/143715\/revisions\/143716"}],"wp:attachment":[{"href":"https:\/\/gazdasagportal.hu\/index.php\/wp-json\/wp\/v2\/media?parent=143715"}],"wp:term":[{"taxonomy":"category","embeddable":true,"href":"https:\/\/gazdasagportal.hu\/index.php\/wp-json\/wp\/v2\/categories?post=143715"},{"taxonomy":"post_tag","embeddable":true,"href":"https:\/\/gazdasagportal.hu\/index.php\/wp-json\/wp\/v2\/tags?post=143715"}],"curies":[{"name":"wp","href":"https:\/\/api.w.org\/{rel}","templated":true}]}}