{"id":143657,"date":"2023-05-02T13:54:25","date_gmt":"2023-05-02T11:54:25","guid":{"rendered":"https:\/\/gazdasagportal.hu\/?p=143657"},"modified":"2023-05-02T13:54:25","modified_gmt":"2023-05-02T11:54:25","slug":"javitott-idei-nemet-es-europai-autopiaci-elorejelzesen-a-vda","status":"publish","type":"post","link":"https:\/\/gazdasagportal.hu\/index.php\/javitott-idei-nemet-es-europai-autopiaci-elorejelzesen-a-vda\/","title":{"rendered":"Jav\u00edtott idei n\u00e9met \u00e9s eur\u00f3pai aut\u00f3piaci el\u0151rejelz\u00e9s\u00e9n a VDA"},"content":{"rendered":"<p><strong>A kedvez\u0151bb \u00fczleti kond\u00edci\u00f3k \u00e9s az ell\u00e1t\u00e1si l\u00e1ncok fennakad\u00e1sainak enyh\u00fcl\u00e9se alapj\u00e1n jav\u00edtott idei n\u00e9met \u00e9s eur\u00f3pai aut\u00f3piaci el\u0151rejelz\u00e9s\u00e9n a n\u00e9met aut\u00f3ipari \u00e1gazat szakmai k\u00e9pviseleti szervezete, a VDA.<\/strong><!--more--><br \/>\n<div class=\"ads-in-post2\"><script async src=\"https:\/\/pagead2.googlesyndication.com\/pagead\/js\/adsbygoogle.js\"><\/script>\r\n<ins class=\"adsbygoogle\"\r\n     style=\"display:block\"\r\n     data-ad-format=\"fluid\"\r\n     data-ad-layout-key=\"-6t+ed+2i-1n-4w\"\r\n     data-ad-client=\"ca-pub-1959107119989764\"\r\n     data-ad-slot=\"4008251320\"><\/ins>\r\n<script>\r\n     (adsbygoogle = window.adsbygoogle || []).push({});\r\n<\/script><\/div>\n<p>    A VDA (Verband der Automobilindustrie e.V.) kalkul\u00e1ci\u00f3i szerint az els\u0151 negyed\u00e9vben a glob\u00e1lis szem\u00e9lyg\u00e9pkocsi-piacon folytat\u00f3dott a forgalom helyre\u00e1ll\u00e1sa a j\u00e1rv\u00e1nyv\u00e9delmi z\u00e1rlatok miatti visszaes\u00e9sb\u0151l. A j\u00e1rm\u0171ipari besz\u00e1ll\u00edt\u00f3i l\u00e1ncok m\u0171k\u00f6d\u00e9se z\u00f6kken\u0151mentesebb\u00e9 v\u00e1lt \u00e9s az ipar\u00e1g szokatlanul magas megrendel\u00e9s\u00e1llom\u00e1nya is cs\u00f6kken\u00e9snek indult.<br \/>\n    A VDA a kedvez\u0151bb \u00fczleti kond\u00edci\u00f3k t\u00fckr\u00e9ben N\u00e9metorsz\u00e1gban a forgalom 4 sz\u00e1zal\u00e9kos n\u00f6veked\u00e9s\u00e9re sz\u00e1m\u00edt az id\u00e9n 2,8 milli\u00f3 szem\u00e9lyg\u00e9pkocsi \u00e9rt\u00e9kes\u00edt\u00e9s\u00e9vel, szemben a kor\u00e1bbi progn\u00f3zisban jelzett 2 sz\u00e1zal\u00e9kos n\u00f6veked\u00e9ssel \u00e9s 2,7 milli\u00f3s \u00e9rt\u00e9kes\u00edt\u00e9ssel. Az idei v\u00e1rhat\u00f3 \u00e9rt\u00e9kes\u00edt\u00e9si volumen azonban m\u00e9g feljav\u00edtva is 28 sz\u00e1zal\u00e9kkal marad el a j\u00e1rv\u00e1ny \u00e1ltal nem \u00e9rintett utols\u00f3 \u00e9v, a 2019-es 3,6 milli\u00f3s forgalm\u00e1t\u00f3l.<br \/>\n    Eur\u00f3p\u00e1ban, az EU, az EFTA \u00e9s az Egyes\u00fclt Kir\u00e1lys\u00e1g piacain egy\u00fcttesen 12,0 milli\u00f3 \u00faj g\u00e9pj\u00e1rm\u0171 \u00e9rt\u00e9kes\u00edt\u00e9s\u00e9re sz\u00e1m\u00edt a VDA az id\u00e9n, 7 sz\u00e1zal\u00e9kos n\u00f6veked\u00e9ssel. Az el\u0151z\u0151 becsl\u00e9s 11,8 milli\u00f3 aut\u00f3 volt 5 sz\u00e1zal\u00e9kos n\u00f6veked\u00e9ssel. Az eur\u00f3pai \u00e9rt\u00e9kes\u00edt\u00e9sek az id\u00e9n 24 sz\u00e1zal\u00e9kkal maradnak el a 2019-es 15,8 milli\u00f3t\u00f3l.<br \/>\n    Hildegard M\u00fcller, a VDA eln\u00f6ke a progn\u00f3zist komment\u00e1lva r\u00e1mutatott, hogy a n\u00e9metorsz\u00e1gi \u00e9s eur\u00f3pai szem\u00e9lyg\u00e9pkocsi-piac a v\u00e1rtn\u00e1l valamivel jobban alakul, ami term\u00e9szetesen j\u00f3 h\u00edr, de az \u00f6sszk\u00e9p m\u00e1r nem ennyire r\u00f3zs\u00e1s, a forgalom ugyanis m\u00e9g j\u00f3val elmarad a v\u00e1ls\u00e1g el\u0151ttit\u0151l. A helyzet is csak viszonylag lassan javul, mivel a magas energia- \u00e9s nyersanyag\u00e1rak visszafogj\u00e1k a fellend\u00fcl\u00e9st. &#8222;Az energiak\u00f6lts\u00e9geknek cs\u00f6kkennie kell, a villamosenergia-ad\u00f3 eur\u00f3pai minimumra cs\u00f6kkent\u00e9se m\u00e1r r\u00e9g\u00f3ta esed\u00e9kes&#8221; &#8211; mondta.<br \/>\n    A t\u00f6bbi nagy szem\u00e9lyg\u00e9pkocsi-piacon, K\u00edn\u00e1ban \u00e9s az Egyes\u00fclt \u00c1llamokban az els\u0151 negyed\u00e9v meger\u0151s\u00edtette a VDA becsl\u00e9s\u00e9t: Az Egyes\u00fclt \u00c1llamok k\u00f6nny\u0171g\u00e9pj\u00e1rm\u0171-piaca v\u00e1rhat\u00f3an 4 sz\u00e1zal\u00e9kkal 14,3 milli\u00f3 k\u00f6nny\u0171g\u00e9pj\u00e1rm\u0171re n\u0151 2023-ban. K\u00edn\u00e1ban viszont az el\u0151z\u0151 \u00e9vi viszonylag magas b\u00e1zis miatt enn\u00e9l kisebb lesz a n\u00f6veked\u00e9s, 3 sz\u00e1zal\u00e9kos, aut\u00f3t pedig 23,9 milli\u00f3t \u00e9rt\u00e9kes\u00edtenek majd.<br \/>\n    A glob\u00e1lis aut\u00f3piacon a VDA a kor\u00e1bbi 74,6 milli\u00f3s becsl\u00e9se helyett 74,9 milli\u00f3 aut\u00f3 \u00e9rt\u00e9kes\u00edt\u00e9s\u00e9re sz\u00e1m\u00edt az id\u00e9n 4 sz\u00e1zal\u00e9kos n\u00f6veked\u00e9ssel.(MTI)<\/p>\n","protected":false},"excerpt":{"rendered":"<p>A kedvez\u0151bb \u00fczleti kond\u00edci\u00f3k \u00e9s az ell\u00e1t\u00e1si l\u00e1ncok fennakad\u00e1sainak enyh\u00fcl\u00e9se alapj\u00e1n jav\u00edtott idei n\u00e9met \u00e9s eur\u00f3pai aut\u00f3piaci el\u0151rejelz\u00e9s\u00e9n a n\u00e9met aut\u00f3ipari \u00e1gazat szakmai k\u00e9pviseleti szervezete, a VDA.<\/p>\n","protected":false},"author":1001010,"featured_media":0,"comment_status":"open","ping_status":"open","sticky":false,"template":"","format":"standard","meta":[],"categories":[19],"tags":[],"_links":{"self":[{"href":"https:\/\/gazdasagportal.hu\/index.php\/wp-json\/wp\/v2\/posts\/143657"}],"collection":[{"href":"https:\/\/gazdasagportal.hu\/index.php\/wp-json\/wp\/v2\/posts"}],"about":[{"href":"https:\/\/gazdasagportal.hu\/index.php\/wp-json\/wp\/v2\/types\/post"}],"author":[{"embeddable":true,"href":"https:\/\/gazdasagportal.hu\/index.php\/wp-json\/wp\/v2\/users\/1001010"}],"replies":[{"embeddable":true,"href":"https:\/\/gazdasagportal.hu\/index.php\/wp-json\/wp\/v2\/comments?post=143657"}],"version-history":[{"count":1,"href":"https:\/\/gazdasagportal.hu\/index.php\/wp-json\/wp\/v2\/posts\/143657\/revisions"}],"predecessor-version":[{"id":143658,"href":"https:\/\/gazdasagportal.hu\/index.php\/wp-json\/wp\/v2\/posts\/143657\/revisions\/143658"}],"wp:attachment":[{"href":"https:\/\/gazdasagportal.hu\/index.php\/wp-json\/wp\/v2\/media?parent=143657"}],"wp:term":[{"taxonomy":"category","embeddable":true,"href":"https:\/\/gazdasagportal.hu\/index.php\/wp-json\/wp\/v2\/categories?post=143657"},{"taxonomy":"post_tag","embeddable":true,"href":"https:\/\/gazdasagportal.hu\/index.php\/wp-json\/wp\/v2\/tags?post=143657"}],"curies":[{"name":"wp","href":"https:\/\/api.w.org\/{rel}","templated":true}]}}