{"id":143579,"date":"2023-04-20T16:25:21","date_gmt":"2023-04-20T14:25:21","guid":{"rendered":"https:\/\/gazdasagportal.hu\/?p=143579"},"modified":"2023-04-20T16:25:21","modified_gmt":"2023-04-20T14:25:21","slug":"jelentosen-nott-a-wellis-magyarorszag-zrt-arbevetele-tavaly","status":"publish","type":"post","link":"https:\/\/gazdasagportal.hu\/index.php\/jelentosen-nott-a-wellis-magyarorszag-zrt-arbevetele-tavaly\/","title":{"rendered":"Jelent\u0151sen n\u0151tt a Wellis Magyarorsz\u00e1g Zrt. \u00e1rbev\u00e9tele tavaly"},"content":{"rendered":"<p><strong>A hidromassz\u00e1zs k\u00e1dakat, szabadt\u00e9ri medenc\u00e9ket, szanitereket gy\u00e1rt\u00f3, magyar tulajdon\u00fa Wellis Magyarorsz\u00e1g Zrt. \u00e1rbev\u00e9tele 32 sz\u00e1zal\u00e9kkal n\u0151tt tavaly, meghaladva az 50,8 milli\u00e1rd forintot a 2021. \u00e9vi 38,4 milli\u00e1rd forinttal szemben, az ad\u00f3zott eredm\u00e9ny az el\u0151z\u0151 \u00e9vi 3,8 milli\u00e1rd forintr\u00f3l mintegy egymilli\u00e1rd forintra cs\u00f6kkent &#8211; k\u00f6z\u00f6lte a c\u00e9g cs\u00fct\u00f6rt\u00f6k\u00f6n a Budapesti \u00c9rt\u00e9kt\u0151zsde (B\u00c9T) honlapj\u00e1n.<\/strong><!--more--><\/p>\n<div class=\"ads-in-post2\"><script async src=\"https:\/\/pagead2.googlesyndication.com\/pagead\/js\/adsbygoogle.js\"><\/script>\r\n<ins class=\"adsbygoogle\"\r\n     style=\"display:block\"\r\n     data-ad-format=\"fluid\"\r\n     data-ad-layout-key=\"-6t+ed+2i-1n-4w\"\r\n     data-ad-client=\"ca-pub-1959107119989764\"\r\n     data-ad-slot=\"4008251320\"><\/ins>\r\n<script>\r\n     (adsbygoogle = window.adsbygoogle || []).push({});\r\n<\/script><\/div>\n<p>    A k\u00f6zz\u00e9tett \u00e9ves besz\u00e1mol\u00f3 szerint az export \u00e1rbev\u00e9tel 30,9 milli\u00e1rd forintr\u00f3l 41,5 milli\u00e1rd forintra n\u0151tt, amiben jelent\u0151s szerepet j\u00e1tszott, hogy a v\u00e1llalat 2022-ben tov\u00e1bb b\u0151v\u00edtette \u00e9rt\u00e9kes\u00edt\u00e9s\u00e9t az Amerikai Egyes\u00fclt \u00c1llamokba, valamint N\u00e9metorsz\u00e1gban \u00faj le\u00e1nyv\u00e1llalatot alap\u00edtottak, Rom\u00e1ni\u00e1ban pedig egy rakt\u00e1rat nyitottak.<br \/>\n    A legnagyobb \u00e1rbev\u00e9tel a medenc\u00e9k elad\u00e1s\u00e1b\u00f3l sz\u00e1rmazott, tavaly 6 sz\u00e1zal\u00e9kkal t\u00f6bb medenc\u00e9t adtak el, mint 2021-ben.<br \/>\n    Az \u00fczemi tev\u00e9kenys\u00e9g eredm\u00e9nye 2021-hez viszony\u00edtva 69,2 sz\u00e1zal\u00e9kkal cs\u00f6kkent 1,27 milli\u00e1rd forintra az el\u0151z\u0151 \u00e9vi 4,1 milli\u00e1rdr\u00f3l.<br \/>\n    A v\u00e1llalat folytatta beruh\u00e1z\u00e1s\u00e1t az \u00f3zdi telephely\u00e9n, aminek k\u00f6vetkezt\u00e9ben az \u00e9rt\u00e9kcs\u00f6kken\u00e9si le\u00edr\u00e1s \u00f6sszege 36,9 sz\u00e1zal\u00e9kkal n\u00f6vekedett 2021-hez k\u00e9pest. Az \u00f3zdi gy\u00e1regys\u00e9gben 2021 j\u00fanius\u00e1ban megkezd\u0151d\u00f6tt a termel\u00e9s, 2022-ben pedig \u00e1tadtak egy 24 ezer n\u00e9gyzetm\u00e9teres rakt\u00e1rcsarnok is.<br \/>\n    A gazdas\u00e1gi k\u00f6rnyezet kedvez\u0151tlen v\u00e1ltoz\u00e1s\u00e1nak hat\u00e1s\u00e1ra a c\u00e9g tavaly 300 dolgoz\u00f3j\u00e1t bocs\u00e1totta el a dabasi \u00fczem\u00e9b\u0151l. Az \u00e9ves jelent\u00e9s szerint a termel\u00e9sben dolgoz\u00f3k l\u00e9tsz\u00e1ma 74 sz\u00e1zal\u00e9kkal cs\u00f6kkent 2022 v\u00e9g\u00e9re, ami a b\u00e9rk\u00f6lts\u00e9gekben 44 sz\u00e1zal\u00e9kos cs\u00f6kkent\u00e9st jelentett.<br \/>\n    Az \u00e9ves besz\u00e1mol\u00f3 szerint a v\u00e1llalat az id\u00e9n folytatja az \u00faj gazdas\u00e1gi k\u00f6rnyezethez t\u00f6rt\u00e9n\u0151 alkalmazkod\u00e1st, szigor\u00fa<br \/>\nl\u00e9tsz\u00e1m \u00e9s k\u00f6lts\u00e9gkontroll mellett. A piac b\u0151v\u00edt\u00e9se \u00e9rdek\u00e9ben az Egyes\u00fclt Kir\u00e1lys\u00e1gban egy k\u00f6z\u00f6s vezet\u00e9s\u0171 v\u00e1llalkoz\u00e1st alap\u00edtottak, Sv\u00e1jcban pedig egy \u00faj exkluz\u00edv bemutat\u00f3terem megnyit\u00e1s\u00e1t tervezik.(MTI)<\/p>\n","protected":false},"excerpt":{"rendered":"<p>A hidromassz\u00e1zs k\u00e1dakat, szabadt\u00e9ri medenc\u00e9ket, szanitereket gy\u00e1rt\u00f3, magyar tulajdon\u00fa Wellis Magyarorsz\u00e1g Zrt. \u00e1rbev\u00e9tele 32 sz\u00e1zal\u00e9kkal n\u0151tt tavaly, meghaladva az 50,8 milli\u00e1rd forintot a 2021. \u00e9vi 38,4 milli\u00e1rd forinttal szemben, az ad\u00f3zott eredm\u00e9ny az el\u0151z\u0151 \u00e9vi 3,8 milli\u00e1rd forintr\u00f3l mintegy egymilli\u00e1rd forintra cs\u00f6kkent &#8211; k\u00f6z\u00f6lte a c\u00e9g cs\u00fct\u00f6rt\u00f6k\u00f6n a Budapesti \u00c9rt\u00e9kt\u0151zsde (B\u00c9T) honlapj\u00e1n.<\/p>\n","protected":false},"author":1001010,"featured_media":0,"comment_status":"open","ping_status":"open","sticky":false,"template":"","format":"standard","meta":[],"categories":[19],"tags":[],"_links":{"self":[{"href":"https:\/\/gazdasagportal.hu\/index.php\/wp-json\/wp\/v2\/posts\/143579"}],"collection":[{"href":"https:\/\/gazdasagportal.hu\/index.php\/wp-json\/wp\/v2\/posts"}],"about":[{"href":"https:\/\/gazdasagportal.hu\/index.php\/wp-json\/wp\/v2\/types\/post"}],"author":[{"embeddable":true,"href":"https:\/\/gazdasagportal.hu\/index.php\/wp-json\/wp\/v2\/users\/1001010"}],"replies":[{"embeddable":true,"href":"https:\/\/gazdasagportal.hu\/index.php\/wp-json\/wp\/v2\/comments?post=143579"}],"version-history":[{"count":1,"href":"https:\/\/gazdasagportal.hu\/index.php\/wp-json\/wp\/v2\/posts\/143579\/revisions"}],"predecessor-version":[{"id":143580,"href":"https:\/\/gazdasagportal.hu\/index.php\/wp-json\/wp\/v2\/posts\/143579\/revisions\/143580"}],"wp:attachment":[{"href":"https:\/\/gazdasagportal.hu\/index.php\/wp-json\/wp\/v2\/media?parent=143579"}],"wp:term":[{"taxonomy":"category","embeddable":true,"href":"https:\/\/gazdasagportal.hu\/index.php\/wp-json\/wp\/v2\/categories?post=143579"},{"taxonomy":"post_tag","embeddable":true,"href":"https:\/\/gazdasagportal.hu\/index.php\/wp-json\/wp\/v2\/tags?post=143579"}],"curies":[{"name":"wp","href":"https:\/\/api.w.org\/{rel}","templated":true}]}}