{"id":143461,"date":"2023-03-27T13:19:18","date_gmt":"2023-03-27T12:19:18","guid":{"rendered":"https:\/\/gazdasagportal.hu\/?p=143461"},"modified":"2023-03-27T13:19:18","modified_gmt":"2023-03-27T12:19:18","slug":"az-iw-gazdasagkutato-intezet-szereny-idei-nemet-gdp-novekedesre-szamit","status":"publish","type":"post","link":"https:\/\/gazdasagportal.hu\/index.php\/az-iw-gazdasagkutato-intezet-szereny-idei-nemet-gdp-novekedesre-szamit\/","title":{"rendered":"Az IW gazdas\u00e1gkutat\u00f3 int\u00e9zet szer\u00e9ny idei n\u00e9met GDP-n\u00f6veked\u00e9sre sz\u00e1m\u00edt"},"content":{"rendered":"<p><strong>N\u00e9metorsz\u00e1g az idei \u00e9vben szer\u00e9ny, 0,25 sz\u00e1zal\u00e9kos gazdas\u00e1gi n\u00f6veked\u00e9sre sz\u00e1m\u00edthat a k\u00f6lni IW (Institut der deutschen Wirtschaft) gazdas\u00e1gkutat\u00f3 int\u00e9zet h\u00e9tf\u0151n k\u00f6zz\u00e9tett progn\u00f3zisa szerint.<\/strong><!--more--><\/p>\n<div class=\"ads-in-post2\"><script async src=\"https:\/\/pagead2.googlesyndication.com\/pagead\/js\/adsbygoogle.js\"><\/script>\r\n<ins class=\"adsbygoogle\"\r\n     style=\"display:block\"\r\n     data-ad-format=\"fluid\"\r\n     data-ad-layout-key=\"-6t+ed+2i-1n-4w\"\r\n     data-ad-client=\"ca-pub-1959107119989764\"\r\n     data-ad-slot=\"4008251320\"><\/ins>\r\n<script>\r\n     (adsbygoogle = window.adsbygoogle || []).push({});\r\n<\/script><\/div>\n<p>    A n\u00e9met nyelvter\u00fclet legtekint\u00e9lyesebb gazdas\u00e1gkutat\u00f3 int\u00e9zetei k\u00f6z\u00e9 tartoz\u00f3 k\u00f6lni IW (Institut der deutschen Wirtschaft K\u00f6ln e. V.) h\u00e9tf\u0151n publik\u00e1lt progn\u00f3zisa az idei \u00e9vre 0,25 sz\u00e1zal\u00e9kos gazdas\u00e1gi n\u00f6veked\u00e9st v\u00e1r N\u00e9metorsz\u00e1gban. A bizonytalans\u00e1g, az infl\u00e1ci\u00f3 \u00e9s a magas energiak\u00f6lts\u00e9gek nehez\u00edtik a fellend\u00fcl\u00e9st &#8211; \u00e1ll az IW h\u00e9tf\u0151i el\u0151rejelz\u00e9s\u00e9ben.<br \/>\n    A kezdeti sokk ut\u00e1n N\u00e9metorsz\u00e1g 2022-ben alkalmazkodott az ukrajnai h\u00e1bor\u00fa k\u00f6vetkezm\u00e9nyeihez, azonban a magas \u00e1rak, a magasabb kamatl\u00e1bak, a geopolitikai bizonytalans\u00e1g \u00e9s most m\u00e1r a p\u00e9nzpiaci probl\u00e9m\u00e1k is \u00faj helyzetet teremtettek: rontj\u00e1k a befektet\u00e9si k\u00f6rnyezetet \u00e9s nyom\u00e1s al\u00e1 helyezik a n\u00e9met gazdas\u00e1got.<br \/>\n    Az infl\u00e1ci\u00f3 tov\u00e1bbra is magas, els\u0151sorban a magas energia\u00e1rak miatt. A tavaly ny\u00e1ri hatalmas kileng\u00e9sek al\u00e1bbhagytak, azonban az \u00e1rak m\u00e9g mindig jelent\u0151sen magasabbak, mint a v\u00e1ls\u00e1g el\u0151tt. A tavalyihoz hasonl\u00f3 k\u00e9tsz\u00e1mjegy\u0171 infl\u00e1ci\u00f3s r\u00e1t\u00e1k ugyan nem ism\u00e9tl\u0151dnek meg id\u00e9n, 2023-ra 6 sz\u00e1zal\u00e9kos infl\u00e1ci\u00f3t v\u00e1rnak. Ez egyben kev\u00e9sb\u00e9 val\u00f3sz\u00edn\u0171v\u00e9 teszi a laz\u00e1bb monet\u00e1ris politik\u00e1hoz val\u00f3 visszat\u00e9r\u00e9st, a megn\u00f6vekedett finansz\u00edroz\u00e1si k\u00f6lts\u00e9gek pedig m\u00e9g dr\u00e1g\u00e1bb\u00e1 teszik a beruh\u00e1z\u00e1sokat &#8211; tett\u00e9k hozz\u00e1.<br \/>\n    Az IW gazdas\u00e1gi el\u0151rejelz\u00e9s\u00e9ben k\u00f6z\u00f6ltek szerint a n\u00e9met \u00e9p\u00edt\u0151iparban probl\u00e9m\u00e1t jelent egyebek mellett a finansz\u00edroz\u00e1si k\u00f6lts\u00e9gek emelked\u00e9se, valamint a nyersanyaghi\u00e1ny. Ennek megfelel\u0151en 2023-ra a n\u00e9met \u00e9p\u00edt\u0151ipar sorozatban a harmadik zsugorod\u00e1st mutat\u00f3 \u00e9v\u00e9t prognosztiz\u00e1lj\u00e1k. Az \u00e9p\u00edt\u0151ipari beruh\u00e1z\u00e1sok 3 sz\u00e1zal\u00e9kos, a lak\u00f3ingatlan-\u00e9p\u00edt\u00e9si beruh\u00e1z\u00e1sok 3,5 sz\u00e1zal\u00e9kos visszaes\u00e9s\u00e9t v\u00e1rj\u00e1k.<br \/>\n    Az energiaintenz\u00edv ipar\u00e1gaknak er\u0151sen vissza kellett v\u00e1gniuk a termel\u00e9st, a vegyipar termel\u00e9se csaknem 30 sz\u00e1zal\u00e9kkal zsugorodott 2022-ben. A tart\u00f3san magas energia\u00e1rak tov\u00e1bbra is terhet jelentenek a v\u00e1llalatok sz\u00e1m\u00e1ra, ezenk\u00edv\u00fcl minden ipar\u00e1g k\u00fczd az ell\u00e1t\u00e1si l\u00e1ncokban kialakult probl\u00e9m\u00e1kkal is, ez\u00e9rt az idei \u00e9vben az IW szerint a n\u00e9met ipari termel\u00e9s csak enyh\u00e9n<br \/>\n    b\u0151v\u00fclhet &#8211; \u00edrt\u00e1k.<br \/>\n     Az IW jelent\u00e9se szerint tavaly a n\u00e9met gazdas\u00e1g profit\u00e1lni tudott a lakoss\u00e1gi fogyaszt\u00e1sb\u00f3l: a koronav\u00edrus-j\u00e1rv\u00e1ny alatt felhalmoz\u00f3dott megtakar\u00edt\u00e1sok \u00e9s az \u00e1llami t\u00e1mogat\u00e1sok seg\u00edts\u00e9g\u00e9vel a h\u00e1ztart\u00e1sok t\u00f6bbet k\u00f6lt\u00f6ttek nyaral\u00e1sra \u00e9s szabadid\u0151s tev\u00e9kenys\u00e9gekre, mint a kor\u00e1bbi \u00e9vekben. Id\u00e9n azonban l\u00e9nyegesen kevesebb t\u00e1mogat\u00e1st ny\u00fajt az \u00e1llam, a mag\u00e1nmegtakar\u00edt\u00e1sok pedig kimer\u00fcltek, ez\u00e9rt a fogyaszt\u00f3i kiad\u00e1sok 0,5 sz\u00e1zal\u00e9kkal maradhatnak el az el\u0151z\u0151 \u00e9vit\u0151l &#8211; \u00e1ll az IW jelent\u00e9s\u00e9ben.<br \/>\n    A vil\u00e1ggazdas\u00e1gban l\u00e1that\u00f3 folyamatok sem jelentenek h\u00e1tszelet a n\u00e9met gazdas\u00e1g sz\u00e1m\u00e1ra: geopolitikai fesz\u00fclts\u00e9gek \u00e9s protekcionista tendenci\u00e1k nehezednek a vil\u00e1gkereskedelemre. Az IW k\u00fclf\u00f6ldi el\u0151rejelz\u00e9se a glob\u00e1lis kereskedelmi forgalom mind\u00f6ssze 1 sz\u00e1zal\u00e9kos idei n\u00f6veked\u00e9s\u00e9t felt\u00e9telezi, a glob\u00e1lis gazdas\u00e1g is csak 2 sz\u00e1zal\u00e9kkal b\u0151v\u00fcl id\u00e9n az IW progn\u00f3zisa szerint.<br \/>\n    A n\u00e9met v\u00e1llalatok k\u00f6r\u00e9ben m\u00e1r a koronav\u00edrus-j\u00e1rv\u00e1ny id\u0151szak\u00e1ban is jelent\u0151s beruh\u00e1z\u00e1si kies\u00e9s alakult ki, az energia\u00e1rak, az infl\u00e1ci\u00f3 \u00e9s a bizonytalans\u00e1g tov\u00e1bbra is hozz\u00e1j\u00e1rulnak a beruh\u00e1z\u00e1sok elmarad\u00e1s\u00e1hoz. Michael Gr\u00f6mling, az IW k\u00f6zgazd\u00e1sza szerint ha t\u00fal sok\u00e1ig tart a beruh\u00e1z\u00e1sok cs\u00f6kken\u00e9se, fenn\u00e1ll a vesz\u00e9lye, hogy az eg\u00e9sz n\u00e9met gazdas\u00e1g struktur\u00e1lisan k\u00e1rosodik. Az ad\u00f3terhek, az energiak\u00f6lts\u00e9gek \u00e9s a szakk\u00e9pzett munkaer\u0151 hi\u00e1nya m\u00e1r jelenleg is versenyh\u00e1tr\u00e1nyt jelent a n\u00e9met gazdas\u00e1g sz\u00e1m\u00e1ra, ez\u00e9rt a politikusoknak s\u00fcrg\u0151sen jav\u00edtaniuk kell a beruh\u00e1z\u00e1si felt\u00e9teleken &#8211; tette hozz\u00e1.<br \/>\n    A vezet\u0151 n\u00e9met gazdas\u00e1gkutat\u00f3 int\u00e9zetekb\u0151l \u00e1ll\u00f3 &#8222;B\u00f6lcsek Tan\u00e1csa&#8221; m\u00falt szerd\u00e1n k\u00f6zz\u00e9tett v\u00e1rakoz\u00e1sa szerint id\u00e9n 0,2 sz\u00e1zal\u00e9kkal n\u0151 a GDP N\u00e9metorsz\u00e1gban.(MTI)<\/p>\n","protected":false},"excerpt":{"rendered":"<p>N\u00e9metorsz\u00e1g az idei \u00e9vben szer\u00e9ny, 0,25 sz\u00e1zal\u00e9kos gazdas\u00e1gi n\u00f6veked\u00e9sre sz\u00e1m\u00edthat a k\u00f6lni IW (Institut der deutschen Wirtschaft) gazdas\u00e1gkutat\u00f3 int\u00e9zet h\u00e9tf\u0151n k\u00f6zz\u00e9tett progn\u00f3zisa szerint.<\/p>\n","protected":false},"author":1001010,"featured_media":0,"comment_status":"open","ping_status":"open","sticky":false,"template":"","format":"standard","meta":[],"categories":[19,246],"tags":[],"_links":{"self":[{"href":"https:\/\/gazdasagportal.hu\/index.php\/wp-json\/wp\/v2\/posts\/143461"}],"collection":[{"href":"https:\/\/gazdasagportal.hu\/index.php\/wp-json\/wp\/v2\/posts"}],"about":[{"href":"https:\/\/gazdasagportal.hu\/index.php\/wp-json\/wp\/v2\/types\/post"}],"author":[{"embeddable":true,"href":"https:\/\/gazdasagportal.hu\/index.php\/wp-json\/wp\/v2\/users\/1001010"}],"replies":[{"embeddable":true,"href":"https:\/\/gazdasagportal.hu\/index.php\/wp-json\/wp\/v2\/comments?post=143461"}],"version-history":[{"count":2,"href":"https:\/\/gazdasagportal.hu\/index.php\/wp-json\/wp\/v2\/posts\/143461\/revisions"}],"predecessor-version":[{"id":143463,"href":"https:\/\/gazdasagportal.hu\/index.php\/wp-json\/wp\/v2\/posts\/143461\/revisions\/143463"}],"wp:attachment":[{"href":"https:\/\/gazdasagportal.hu\/index.php\/wp-json\/wp\/v2\/media?parent=143461"}],"wp:term":[{"taxonomy":"category","embeddable":true,"href":"https:\/\/gazdasagportal.hu\/index.php\/wp-json\/wp\/v2\/categories?post=143461"},{"taxonomy":"post_tag","embeddable":true,"href":"https:\/\/gazdasagportal.hu\/index.php\/wp-json\/wp\/v2\/tags?post=143461"}],"curies":[{"name":"wp","href":"https:\/\/api.w.org\/{rel}","templated":true}]}}