{"id":143436,"date":"2023-03-23T13:35:22","date_gmt":"2023-03-23T12:35:22","guid":{"rendered":"https:\/\/gazdasagportal.hu\/?p=143436"},"modified":"2023-03-23T11:36:07","modified_gmt":"2023-03-23T10:36:07","slug":"az-ev-legitarsasaganak-valasztottak-a-wizz-airt","status":"publish","type":"post","link":"https:\/\/gazdasagportal.hu\/index.php\/az-ev-legitarsasaganak-valasztottak-a-wizz-airt\/","title":{"rendered":"Az \u00e9v l\u00e9git\u00e1rsas\u00e1g\u00e1nak v\u00e1lasztott\u00e1k a Wizz Airt"},"content":{"rendered":"<p><strong>A Wizz Air az Air Transport Awards d\u00edj\u00e1tad\u00f3j\u00e1n 2020 ut\u00e1n ism\u00e9t elnyerte az \u00e9v l\u00e9git\u00e1rsas\u00e1ga c\u00edmet &#8211; k\u00f6z\u00f6lte a c\u00e9g cs\u00fct\u00f6rt\u00f6k\u00f6n az MTI-vel.<\/strong><!--more--><\/p>\n<div class=\"ads-in-post2\"><script async src=\"https:\/\/pagead2.googlesyndication.com\/pagead\/js\/adsbygoogle.js\"><\/script>\r\n<ins class=\"adsbygoogle\"\r\n     style=\"display:block\"\r\n     data-ad-format=\"fluid\"\r\n     data-ad-layout-key=\"-6t+ed+2i-1n-4w\"\r\n     data-ad-client=\"ca-pub-1959107119989764\"\r\n     data-ad-slot=\"4008251320\"><\/ins>\r\n<script>\r\n     (adsbygoogle = window.adsbygoogle || []).push({});\r\n<\/script><\/div>\n<p>    Az elismer\u00e9st V\u00e1radi J\u00f3zsef vez\u00e9rigazgat\u00f3 szem\u00e9lyesen vette \u00e1t a szerdai montreali g\u00e1laesten &#8211; \u00edrt\u00e1k.<br \/>\n    Az Air Transport Awards \u00e9vente t\u00f6bb kateg\u00f3ri\u00e1ban is d\u00edjazza a l\u00e9gik\u00f6zleked\u00e9si ipar\u00e1g kiemelked\u0151 teljes\u00edtm\u00e9nyt ny\u00fajt\u00f3 szerepl\u0151it.<br \/>\n    &#8222;A Wizz Air a vil\u00e1g egyik leggyorsabban n\u00f6vekv\u0151 \u00e9s legfenntarthat\u00f3bb l\u00e9git\u00e1rsas\u00e1ga. H\u00e1l\u00f3zatunk Eur\u00f3pa, a K\u00f6zel-Kelet, \u00c1zsia \u00e9s Afrika 55 orsz\u00e1g\u00e1nak 1000 \u00fatvonal\u00e1t foglalja mag\u00e1ba. Elk\u00f6telezetten t\u00f6reksz\u00fcnk, hogy kedvez\u0151 viteld\u00edjak mellett a lehet\u0151 legjobb rep\u00fcl\u00e9si \u00e9lm\u00e9nyt ny\u00fajthassuk utasaink sz\u00e1m\u00e1ra&#8221; &#8211; id\u00e9zte a k\u00f6zlem\u00e9ny V\u00e1radi J\u00f3zsefet.<br \/>\n    A Wizz Air utasforgalma 2022-ben \u00faj rekordra, 45,6 milli\u00f3ra emelkedett, amely dupl\u00e1ja a 2021-es forgalomnak \u00e9s 15 sz\u00e1zal\u00e9kkal haladta meg a pand\u00e9mia el\u0151tti rekordot. A kihaszn\u00e1lts\u00e1g tavaly 86,7 sz\u00e1zal\u00e9kra n\u0151tt a 2021-es 75,2 sz\u00e1zal\u00e9kr\u00f3l.<br \/>\n    A 2022 \u00e1prilis 1. \u00e9s 2023 m\u00e1rcius 31. k\u00f6z\u00f6tti p\u00e9nz\u00fcgyi \u00e9v els\u0151 kilenc h\u00f3napj\u00e1ban az utasforgalom 38,9 milli\u00f3ra emelkedett a az egy \u00e9vvel kor\u00e1bbi 20,3 milli\u00f3r\u00f3l.<br \/>\n    Robert Carey, a diszkont l\u00e9git\u00e1rsas\u00e1g eln\u00f6ke keddi sajt\u00f3t\u00e1j\u00e9koztat\u00f3j\u00e1n er\u0151teljes b\u0151v\u00fcl\u00e9st vet\u00edtett el\u0151re: a 2023\/2024-es p\u00e9nz\u00fcgyi \u00e9vben 67 milli\u00f3s utasforgalommal sz\u00e1molnak.<br \/>\n    A kamatok, ad\u00f3fizet\u00e9s \u00e9s \u00e9rt\u00e9kcs\u00f6kken\u00e9si le\u00edr\u00e1sok el\u0151tti eredm\u00e9ny (EBITDA) tavaly a m\u00e1rcius \u00e9s december k\u00f6z\u00f6tti kilenc h\u00f3napban 215 milli\u00f3 eur\u00f3ra emelkedett az el\u0151z\u0151 \u00e9vi 77,3 milli\u00f3 eur\u00f3r\u00f3l, a bev\u00e9telek ugyanebben az id\u0151szakban 1,28 milli\u00e1rd eur\u00f3r\u00f3l 3,10 milli\u00e1rdra eur\u00f3ra n\u0151ttek.(MTI)<\/p>\n","protected":false},"excerpt":{"rendered":"<p>A Wizz Air az Air Transport Awards d\u00edj\u00e1tad\u00f3j\u00e1n 2020 ut\u00e1n ism\u00e9t elnyerte az \u00e9v l\u00e9git\u00e1rsas\u00e1ga c\u00edmet &#8211; k\u00f6z\u00f6lte a c\u00e9g cs\u00fct\u00f6rt\u00f6k\u00f6n az MTI-vel.<\/p>\n","protected":false},"author":1001010,"featured_media":0,"comment_status":"open","ping_status":"open","sticky":false,"template":"","format":"standard","meta":[],"categories":[19],"tags":[],"_links":{"self":[{"href":"https:\/\/gazdasagportal.hu\/index.php\/wp-json\/wp\/v2\/posts\/143436"}],"collection":[{"href":"https:\/\/gazdasagportal.hu\/index.php\/wp-json\/wp\/v2\/posts"}],"about":[{"href":"https:\/\/gazdasagportal.hu\/index.php\/wp-json\/wp\/v2\/types\/post"}],"author":[{"embeddable":true,"href":"https:\/\/gazdasagportal.hu\/index.php\/wp-json\/wp\/v2\/users\/1001010"}],"replies":[{"embeddable":true,"href":"https:\/\/gazdasagportal.hu\/index.php\/wp-json\/wp\/v2\/comments?post=143436"}],"version-history":[{"count":1,"href":"https:\/\/gazdasagportal.hu\/index.php\/wp-json\/wp\/v2\/posts\/143436\/revisions"}],"predecessor-version":[{"id":143437,"href":"https:\/\/gazdasagportal.hu\/index.php\/wp-json\/wp\/v2\/posts\/143436\/revisions\/143437"}],"wp:attachment":[{"href":"https:\/\/gazdasagportal.hu\/index.php\/wp-json\/wp\/v2\/media?parent=143436"}],"wp:term":[{"taxonomy":"category","embeddable":true,"href":"https:\/\/gazdasagportal.hu\/index.php\/wp-json\/wp\/v2\/categories?post=143436"},{"taxonomy":"post_tag","embeddable":true,"href":"https:\/\/gazdasagportal.hu\/index.php\/wp-json\/wp\/v2\/tags?post=143436"}],"curies":[{"name":"wp","href":"https:\/\/api.w.org\/{rel}","templated":true}]}}