{"id":143424,"date":"2023-03-22T08:27:08","date_gmt":"2023-03-22T07:27:08","guid":{"rendered":"https:\/\/gazdasagportal.hu\/?p=143424"},"modified":"2023-03-22T08:27:08","modified_gmt":"2023-03-22T07:27:08","slug":"agrarminiszter-negyszeresere-novelte-a-kormany-a-karenyhitesi-alap-forrasait","status":"publish","type":"post","link":"https:\/\/gazdasagportal.hu\/index.php\/agrarminiszter-negyszeresere-novelte-a-kormany-a-karenyhitesi-alap-forrasait\/","title":{"rendered":"Agr\u00e1rminiszter: n\u00e9gyszeres\u00e9re n\u00f6velte a korm\u00e1ny a k\u00e1renyh\u00edt\u00e9si alap forr\u00e1sait"},"content":{"rendered":"<p><strong>A kiv\u00e9telesen asz\u00e1lyos tavalyi \u00e9v vesztes\u00e9geinek m\u00e9rs\u00e9kl\u00e9s\u00e9re m\u00e1rcius 31-ig t\u00f6bb mint 22 ezer termel\u0151 r\u00e9szes\u00fcl \u00f6sszesen 50,6 milli\u00e1rd forint mez\u0151gazdas\u00e1gi k\u00e1renyh\u00edt\u0151 juttat\u00e1sban &#8211; k\u00f6z\u00f6lte szerdai k\u00f6zlem\u00e9ny\u00e9ben Nagy Istv\u00e1n agr\u00e1rminiszter. A magyar korm\u00e1ny ennek \u00e9rdek\u00e9ben az agr\u00e1rk\u00e1r-enyh\u00edt\u00e9si alap forr\u00e1sait t\u00f6bb mint n\u00e9gyszeres\u00e9re emelte.<\/strong><!--more--><\/p>\n<div class=\"ads-in-post2\"><script async src=\"https:\/\/pagead2.googlesyndication.com\/pagead\/js\/adsbygoogle.js\"><\/script>\r\n<ins class=\"adsbygoogle\"\r\n     style=\"display:block\"\r\n     data-ad-format=\"fluid\"\r\n     data-ad-layout-key=\"-6t+ed+2i-1n-4w\"\r\n     data-ad-client=\"ca-pub-1959107119989764\"\r\n     data-ad-slot=\"4008251320\"><\/ins>\r\n<script>\r\n     (adsbygoogle = window.adsbygoogle || []).push({});\r\n<\/script><\/div>\n<p>    A t\u00f6rt\u00e9nelmi l\u00e9pt\u00e9k\u0171 sz\u00e1razs\u00e1g okozta k\u00e1rok enyh\u00edt\u00e9se az agr\u00e1rpolitika sz\u00e1m\u00e1ra kiemelt feladat a gazd\u00e1lkod\u00f3k talpon marad\u00e1s\u00e1nak seg\u00edt\u00e9se \u00e9rdek\u00e9ben. Tavaly kifejezetten s\u00falyos asz\u00e1ly puszt\u00edtott az orsz\u00e1g mez\u0151gazdas\u00e1gi ter\u00fcleteinek 80 sz\u00e1zal\u00e9k\u00e1n, melyb\u0151l 1,45 milli\u00f3 hekt\u00e1rra jelentettek be asz\u00e1lyk\u00e1rt &#8211; hangs\u00falyozta Nagy Istv\u00e1n. A miniszter egy\u00fattal kijelentette, hogy a 2022. \u00e9vi k\u00e1rok kompenz\u00e1l\u00e1s\u00e1ra az erre jogosult 22 583 gazd\u00e1lkod\u00f3nak 2023. m\u00e1rcius 31-ig 50,6 milli\u00e1rd forintot fizetnek ki. Ebb\u0151l 49,7 milli\u00e1rd forint az asz\u00e1lyk\u00e1rok ut\u00e1n, a t\u00f6bbi pedig m\u00e1s k\u00e1resem\u00e9nyek ellent\u00e9telez\u00e9s\u00e9re.<br \/>\n    Kiemelte, a t\u00f6bbletforr\u00e1sok biztos\u00edt\u00e1s\u00e1val a korm\u00e1ny az agr\u00e1rk\u00e1r-enyh\u00edt\u00e9si alap forr\u00e1sait t\u00f6bb mint n\u00e9gyszeres\u00e9re emelte.<br \/>\n    Az elm\u00falt \u00e9vtizedben tudatosan fejlesztett mez\u0151gazdas\u00e1gi kock\u00e1zatkezel\u00e9si rendszerben a k\u00e1renyh\u00edt\u00e9si alap mellett a d\u00edjt\u00e1mogatott n\u00f6v\u00e9nybiztos\u00edt\u00e1sok jelentenek komoly seg\u00edts\u00e9get. A biztos\u00edt\u00e1si d\u00edjt\u00e1mogat\u00e1soknak k\u00f6sz\u00f6nhet\u0151en t\u00f6bbsz\u00f6r\u00f6s\u00e9re emelkedett az asz\u00e1lybiztos\u00edt\u00e1ssal rendelkez\u0151 gazdas\u00e1gok sz\u00e1ma, \u00edgy a mez\u0151gazdas\u00e1gi biztos\u00edt\u00e1ssal foglalkoz\u00f3 t\u00e1rsas\u00e1gok mintegy 41 milli\u00e1rd forintot fizettek ki az \u00e9rintetteknek a tavalyi asz\u00e1lyk\u00e1r \u00e9s a sz\u00e9ls\u0151s\u00e9ges id\u0151j\u00e1r\u00e1s okozta m\u00e1s k\u00e1rok enyh\u00edt\u00e9s\u00e9re.<br \/>\n    A 2022. \u00e9vi, t\u00f6rt\u00e9nelmi l\u00e9pt\u00e9k\u0171 asz\u00e1ly k\u00f6vetkezm\u00e9nyeinek kezel\u00e9se \u00e9rdek\u00e9ben a korm\u00e1ny Asz\u00e1ly Vesz\u00e9lyhelyzeti Operat\u00edv T\u00f6rzset \u00e1ll\u00edtott fel, amelynek javaslat\u00e1ra rendk\u00edv\u00fcli int\u00e9zked\u00e9seket is hozott a mez\u0151gazdas\u00e1gi termel\u00e9s finansz\u00edroz\u00e1si h\u00e1tter\u00e9nek biztos\u00edt\u00e1sa \u00e9rdek\u00e9ben. A korm\u00e1ny gazd\u00e1lkod\u00f3i hitelek finansz\u00edroz\u00e1si lehet\u0151s\u00e9geinek megseg\u00edt\u00e9s\u00e9re hitelmorat\u00f3rium lehet\u0151s\u00e9g\u00e9t biztos\u00edtotta az ag\u00e1rszektor sz\u00e1m\u00e1ra, amelynek r\u00e9v\u00e9n a termel\u0151k 286,6 milli\u00e1rd forintnyi mez\u0151gazdas\u00e1gi hitel visszafizet\u00e9s\u00e9hez kapcsol\u00f3d\u00f3an kaphattak 2023 v\u00e9g\u00e9ig halad\u00e9kot &#8211; ismertette az Agr\u00e1rminiszt\u00e9rium (AM).<br \/>\n    A k\u00f6zlem\u00e9ny arra is eml\u00e9keztet, hogy a kis- \u00e9s k\u00f6z\u00e9pv\u00e1llalkoz\u00e1sok piaci alap\u00fa, v\u00e1ltoz\u00f3 kamatoz\u00e1s\u00fa \u00e9s nem kamatt\u00e1mogatott hiteleire a tavalyi \u00e9v v\u00e9g\u00e9t\u0151l kamatstopot vezettek be. Szint\u00e9n a tavalyi asz\u00e1lyra val\u00f3 tekintettel a kor\u00e1bbi \u00e9vekn\u00e9l is nagyobb \u00f6sszeg erej\u00e9ig, 322 milli\u00e1rd forint \u00e9rt\u00e9kben t\u00f6rt\u00e9nt meg az uni\u00f3s k\u00f6zvetlen ter\u00fclet- \u00e9s \u00e1llatalap\u00fa t\u00e1mogat\u00e1sok el\u0151leg- \u00e9s r\u00e9szfizet\u00e9se, amelyhez a korm\u00e1ny ugyancsak megteremtette a sz\u00fcks\u00e9ges finansz\u00edroz\u00e1si \u00e9s technikai felt\u00e9teleket.<br \/>\n    Az asz\u00e1ly \u00e1ltal s\u00fajtott mez\u0151gazdas\u00e1gi termel\u0151k \u00e9s az \u00e1llattart\u00f3k sz\u00e1m\u00e1ra, forg\u00f3eszk\u00f6z finansz\u00edroz\u00e1suk seg\u00edt\u00e9se \u00e9rdek\u00e9ben megny\u00edlt a kiemelt, legfeljebb 14 sz\u00e1zal\u00e9kos kamatt\u00e1mogat\u00e1s lehet\u0151s\u00e9ge az Agr\u00e1r Sz\u00e9chenyi K\u00e1rtya foly\u00f3sz\u00e1mlahitel keret\u00e9ben. Szint\u00e9n 2022-ben az \u00fczemanyag hat\u00f3s\u00e1gi \u00e1r mez\u0151gazdas\u00e1gi g\u00e9pekre t\u00f6rt\u00e9n\u0151 kiv\u00e9teles alkalmaz\u00e1sa r\u00e9v\u00e9n mintegy 39 milli\u00e1rd forintot takar\u00edthattak meg a mez\u0151gazdas\u00e1gi termel\u0151k &#8211; sorolta az AM.<br \/>\n    A mez\u0151gazdas\u00e1g finansz\u00edroz\u00e1si helyzete \u00e9rdek\u00e9ben tett int\u00e9zked\u00e9seknek, a kor\u00e1bbi \u00e9vek \u00e1gazati p\u00e9nz\u00fcgyi er\u0151s\u00f6d\u00e9s\u00e9nek is k\u00f6sz\u00f6nhet\u0151en a magyar mez\u0151gazdas\u00e1g helyzete a tavalyi tragikus asz\u00e1ly s\u00falyos k\u00f6vetkezm\u00e9nyei mellett is stabil, melyhez komoly seg\u00edts\u00e9get kapnak a gazd\u00e1lkod\u00f3k a k\u00e1renyh\u00edt\u00e9si alapon kereszt\u00fcl is &#8211; tette hozz\u00e1 az agr\u00e1rminiszter.(MTI)<\/p>\n","protected":false},"excerpt":{"rendered":"<p>A kiv\u00e9telesen asz\u00e1lyos tavalyi \u00e9v vesztes\u00e9geinek m\u00e9rs\u00e9kl\u00e9s\u00e9re m\u00e1rcius 31-ig t\u00f6bb mint 22 ezer termel\u0151 r\u00e9szes\u00fcl \u00f6sszesen 50,6 milli\u00e1rd forint mez\u0151gazdas\u00e1gi k\u00e1renyh\u00edt\u0151 juttat\u00e1sban &#8211; k\u00f6z\u00f6lte szerdai k\u00f6zlem\u00e9ny\u00e9ben Nagy Istv\u00e1n agr\u00e1rminiszter. A magyar korm\u00e1ny ennek \u00e9rdek\u00e9ben az agr\u00e1rk\u00e1r-enyh\u00edt\u00e9si alap forr\u00e1sait t\u00f6bb mint n\u00e9gyszeres\u00e9re emelte.<\/p>\n","protected":false},"author":1001010,"featured_media":0,"comment_status":"open","ping_status":"open","sticky":false,"template":"","format":"standard","meta":[],"categories":[19],"tags":[],"_links":{"self":[{"href":"https:\/\/gazdasagportal.hu\/index.php\/wp-json\/wp\/v2\/posts\/143424"}],"collection":[{"href":"https:\/\/gazdasagportal.hu\/index.php\/wp-json\/wp\/v2\/posts"}],"about":[{"href":"https:\/\/gazdasagportal.hu\/index.php\/wp-json\/wp\/v2\/types\/post"}],"author":[{"embeddable":true,"href":"https:\/\/gazdasagportal.hu\/index.php\/wp-json\/wp\/v2\/users\/1001010"}],"replies":[{"embeddable":true,"href":"https:\/\/gazdasagportal.hu\/index.php\/wp-json\/wp\/v2\/comments?post=143424"}],"version-history":[{"count":1,"href":"https:\/\/gazdasagportal.hu\/index.php\/wp-json\/wp\/v2\/posts\/143424\/revisions"}],"predecessor-version":[{"id":143425,"href":"https:\/\/gazdasagportal.hu\/index.php\/wp-json\/wp\/v2\/posts\/143424\/revisions\/143425"}],"wp:attachment":[{"href":"https:\/\/gazdasagportal.hu\/index.php\/wp-json\/wp\/v2\/media?parent=143424"}],"wp:term":[{"taxonomy":"category","embeddable":true,"href":"https:\/\/gazdasagportal.hu\/index.php\/wp-json\/wp\/v2\/categories?post=143424"},{"taxonomy":"post_tag","embeddable":true,"href":"https:\/\/gazdasagportal.hu\/index.php\/wp-json\/wp\/v2\/tags?post=143424"}],"curies":[{"name":"wp","href":"https:\/\/api.w.org\/{rel}","templated":true}]}}