{"id":143417,"date":"2023-03-21T11:47:27","date_gmt":"2023-03-21T10:47:27","guid":{"rendered":"https:\/\/gazdasagportal.hu\/?p=143417"},"modified":"2023-03-21T09:48:09","modified_gmt":"2023-03-21T08:48:09","slug":"februarban-tovabb-nott-az-uj-autok-forgalomba-helyezese-az-europai-unioban","status":"publish","type":"post","link":"https:\/\/gazdasagportal.hu\/index.php\/februarban-tovabb-nott-az-uj-autok-forgalomba-helyezese-az-europai-unioban\/","title":{"rendered":"Febru\u00e1rban tov\u00e1bb n\u0151tt az \u00faj aut\u00f3k forgalomba helyez\u00e9se az Eur\u00f3pai Uni\u00f3ban"},"content":{"rendered":"<p><strong>Febru\u00e1rban tov\u00e1bb n\u0151tt a forgalomba helyezett \u00faj aut\u00f3k sz\u00e1ma az Eur\u00f3pai Uni\u00f3ban az el\u0151z\u0151 \u00e9vi alacsony b\u00e1zishoz k\u00e9pest &#8211; ezt mutatja az eur\u00f3pai aut\u00f3gy\u00e1rt\u00f3k szakmai k\u00e9pviseleti szervezete, az ACEA kedden publik\u00e1lt havi kimutat\u00e1sa.<\/strong><!--more--><\/p>\n<div class=\"ads-in-post2\"><script async src=\"https:\/\/pagead2.googlesyndication.com\/pagead\/js\/adsbygoogle.js\"><\/script>\r\n<ins class=\"adsbygoogle\"\r\n     style=\"display:block\"\r\n     data-ad-format=\"fluid\"\r\n     data-ad-layout-key=\"-6t+ed+2i-1n-4w\"\r\n     data-ad-client=\"ca-pub-1959107119989764\"\r\n     data-ad-slot=\"4008251320\"><\/ins>\r\n<script>\r\n     (adsbygoogle = window.adsbygoogle || []).push({});\r\n<\/script><\/div>\n<p>Febru\u00e1rban 11,5 sz\u00e1zal\u00e9kkal 802 ezerre n\u0151tt a forgalomba helyezett \u00faj szem\u00e9lyg\u00e9pkocsik sz\u00e1ma az Eur\u00f3pai Un\u00f3ban. A n\u00f6veked\u00e9s azonban a f\u00e9lvezet\u0151alkatr\u00e9sz hi\u00e1ny miatt az el\u0151z\u0151 \u00e9vben kialakult alacsony b\u00e1zishoz k\u00e9pest nagy. Janu\u00e1rban is 11,3 sz\u00e1zal\u00e9kos volt a n\u00f6veked\u00e9s.<br \/>\nAz \u00e9v els\u0151 k\u00e9t h\u00f3napj\u00e1ban forgalomba helyezett k\u00f6zel 1,6 milli\u00f3 szem\u00e9lyg\u00e9pkocsi 11,4 sz\u00e1zal\u00e9kkal haladja megy az egy \u00e9vvel kor\u00e1bbi b\u00e1zist.<br \/>\nA nagyobb nemzeti piacok k\u00f6z\u00fcl Spanyolorsz\u00e1gban az \u00e9v els\u0151 k\u00e9t h\u00f3napj\u00e1ban 32,1 sz\u00e1zal\u00e9kos volt a n\u00f6veked\u00e9s, Olaszorsz\u00e1gban pedig 18,2 sz\u00e1zal\u00e9kos. Franciaorsz\u00e1gban 9,1 sz\u00e1zal\u00e9kkal t\u00f6bb \u00faj aut\u00f3t helyeztek forgalomba, N\u00e9metorsz\u00e1gban pedig mind\u00f6ssze 0,2 sz\u00e1zal\u00e9kkal t\u00f6bbet.<br \/>\nFebru\u00e1rban az akkumul\u00e1torr\u00f3l \u00fczemel\u0151 teljesen elektromos aut\u00f3k (BEV) forgalomba helyez\u00e9se 39,7 sz\u00e1zal\u00e9kkal 97,3 ezerre n\u0151tt\u00a0\u00a0az egy \u00e9vvel kor\u00e1bbihoz k\u00e9pest, \u00edgy a kateg\u00f3ria 12,1 sz\u00e1zal\u00e9kos piaci r\u00e9szesed\u00e9st \u00e9rt el a 2022. febru\u00e1ri 9,7 sz\u00e1zal\u00e9kkal szemben. A hibrid elektromos aut\u00f3k forgalomba helyez\u00e9se is er\u0151teljesen, 22,3 sz\u00e1zal\u00e9kkal 204,8 ezerre n\u0151tt, ami 25,5 sz\u00e1zal\u00e9kos r\u00e9szesed\u00e9snek felel meg, m\u00edg egy \u00e9vvel kor\u00e1bban az \u00fajonnan forgalomba helyezett aut\u00f3k 23,3 sz\u00e1zal\u00e9ka volt hibrid elektromos.<br \/>\nA teljesen elektromos aut\u00f3k Csehorsz\u00e1g (-3,2 sz\u00e1zal\u00e9k) \u00e9s Szlov\u00e1kia (-28,2 sz\u00e1zal\u00e9k) kiv\u00e9tel\u00e9vel a r\u00e9gi\u00f3 valamennyi piac\u00e1n nagy n\u00f6veked\u00e9st \u00e9rtek el, bele\u00e9rtve a h\u00e1rom legnagyobb piacot is: N\u00e9metorsz\u00e1gban 14,7 sz\u00e1zal\u00e9kost, Franciaorsz\u00e1gban 45,7 sz\u00e1zal\u00e9kost, Hollandi\u00e1ban 88,9 sz\u00e1zal\u00e9kost. A hibrid elektromos aut\u00f3k forgalomba helyez\u00e9se Spanyolorsz\u00e1gban 31,8 sz\u00e1zal\u00e9kkal, Franciaorsz\u00e1gban 24,6 sz\u00e1zal\u00e9kkal, N\u00e9metorsz\u00e1gban 24,2 sz\u00e1zal\u00e9kkal, Olaszorsz\u00e1gban 24,2 sz\u00e1zal\u00e9kkal n\u0151tt.<br \/>\nA h\u00e1l\u00f3zatr\u00f3l is t\u00f6lthet\u0151 (plug-in) hibrid aut\u00f3k forgalomba helyez\u00e9se viszont 7,4 sz\u00e1zal\u00e9kkal 57,5 ezerre cs\u00f6kkent, ami els\u0151sorban a n\u00e9met piacon megsz\u0171nt t\u00e1mogat\u00e1snak tudhat\u00f3 be. N\u00e9metorsz\u00e1gban 44,8 sz\u00e1zal\u00e9kos volt a cs\u00f6kken\u00e9s.<br \/>\nA febru\u00e1rban forgalomba helyezett benzines aut\u00f3k sz\u00e1ma 11,1 sz\u00e1zal\u00e9kkal n\u0151tt \u00e9ves b\u00e1zison az EU-ban 36,9 sz\u00e1zal\u00e9kos, az egy \u00e9vvel kor\u00e1bbival megegyez\u0151 r\u00e9szesed\u00e9ssel. A legnagyobb piacokon, Spanyolorsz\u00e1gban 19,0 sz\u00e1zal\u00e9kkal, Olaszorsz\u00e1gban 16,3 sz\u00e1zal\u00e9kkal, N\u00e9metorsz\u00e1gban 8,9 sz\u00e1zal\u00e9kkal, Franciaorsz\u00e1gban pedig 7,7 sz\u00e1zal\u00e9kkal n\u0151tt a benzines aut\u00f3k forgalomba helyez\u00e9se febru\u00e1rban \u00e9ves b\u00e1zison. A d\u00edzeles aut\u00f3k forgalomba helyez\u00e9se 8,4 sz\u00e1zal\u00e9kkal cs\u00f6kkent, a piaci r\u00e9szesed\u00e9s pedig 15,0 sz\u00e1zal\u00e9kos lett, 3,2 sz\u00e1zal\u00e9kponttal alacsonyabb az el\u0151z\u0151 \u00e9vin\u00e9l. N\u00e9h\u00e1ny orsz\u00e1gban n\u0151tt a d\u00edzeles aut\u00f3k forgalomba helyez\u00e9se: Lengyelorsz\u00e1gban 18,9 sz\u00e1zal\u00e9kkal, Csehorsz\u00e1gban 12,4 sz\u00e1zal\u00e9kkal, Olaszorsz\u00e1gban pedig 2,2 sz\u00e1zal\u00e9kkal.<br \/>\nMagyarorsz\u00e1gon 9747 aut\u00f3t helyeztek forgalomba az id\u00e9n febru\u00e1rban a 2022 febru\u00e1ri 9448 ut\u00e1n. A hibrid elektromos aut\u00f3k r\u00e9szesed\u00e9se az id\u00e9n febru\u00e1rban 39,0 sz\u00e1zal\u00e9kos, a benzinesek\u00e9 37,4 sz\u00e1zal\u00e9kos, a d\u00edzelek\u00e9 10,6 sz\u00e1zal\u00e9kos volt, a teljesen elektromos aut\u00f3k\u00e9 pedig 6,5 sz\u00e1zal\u00e9kos. Tavaly febru\u00e1rban 41,8 sz\u00e1zal\u00e9kos volt a hibrid elektromos aut\u00f3k r\u00e9szar\u00e1nya, a benzinesek\u00e9 36,7 sz\u00e1zal\u00e9kos, a d\u00edzelek\u00e9 pedig 12,2 sz\u00e1zal\u00e9kos, a teljesen elektromos aut\u00f3k pedig 3,6 sz\u00e1zal\u00e9k\u00e1t tett\u00e9k ki az \u00f6sszes forgalomba helyez\u00e9snek.<br \/>\n<a title=\"Hely megnyit\u00e1sa\" href=\"https:\/\/www.acea.auto\/pc-registrations\/passenger-car-registrations-11-5-in-february-battery-electric-12-1-market-share\/\" target=\"_blank\" rel=\"noopener\">https:\/\/www.acea.auto\/pc-registrations\/passenger-car-registrations-11-5-in-february-battery-electric-12-1-market-share\/<\/a><br \/>\n(MTI)<\/p>\n","protected":false},"excerpt":{"rendered":"<p>Febru\u00e1rban tov\u00e1bb n\u0151tt a forgalomba helyezett \u00faj aut\u00f3k sz\u00e1ma az Eur\u00f3pai Uni\u00f3ban az el\u0151z\u0151 \u00e9vi alacsony b\u00e1zishoz k\u00e9pest &#8211; ezt mutatja az eur\u00f3pai aut\u00f3gy\u00e1rt\u00f3k szakmai k\u00e9pviseleti szervezete, az ACEA kedden publik\u00e1lt havi kimutat\u00e1sa.<\/p>\n","protected":false},"author":1001010,"featured_media":0,"comment_status":"open","ping_status":"open","sticky":false,"template":"","format":"standard","meta":[],"categories":[19],"tags":[],"_links":{"self":[{"href":"https:\/\/gazdasagportal.hu\/index.php\/wp-json\/wp\/v2\/posts\/143417"}],"collection":[{"href":"https:\/\/gazdasagportal.hu\/index.php\/wp-json\/wp\/v2\/posts"}],"about":[{"href":"https:\/\/gazdasagportal.hu\/index.php\/wp-json\/wp\/v2\/types\/post"}],"author":[{"embeddable":true,"href":"https:\/\/gazdasagportal.hu\/index.php\/wp-json\/wp\/v2\/users\/1001010"}],"replies":[{"embeddable":true,"href":"https:\/\/gazdasagportal.hu\/index.php\/wp-json\/wp\/v2\/comments?post=143417"}],"version-history":[{"count":1,"href":"https:\/\/gazdasagportal.hu\/index.php\/wp-json\/wp\/v2\/posts\/143417\/revisions"}],"predecessor-version":[{"id":143418,"href":"https:\/\/gazdasagportal.hu\/index.php\/wp-json\/wp\/v2\/posts\/143417\/revisions\/143418"}],"wp:attachment":[{"href":"https:\/\/gazdasagportal.hu\/index.php\/wp-json\/wp\/v2\/media?parent=143417"}],"wp:term":[{"taxonomy":"category","embeddable":true,"href":"https:\/\/gazdasagportal.hu\/index.php\/wp-json\/wp\/v2\/categories?post=143417"},{"taxonomy":"post_tag","embeddable":true,"href":"https:\/\/gazdasagportal.hu\/index.php\/wp-json\/wp\/v2\/tags?post=143417"}],"curies":[{"name":"wp","href":"https:\/\/api.w.org\/{rel}","templated":true}]}}