{"id":143389,"date":"2023-03-17T19:23:42","date_gmt":"2023-03-17T18:23:42","guid":{"rendered":"https:\/\/gazdasagportal.hu\/?p=143389"},"modified":"2023-03-17T19:23:42","modified_gmt":"2023-03-17T18:23:42","slug":"a-nemzetkozi-buntetobirosag-elfogatoparancsot-adott-ki-vlagyimir-putyin-orosz-elnok-ellen","status":"publish","type":"post","link":"https:\/\/gazdasagportal.hu\/index.php\/a-nemzetkozi-buntetobirosag-elfogatoparancsot-adott-ki-vlagyimir-putyin-orosz-elnok-ellen\/","title":{"rendered":"A Nemzetk\u00f6zi B\u00fcntet\u0151b\u00edr\u00f3s\u00e1g elfogat\u00f3parancsot adott ki Vlagyimir Putyin orosz eln\u00f6k ellen"},"content":{"rendered":"<p><strong>A Nemzetk\u00f6zi B\u00fcntet\u0151b\u00edr\u00f3s\u00e1g (ICC) h\u00e1bor\u00fas b\u0171ncselekm\u00e9nyek\u00e9rt viselt felt\u00e9telezett felel\u0151ss\u00e9ge miatt elfogat\u00f3parancsot adott ki Vlagyimir Putyin orosz eln\u00f6k ellen &#8211; jelentette be a h\u00e1gai sz\u00e9khely\u0171 b\u00edr\u00f3s\u00e1g p\u00e9nteken.<\/strong><!--more--><\/p>\n<div class=\"ads-in-post2\"><script async src=\"https:\/\/pagead2.googlesyndication.com\/pagead\/js\/adsbygoogle.js\"><\/script>\r\n<ins class=\"adsbygoogle\"\r\n     style=\"display:block\"\r\n     data-ad-format=\"fluid\"\r\n     data-ad-layout-key=\"-6t+ed+2i-1n-4w\"\r\n     data-ad-client=\"ca-pub-1959107119989764\"\r\n     data-ad-slot=\"4008251320\"><\/ins>\r\n<script>\r\n     (adsbygoogle = window.adsbygoogle || []).push({});\r\n<\/script><\/div>\n<p>    A k\u00f6zlem\u00e9ny szerint a Nemzetk\u00f6zi B\u00fcntet\u0151b\u00edr\u00f3s\u00e1g k\u00e9relmet elb\u00edr\u00e1l\u00f3 b\u00edr\u00f3i tan\u00e1csa az orosz eln\u00f6kkel szemben az\u00e9rt adott ki elfogat\u00f3parancsot, mert megalapozott a gyan\u00fa, hogy szem\u00e9lyesen felel\u0151s ukr\u00e1n gyermekek jogellenes deport\u00e1l\u00e1s\u00e1\u00e9rt \u00e9s \u00e1tsz\u00e1ll\u00edt\u00e1s\u00e1\u00e9rt Oroszorsz\u00e1gba.<br \/>\n    Ugyanezzel a b\u0171ncselekm\u00e9nnyel \u00f6sszef\u00fcgg\u00e9sben az ICC ugyancsak elfogat\u00f3parancsot adott ki Marija Lvova-Belova, az orosz eln\u00f6ki hivatal gyermekjogi biztosa ellen.<br \/>\n    K\u00f6z\u00f6lt\u00e9k: a b\u0171ncselekm\u00e9nyeket felt\u00e9telezhet\u0151en Ukrajna megsz\u00e1llt ter\u00fcletein k\u00f6vett\u00e9k el 2022. febru\u00e1r 24-t\u0151l kezd\u0151d\u0151en.<br \/>\n    A k\u00f6zlem\u00e9ny szerint &#8222;alapos a gyan\u00fa&#8221;, hogy Vlagyimir Putyint \u00e9s a gyerekjogi biztost a b\u00edr\u00f3s\u00e1g stat\u00fatuma \u00e9rtelm\u00e9ben szem\u00e9lyes b\u00fcntet\u0151jogi felel\u0151ss\u00e9g terheli, mert a b\u0171ncselekm\u00e9nyeket k\u00f6zvetlen\u00fcl, illetve m\u00e1sokkal k\u00f6z\u00f6sen, vagy m\u00e1sok k\u00f6zbej\u00e1r\u00e1s\u00e1val k\u00f6vett\u00e9k el, valamint az\u00e9rt, mert elmulasztottak megfelel\u0151 ellen\u0151rz\u00e9st gyakorolni azok f\u00f6l\u00f6tt, akik a b\u0171ncselekm\u00e9nyeket elk\u00f6vett\u00e9k, elk\u00f6vet\u00e9s\u00fcket megengedt\u00e9k \u00e9s a t\u00e9nyleges ir\u00e1ny\u00edt\u00e1suk al\u00e1 tartoznak.<br \/>\n    &#8222;A k\u00e9relmet elb\u00edr\u00e1l\u00f3 tan\u00e1cs az \u00fcgy\u00e9szs\u00e9g 2023. febru\u00e1r 22-i beadv\u00e1nyai alapj\u00e1n \u00fagy \u00edt\u00e9lte meg, hogy alapos a gyan\u00fa, hogy mindk\u00e9t gyan\u00fas\u00edtottat felel\u0151ss\u00e9g terheli a lakoss\u00e1g t\u00f6rv\u00e9nyellenes deport\u00e1l\u00e1sa \u00e9s a lakoss\u00e1g t\u00f6rv\u00e9nyellenes \u00e1tsz\u00e1ll\u00edt\u00e1sa h\u00e1bor\u00fas b\u0171ncselekm\u00e9ny miatt, melyeket Ukrajna megsz\u00e1llt ter\u00fcletein k\u00f6vettek el ukrajnai gyerekek s\u00e9relm\u00e9re&#8221; &#8211; tudatta a b\u00edr\u00f3s\u00e1g.<br \/>\n    A b\u00fcntet\u0151b\u00edr\u00f3s\u00e1g arr\u00f3l is t\u00e1j\u00e9koztatott, hogy az elfogat\u00f3parancsok a s\u00e9rtettek \u00e9s a tan\u00fak v\u00e9delme, valamint a nyomoz\u00e1s v\u00e9delme \u00e9rdek\u00e9ben \u00e1ltal\u00e1ban titkosak, \u00e1m tekintettel arra, hogy az eml\u00edtett b\u0171ncselekm\u00e9nyek elk\u00f6vet\u00e9se felt\u00e9telezhet\u0151en tov\u00e1bbra is folyamatban van, valamint az elfogat\u00f3parancsok nyilv\u00e1noss\u00e1gra hozatala hozz\u00e1j\u00e1rulhat a tov\u00e1bbi b\u0171ncselekm\u00e9nyek elk\u00f6vet\u00e9s\u00e9nek megakad\u00e1lyoz\u00e1s\u00e1hoz, a test\u00fclet \u00fagy \u00edt\u00e9lte meg, hogy az igazs\u00e1gszolg\u00e1ltat\u00e1s \u00e9rdeke az, hogy tegy\u00e9k k\u00f6zz\u00e9 az elfogat\u00f3parancsok kiad\u00e1s\u00e1nak t\u00e9ny\u00e9t, a gyan\u00fas\u00edtottak nev\u00e9t, valamint a terh\u00fckre r\u00f3tt b\u0171ncselekm\u00e9nyeket.<br \/>\n    Karim Khan, az ICC f\u0151\u00fcgy\u00e9sze k\u00f6zlem\u00e9ny\u00e9ben azt \u00edrta, az \u00fcgy\u00e9szs\u00e9g az\u00e9rt k\u00e9rte az elfogat\u00f3parancs kiad\u00e1s\u00e1t, mert hivatala \u00e1rvah\u00e1zakb\u00f3l \u00e9s gyermekotthonokb\u00f3l elhurcolt gyermekek sz\u00e1zair\u00f3l szerzett tudom\u00e1st. Az \u00fcgy\u00e9szs\u00e9g \u00e1ltal v\u00e9gzett f\u00fcggetlen vizsg\u00e1lat sor\u00e1n \u00f6sszegy\u0171jt\u00f6tt \u00e9s elemzett bizony\u00edt\u00e9kok alapj\u00e1n alapos okkal felt\u00e9telezhet\u0151, hogy Putyin \u00e9s Lvova-Belova b\u00fcntet\u0151jogi felel\u0151ss\u00e9ggel tartozik az ukr\u00e1n gyermekek jogellenes elhurcol\u00e1s\u00e1\u00e9rt \u00e9s \u00e1tsz\u00e1ll\u00edt\u00e1s\u00e1\u00e9rt Oroszorsz\u00e1gba.<br \/>\n    Elmondta, a cselekm\u00e9nyek egyebek mellett azt a sz\u00e1nd\u00e9kot mutatj\u00e1k, hogy az \u00e9rintett gyermekeket v\u00e9glegesen elszak\u00edts\u00e1k saj\u00e1t orsz\u00e1gukt\u00f3l. A gyermekek k\u00f6z\u00fcl sokakat \u00f6r\u00f6kbe adtak Oroszorsz\u00e1gban, amit megk\u00f6nny\u00edtett egy, az orosz eln\u00f6k \u00e1ltal kiadott rendelettel m\u00f3dos\u00edtott, az orosz \u00e1llampolg\u00e1rs\u00e1g megad\u00e1s\u00e1nak elj\u00e1r\u00e1s\u00e1t felgyors\u00edt\u00f3 t\u00f6rv\u00e9ny &#8211; t\u00e1j\u00e9koztatott a f\u0151\u00fcgy\u00e9sz.<br \/>\n    &#8222;Gondoskodnunk kell arr\u00f3l, hogy a felt\u00e9telezett b\u0171ncselekm\u00e9nyek elk\u00f6vet\u0151it felel\u0151ss\u00e9gre vonj\u00e1k, \u00e9s a gyermekeket visszaadj\u00e1k csal\u00e1djuknak \u00e9s k\u00f6z\u00f6ss\u00e9geiknek. Nem engedhetj\u00fck meg, hogy a gyerekeket hadizs\u00e1km\u00e1nyk\u00e9nt kezelj\u00e9k&#8221; &#8211; fogalmazott.<br \/>\n    Khan k\u00f6z\u00f6lte: tov\u00e1bbra is egy\u00fcttm\u0171k\u00f6d\u00e9sre t\u00f6rekszik Oroszorsz\u00e1ggal az ukrajnai helyzettel kapcsolatban, \u00e9s biztos\u00edtani fogja, hogy a b\u00fcntet\u0151b\u00edr\u00f3s\u00e1g k\u00f6telezetts\u00e9g\u00e9nek eleget t\u00e9ve a terhel\u0151 \u00e9s a felment\u0151 k\u00f6r\u00fclm\u00e9nyeket egyar\u00e1nt kivizsg\u00e1lja.<br \/>\n    Az ICC f\u0151\u00fcgy\u00e9sze v\u00e9gezet\u00fcl kijelentette: hivatala tov\u00e1bbi elfogat\u00f3parancsok kiad\u00e1s\u00e1t fogja kezdem\u00e9nyezni, ha a bizony\u00edt\u00e9kok ezt al\u00e1t\u00e1masztj\u00e1k.<br \/>\n    Josep Borrell, az Eur\u00f3pai Uni\u00f3 k\u00fcl\u00fcgyi \u00e9s biztons\u00e1gpolitikai f\u0151k\u00e9pvisel\u0151je a Twitteren azt \u00edrta, a gyerekek elhurcol\u00e1sa miatti elfogat\u00f3parancs csak a kezdete annak az folyamatnak, melynek c\u00e9lja a h\u00e1bor\u00fas b\u0171n\u00f6s\u00f6k felel\u0151ss\u00e9gre von\u00e1sa.<br \/>\n    &#8222;Sz\u00f3 sem lehet b\u00fcntetlens\u00e9gr\u0151l&#8221; &#8211; nyomat\u00e9kos\u00edtotta a spanyol politikus.<br \/>\n    Az uni\u00f3 nagyra \u00e9rt\u00e9keli \u00e9s t\u00e1mogatja az ICC munk\u00e1j\u00e1t &#8211; hangs\u00falyozta az uni\u00f3s diplom\u00e1cia vezet\u0151je.(MTI)<\/p>\n","protected":false},"excerpt":{"rendered":"<p>A Nemzetk\u00f6zi B\u00fcntet\u0151b\u00edr\u00f3s\u00e1g (ICC) h\u00e1bor\u00fas b\u0171ncselekm\u00e9nyek\u00e9rt viselt felt\u00e9telezett felel\u0151ss\u00e9ge miatt elfogat\u00f3parancsot adott ki Vlagyimir Putyin orosz eln\u00f6k ellen &#8211; jelentette be a h\u00e1gai sz\u00e9khely\u0171 b\u00edr\u00f3s\u00e1g p\u00e9nteken.<\/p>\n","protected":false},"author":1001010,"featured_media":0,"comment_status":"open","ping_status":"open","sticky":false,"template":"","format":"standard","meta":[],"categories":[5],"tags":[443],"_links":{"self":[{"href":"https:\/\/gazdasagportal.hu\/index.php\/wp-json\/wp\/v2\/posts\/143389"}],"collection":[{"href":"https:\/\/gazdasagportal.hu\/index.php\/wp-json\/wp\/v2\/posts"}],"about":[{"href":"https:\/\/gazdasagportal.hu\/index.php\/wp-json\/wp\/v2\/types\/post"}],"author":[{"embeddable":true,"href":"https:\/\/gazdasagportal.hu\/index.php\/wp-json\/wp\/v2\/users\/1001010"}],"replies":[{"embeddable":true,"href":"https:\/\/gazdasagportal.hu\/index.php\/wp-json\/wp\/v2\/comments?post=143389"}],"version-history":[{"count":1,"href":"https:\/\/gazdasagportal.hu\/index.php\/wp-json\/wp\/v2\/posts\/143389\/revisions"}],"predecessor-version":[{"id":143390,"href":"https:\/\/gazdasagportal.hu\/index.php\/wp-json\/wp\/v2\/posts\/143389\/revisions\/143390"}],"wp:attachment":[{"href":"https:\/\/gazdasagportal.hu\/index.php\/wp-json\/wp\/v2\/media?parent=143389"}],"wp:term":[{"taxonomy":"category","embeddable":true,"href":"https:\/\/gazdasagportal.hu\/index.php\/wp-json\/wp\/v2\/categories?post=143389"},{"taxonomy":"post_tag","embeddable":true,"href":"https:\/\/gazdasagportal.hu\/index.php\/wp-json\/wp\/v2\/tags?post=143389"}],"curies":[{"name":"wp","href":"https:\/\/api.w.org\/{rel}","templated":true}]}}