{"id":143386,"date":"2023-03-17T14:38:05","date_gmt":"2023-03-17T13:38:05","guid":{"rendered":"https:\/\/gazdasagportal.hu\/?p=143386"},"modified":"2023-03-17T14:38:05","modified_gmt":"2023-03-17T13:38:05","slug":"tomegesen-szuntetik-meg-ido-elott-elet-es-nyugdijbiztositasaikat-a-magyarok","status":"publish","type":"post","link":"https:\/\/gazdasagportal.hu\/index.php\/tomegesen-szuntetik-meg-ido-elott-elet-es-nyugdijbiztositasaikat-a-magyarok\/","title":{"rendered":"T\u00f6megesen sz\u00fcntetik meg id\u0151 el\u0151tt \u00e9let- \u00e9s nyugd\u00edjbiztos\u00edt\u00e1saikat a magyarok"},"content":{"rendered":"<p><strong>A havonta, vagy m\u00e1s rendszeres\u00e9ggel fizetend\u0151 \u00e9letbiztos\u00edt\u00e1sok eset\u00e9ben az \u00e1tlagos szerz\u0151d\u00e9ses id\u0151szak 10-12 \u00e9v, ehhez k\u00e9pest a szerz\u0151d\u00e9sek mintegy fele nem \u201e\u00e9ri meg\u201d a tartam v\u00e9g\u00e9t. A nyugd\u00edjbiztos\u00edt\u00e1sokn\u00e1l &#8211; a 2014-t\u0151l fenn\u00e1ll\u00f3 ad\u00f3kedvezm\u00e9ny miatt &#8211; val\u00f3sz\u00edn\u0171leg jobb lesz a fennmarad\u00e1si ar\u00e1ny, de itt is van lemorzsol\u00f3d\u00e1s. Nem t\u00fal j\u00f3 a helyzet az \u00f6nk\u00e9ntes nyugd\u00edjp\u00e9nzt\u00e1rak eset\u00e9ben sem, hiszen csak a p\u00e9nzt\u00e1rtagok mintegy fele fizet rendszeresen. A <\/strong><a href=\"https:\/\/bankmonitor.hu\/\" target=\"_blank\" rel=\"noopener\"><strong>Bankmonitor.hu<\/strong><\/a><strong> nyugd\u00edjszak\u00e9rt\u0151i szerint a szerz\u0151d\u00e9sek id\u0151 el\u0151tti megsz\u00fcntet\u00e9se azonban komoly k\u00f6lts\u00e9ggel \u00e9s p\u00e9nz\u00fcgyi vesztes\u00e9ggel j\u00e1rhat, ennek m\u00e9rt\u00e9k\u00e9vel pedig sokan nincsenek tiszt\u00e1ban.<\/strong><!--more--><\/p>\n<div class=\"ads-in-post2\"><script async src=\"https:\/\/pagead2.googlesyndication.com\/pagead\/js\/adsbygoogle.js\"><\/script>\r\n<ins class=\"adsbygoogle\"\r\n     style=\"display:block\"\r\n     data-ad-format=\"fluid\"\r\n     data-ad-layout-key=\"-6t+ed+2i-1n-4w\"\r\n     data-ad-client=\"ca-pub-1959107119989764\"\r\n     data-ad-slot=\"4008251320\"><\/ins>\r\n<script>\r\n     (adsbygoogle = window.adsbygoogle || []).push({});\r\n<\/script><\/div>\n<p>Az id\u0151 el\u0151tti szerz\u0151d\u00e9sbont\u00e1snak a <a href=\"https:\/\/bankmonitor.hu\/\" target=\"_blank\" rel=\"noopener\">Bankmonitor.hu<\/a> nyugd\u00edjszak\u00e9rt\u0151inek tapasztalata szerint sz\u00e1mos oka lehet: nem volt el\u00e9g megalapozott a d\u00f6nt\u00e9s\u00fcnk, amikor megk\u00f6t\u00f6tt\u00fck a szerz\u0151d\u00e9st, tal\u00e1n rosszul m\u00e9rt\u00fck fel az anyagi lehet\u0151s\u00e9geinket, vagy \u00e9ppen gyorsan p\u00e9nzre van sz\u00fcks\u00e9g\u00fcnk. B\u00e1rmi is legyen az ok, mindenk\u00e9pp \u00e9rdemes \u00e1tgondolni, hogy a megsz\u00fcntet\u00e9s (szaksz\u00f3val visszav\u00e1s\u00e1rl\u00e1s) mellett milyen m\u00e1s lehet\u0151s\u00e9geink vannak m\u00e9g, ugyanis egy ilyen m\u0171velet jelent\u0151s p\u00e9nz\u00fcgyi vesztes\u00e9ggel j\u00e1rhat.<\/p>\n<p>Az al\u00e1bbiakban a magyar piacon el\u00e9rhet\u0151 szerz\u0151d\u00e9sek \u00e1ltal\u00e1nosan jellemz\u0151 felt\u00e9teleit mutatja be, de fontos, hogy \u2013 amennyiben kor\u00e1bban ezt nem tett\u00fck \u2013 legal\u00e1bb most \u00e1tolvassuk szerz\u0151d\u00e9s\u00fcnk idevonatkoz\u00f3 r\u00e9szeit.<\/p><div id=\"gazda-4291282868\" class=\"gazda-tartalomban gazda-entity-placement\"><script async src=\"https:\/\/pagead2.googlesyndication.com\/pagead\/js\/adsbygoogle.js\"><\/script>\r\n<ins class=\"adsbygoogle\"\r\n     style=\"display:block\"\r\n     data-ad-format=\"fluid\"\r\n     data-ad-layout-key=\"-6t+ed+2i-1n-4w\"\r\n     data-ad-client=\"ca-pub-1959107119989764\"\r\n     data-ad-slot=\"4008251320\"><\/ins>\r\n<script>\r\n     (adsbygoogle = window.adsbygoogle || []).push({});\r\n<\/script><\/div>\n<p><strong>Ezeket kell keresn\u00fcnk a szerz\u0151d\u00e9sben:<\/strong><\/p>\n<ul>\n<li>visszav\u00e1s\u00e1rl\u00e1s vagy d\u00edjmentes lesz\u00e1ll\u00edt\u00e1s, azaz d\u00edjmentes\u00edt\u00e9s;<\/li>\n<li>r\u00e9szleges vagy teljes visszav\u00e1s\u00e1rl\u00e1s;<\/li>\n<li>d\u00edjcs\u00f6kkent\u00e9s vagy a d\u00edjfizet\u00e9s sz\u00fcneteltet\u00e9se.<\/li>\n<\/ul>\n<p><strong>Ha \u00e1tmenetiek a p\u00e9nz\u00fcgyi probl\u00e9m\u00e1ink vannak<\/strong><\/p>\n<p>Amennyiben csak \u00e1tmeneti p\u00e9nz\u00fcgyi probl\u00e9m\u00e1k miatt nem tudjuk teljes\u00edteni megtakar\u00edt\u00e1saink rendszeres befizet\u00e9seit, akkor sz\u00e1mos lehet\u0151s\u00e9g k\u00f6z\u00fcl v\u00e1laszthatunk.<\/p>\n<p><strong>Nem k\u00e9r\u00fcnk \u00e9rt\u00e9kk\u00f6vet\u00e9st:<\/strong> lehets\u00e9ges, hogy m\u00e1r az is seg\u00edt, ha az adott \u00e9vben elutas\u00edtjuk vagy nem vessz\u00fck ig\u00e9nybe az \u00e9rt\u00e9kk\u00f6vet\u00e9si lehet\u0151s\u00e9get, azaz a fizetend\u0151 d\u00edj nem emelkedik majd az infl\u00e1ci\u00f3k\u00f6vet\u00e9s miatt. Ez tipikusan az \u00e9vfordul\u00f3 alkalm\u00e1val t\u00f6rt\u00e9nik.<\/p>\n<p><strong>K\u00e9rhet\u00fcnk d\u00edjcs\u00f6kkent\u00e9st:<\/strong> ha van m\u00f3d a fizetend\u0151 d\u00edj \u00f6sszeg\u00e9nek cs\u00f6kkent\u00e9s\u00e9re, \u00e9lj\u00fcnk a lehet\u0151s\u00e9ggel!<\/p>\n<p><strong>D\u00edjfizet\u00e9s sz\u00fcneteltet\u00e9se:<\/strong> a d\u00edjfizet\u00e9s \u00fagynevezett \u201esz\u00fcneteltet\u00e9se\u201d jellemz\u0151en azt jelenti, hogy f\u00e9l- vagy egy \u00e9vig nem kell utalnunk a biztos\u00edt\u00e1si d\u00edjat, teh\u00e1t egy kis halad\u00e9kot kapunk. A sz\u00fcneteltet\u00e9si lehet\u0151s\u00e9get \u00e1ltal\u00e1ban ak\u00e1r t\u00f6bbsz\u00f6r is k\u00e9rhetj\u00fck, a be nem fizetett d\u00edjakat pedig ut\u00f3lag nem kell p\u00f3tolnunk.<\/p>\n<p>A fenti lehet\u0151s\u00e9gek k\u00f6z\u00fcl b\u00e1rmelyiket v\u00e1lasztjuk, az alacsonyabb \u00f6sszeg\u0171 vagy be nem fizetett d\u00edjak miatt \u00e9rtelemszer\u0171en kisebb lesz a megtakar\u00edt\u00e1sunk, illetve az opci\u00f3nak \u00e1ltal\u00e1ban k\u00f6lts\u00e9ge is van. Felt\u00e9tlen\u00fcl ellen\u0151rizz\u00fck azt is, hogy a k\u00fcl\u00f6nb\u00f6z\u0151 \u00fcgyf\u00e9lb\u00f3nuszok (ezek tipikusan az eltelt id\u0151szak hossz\u00e1t\u00f3l f\u00fcggenek) j\u00f3v\u00e1\u00edr\u00e1s\u00e1t \u00e9rinti-e a d\u00edjfizet\u00e9s sz\u00fcneteltet\u00e9se. Ha igen, \u00e9rdemes sz\u00e1molni!<br \/>\n<div class=\"ads-in-post2\"><script async src=\"https:\/\/pagead2.googlesyndication.com\/pagead\/js\/adsbygoogle.js\"><\/script>\r\n<ins class=\"adsbygoogle\"\r\n     style=\"display:block\"\r\n     data-ad-format=\"fluid\"\r\n     data-ad-layout-key=\"-6t+ed+2i-1n-4w\"\r\n     data-ad-client=\"ca-pub-1959107119989764\"\r\n     data-ad-slot=\"4008251320\"><\/ins>\r\n<script>\r\n     (adsbygoogle = window.adsbygoogle || []).push({});\r\n<\/script><\/div>\n<p>B\u00e1rmelyiket ment\u0151\u00f6vet v\u00e1lasztjuk a fentiek k\u00f6z\u00fcl, mindenk\u00e9ppen\u00a0fontos el\u0151ny, hogy fennmarad a szerz\u0151d\u00e9s\u00fcnk, az <a href=\"https:\/\/bankmonitor.hu\/biztositas\/eletbiztositas\" target=\"_blank\" rel=\"noopener\">\u00e9letbiztos\u00edt\u00e1si v\u00e9delm\u00fcnk.<\/a><\/p>\n<p><strong>Mit tehet\u00fcnk akkor, ha tart\u00f3san romlik az anyagi helyzet\u00fcnk? <\/strong><\/p>\n<p><strong>D\u00edjmentes\u00edt\u00e9s:<\/strong> ha eld\u00f6nt\u00f6tt\u00fck, hogy v\u00e9gleg nem akarunk tov\u00e1bb fizetni, de nincs sz\u00fcks\u00e9g\u00fcnk az addigi megtakar\u00edt\u00e1saink el\u00e9rhet\u0151 r\u00e9sz\u00e9re, akkor a legjobb megold\u00e1s az \u00fagynevezett d\u00edjmentes\u00edt\u00e9s. Ezt \u00e1ltal\u00e1ban 2-3 \u00e9v eltelte ut\u00e1n ig\u00e9nyelhetj\u00fck, \u00e9s ilyenkor a biztos\u00edt\u00e1s d\u00edjfizet\u00e9s n\u00e9lk\u00fcl, cs\u00f6kkentett szolg\u00e1ltat\u00e1sokkal marad fenn. A d\u00edjmentes\u00edt\u00e9s a megfelel\u0151 opci\u00f3 akkor, ha m\u00e1r nem sok van h\u00e1tra p\u00e9ld\u00e1ul a kamatad\u00f3-mentess\u00e9gig, vagy a nyugd\u00edjc\u00e9l\u00fa megtakar\u00edt\u00e1sok ad\u00f3j\u00f3v\u00e1\u00edr\u00e1s\u00e1nak visszafizet\u00e9s\u00e9t szeretn\u00e9nk elker\u00fclni.<\/p>\n<p><strong>Visszav\u00e1s\u00e1rl\u00e1s:<\/strong> ha nem k\u00edv\u00e1nunk a tov\u00e1bbiakban fizetni, valamint az addig megtakar\u00edtott p\u00e9nzre is sz\u00fcks\u00e9g\u00fcnk van, akkor val\u00f3ban nincs m\u00e1s \u00fat, mint a szerz\u0151d\u00e9s megsz\u00fcntet\u00e9se, visszav\u00e1s\u00e1rl\u00e1sa. Kis eg\u00e9r\u00fat az\u00e9rt itt is van: a legt\u00f6bb biztos\u00edt\u00f3 lehet\u0151v\u00e9 teszi a r\u00e9sz-visszav\u00e1s\u00e1rl\u00e1st vagy r\u00e9szleges p\u00e9nzkivon\u00e1st a szerz\u0151d\u00e9s sz\u00e1ml\u00e1j\u00e1r\u00f3l. Term\u00e9szetesen min\u00e9l k\u00e9s\u0151bb bontjuk fel a szerz\u0151d\u00e9st, ann\u00e1l kedvez\u0151bb felt\u00e9telekkel tudjuk ezt megtenni.<\/p>\n<p><strong>A visszav\u00e1s\u00e1rl\u00e1s legfontosabb h\u00e1tr\u00e1nyai<\/strong><\/p>\n<p>\u00c1ltal\u00e1ban egy-k\u00e9t \u00e9v ut\u00e1n ig\u00e9nyelhetj\u00fck, de az els\u0151 \u00e9vekben meglehet\u0151sen el\u0151nytelen felt\u00e9telekkel, hiszen a biztos\u00edt\u00f3k \u00e1ltal\u00e1ban ekkor \u00e9rv\u00e9nyes\u00edtik a k\u00f6lts\u00e9geik legnagyobb r\u00e9sz\u00e9t. Ezen k\u00edv\u00fcl eles\u00fcnk az \u00fcgyf\u00e9lb\u00f3nuszokt\u00f3l, amelyek pont a magas kezdeti k\u00f6lts\u00e9gek visszap\u00f3tl\u00e1s\u00e1t c\u00e9lozz\u00e1k meg. R\u00e1ad\u00e1sul, ha 10 \u00e9ven bel\u00fcl bontjuk fel a szerz\u0151d\u00e9st, akkor ki kell fizetn\u00fcnk a kamatad\u00f3t is.<\/p>\n<p>Jelent\u0151s vesztes\u00e9get jelenthet az is, hogy nyugd\u00edjbiztos\u00edt\u00e1s eset\u00e9n kamatost\u00f3l vissza kell fizetni az <a href=\"https:\/\/bankmonitor.hu\/cikk\/tenyleg-nagyot-lehet-szakitani-az-ev-vegi-nyugdijcelu-befizetesekkel\/\" target=\"_blank\" rel=\"noopener\">addig ig\u00e9nybe vett ad\u00f3kedvezm\u00e9nyt.<\/a> A d\u00edjmentes\u00edt\u00e9s \u00e9s a visszav\u00e1s\u00e1rl\u00e1s ezen fel\u00fcl k\u00f6lts\u00e9gekkel j\u00e1r, \u00e9rdemes teh\u00e1t ezeket is figyelembe venni a d\u00f6nt\u00e9s meghozatalakor.<\/p>\n","protected":false},"excerpt":{"rendered":"<p>A havonta, vagy m\u00e1s rendszeres\u00e9ggel fizetend\u0151 \u00e9letbiztos\u00edt\u00e1sok eset\u00e9ben az \u00e1tlagos szerz\u0151d\u00e9ses id\u0151szak 10-12 \u00e9v, ehhez k\u00e9pest a szerz\u0151d\u00e9sek mintegy fele nem \u201e\u00e9ri meg\u201d a tartam v\u00e9g\u00e9t. A nyugd\u00edjbiztos\u00edt\u00e1sokn\u00e1l &#8211; a 2014-t\u0151l fenn\u00e1ll\u00f3 ad\u00f3kedvezm\u00e9ny miatt &#8211; val\u00f3sz\u00edn\u0171leg jobb lesz a fennmarad\u00e1si ar\u00e1ny, de itt is van lemorzsol\u00f3d\u00e1s. Nem t\u00fal j\u00f3 a helyzet az \u00f6nk\u00e9ntes nyugd\u00edjp\u00e9nzt\u00e1rak eset\u00e9ben &#8230;<\/p>\n","protected":false},"author":1001010,"featured_media":0,"comment_status":"open","ping_status":"open","sticky":false,"template":"","format":"standard","meta":[],"categories":[19],"tags":[],"_links":{"self":[{"href":"https:\/\/gazdasagportal.hu\/index.php\/wp-json\/wp\/v2\/posts\/143386"}],"collection":[{"href":"https:\/\/gazdasagportal.hu\/index.php\/wp-json\/wp\/v2\/posts"}],"about":[{"href":"https:\/\/gazdasagportal.hu\/index.php\/wp-json\/wp\/v2\/types\/post"}],"author":[{"embeddable":true,"href":"https:\/\/gazdasagportal.hu\/index.php\/wp-json\/wp\/v2\/users\/1001010"}],"replies":[{"embeddable":true,"href":"https:\/\/gazdasagportal.hu\/index.php\/wp-json\/wp\/v2\/comments?post=143386"}],"version-history":[{"count":1,"href":"https:\/\/gazdasagportal.hu\/index.php\/wp-json\/wp\/v2\/posts\/143386\/revisions"}],"predecessor-version":[{"id":143387,"href":"https:\/\/gazdasagportal.hu\/index.php\/wp-json\/wp\/v2\/posts\/143386\/revisions\/143387"}],"wp:attachment":[{"href":"https:\/\/gazdasagportal.hu\/index.php\/wp-json\/wp\/v2\/media?parent=143386"}],"wp:term":[{"taxonomy":"category","embeddable":true,"href":"https:\/\/gazdasagportal.hu\/index.php\/wp-json\/wp\/v2\/categories?post=143386"},{"taxonomy":"post_tag","embeddable":true,"href":"https:\/\/gazdasagportal.hu\/index.php\/wp-json\/wp\/v2\/tags?post=143386"}],"curies":[{"name":"wp","href":"https:\/\/api.w.org\/{rel}","templated":true}]}}