{"id":143350,"date":"2023-03-14T10:53:12","date_gmt":"2023-03-14T09:53:12","guid":{"rendered":"https:\/\/gazdasagportal.hu\/?p=143350"},"modified":"2023-03-14T10:53:12","modified_gmt":"2023-03-14T09:53:12","slug":"manpowergroup-a-masodik-negyedevben-ujra-letszamot-novelnek-a-magyar-cegek","status":"publish","type":"post","link":"https:\/\/gazdasagportal.hu\/index.php\/manpowergroup-a-masodik-negyedevben-ujra-letszamot-novelnek-a-magyar-cegek\/","title":{"rendered":"ManpowerGroup: a m\u00e1sodik negyed\u00e9vben \u00fajra l\u00e9tsz\u00e1mot n\u00f6velnek a magyar c\u00e9gek"},"content":{"rendered":"<p><strong>A magyarorsz\u00e1gi munk\u00e1ltat\u00f3k 26 sz\u00e1zal\u00e9ka jelez b\u0151v\u00fcl\u00e9st jelenlegi munkaer\u0151-\u00e1llom\u00e1ny\u00e1ban 2023 m\u00e1sodik negyed\u00e9v\u00e9ben, 22 sz\u00e1zal\u00e9kuk tervez cs\u00f6kkent\u00e9st, l\u00e9tsz\u00e1mn\u00f6vel\u00e9sre f\u0151k\u00e9nt a nagyobb v\u00e1llalatokn\u00e1l ker\u00fclhet sor &#8211; k\u00f6z\u00f6lte a ManpowerGroup kedden az MTI-vel a Munkaer\u0151piaci El\u0151rejelz\u00e9se alapj\u00e1n.    <\/strong><!--more--><\/p>\n<div class=\"ads-in-post2\"><script async src=\"https:\/\/pagead2.googlesyndication.com\/pagead\/js\/adsbygoogle.js\"><\/script>\r\n<ins class=\"adsbygoogle\"\r\n     style=\"display:block\"\r\n     data-ad-format=\"fluid\"\r\n     data-ad-layout-key=\"-6t+ed+2i-1n-4w\"\r\n     data-ad-client=\"ca-pub-1959107119989764\"\r\n     data-ad-slot=\"4008251320\"><\/ins>\r\n<script>\r\n     (adsbygoogle = window.adsbygoogle || []).push({});\r\n<\/script><\/div>\n<p>    A ManpowerGroup a vil\u00e1g 41 orsz\u00e1g\u00e1ban, t\u00f6bb mint 41 ezer munk\u00e1ltat\u00f3 k\u00f6r\u00e9ben folytatta le negyed\u00e9ves felm\u00e9r\u00e9s\u00e9t, amelynek keret\u00e9ben Magyarorsz\u00e1gon a munk\u00e1ltat\u00f3k 510 f\u0151s reprezentat\u00edv mint\u00e1j\u00e1ban szerepl\u0151ket k\u00e9rdezt\u00e9k meg m\u00e1sodik negyed\u00e9ves munkaer\u0151-felv\u00e9teli sz\u00e1nd\u00e9kaikr\u00f3l.<br \/>\n    A k\u00f6zlem\u00e9nyben kiemelt\u00e9k, az \u00e1ll\u00e1skeres\u0151k ebben az id\u0151szakban legink\u00e1bb az energia \u00e9s k\u00f6zm\u0171, a p\u00e9nz\u00fcgy \u00e9s ingatlan, valamint az IT szektorokban sz\u00e1m\u00edthatnak \u00e9l\u00e9nk munkaer\u0151keresletre.<br \/>\n    Feh\u00e9r Tam\u00e1s, a ManpowerGroup Magyarorsz\u00e1g \u00fcgyvezet\u0151 igazgat\u00f3ja a k\u00f6zlem\u00e9nyben hangs\u00falyozta, k\u00e9t negyed\u00e9vnyi visszaes\u00e9st k\u00f6vet\u0151en a hazai munk\u00e1ltat\u00f3k k\u00f6r\u00e9ben \u00fajra pozit\u00edv munkaer\u0151-felv\u00e9teli trendet m\u00e9rnek a k\u00f6vetkez\u0151 h\u00e1rom h\u00f3napra. Fordulat k\u00fcl\u00f6n\u00f6sen a k\u00f6z\u00e9ps\u0151 orsz\u00e1gr\u00e9szben m\u0171k\u00f6d\u0151, valamint a 250 f\u0151n\u00e9l nagyobb l\u00e9tsz\u00e1mot alkalmaz\u00f3 v\u00e1llalatok k\u00f6r\u00e9ben tapasztalhat\u00f3.<br \/>\n    A t\u00e1j\u00e9koztat\u00e1s szerint a munk\u00e1ltat\u00f3i v\u00e1laszokb\u00f3l sz\u00e1rmaztatott, szezon\u00e1lisan kiigaz\u00edtott nett\u00f3 foglalkoztat\u00e1si mutat\u00f3 (nfm) 2 sz\u00e1zal\u00e9kos \u00e1tlagos \u00e9rt\u00e9ket \u00e9rt el, ami 10 sz\u00e1zal\u00e9kponttal magasabb az el\u0151z\u0151 negyed\u00e9ves \u00e9rt\u00e9kn\u00e9l, ugyanakkor 10 sz\u00e1zal\u00e9kponttal elmarad az egy \u00e9vvel kor\u00e1bbi 12 sz\u00e1zal\u00e9kos szintt\u0151l.<br \/>\n    A legsz\u00e9lesebb k\u00f6rben Budapesten \u00e9s K\u00f6z\u00e9p-Magyarorsz\u00e1gon v\u00e1rnak l\u00e9tsz\u00e1mb\u0151v\u00fcl\u00e9st, ugyanakkor D\u00e9l-Dun\u00e1nt\u00falon, \u00c9szak-Magyarorsz\u00e1gon \u00e9s a K\u00f6z\u00e9p-Dun\u00e1nt\u00falon tov\u00e1bbra is j\u00f3val t\u00f6bb elbocs\u00e1t\u00e1sra, mint munkaer\u0151-felv\u00e9telre sz\u00e1m\u00edtanak. Az alf\u00f6ldi r\u00e9gi\u00f3kban \u00e9s Nyugat-Dun\u00e1nt\u00falon az \u00e1tlagnak megfelel\u0151, minim\u00e1lis b\u0151v\u00fcl\u00e9st mutatnak az el\u0151rejelz\u00e9sek &#8211; k\u00f6z\u00f6lte a ManpowerGroup.<br \/>\n    A l\u00e9tsz\u00e1mban a legnagyobb felfut\u00e1st az energia \u00e9s k\u00f6zm\u0171, a p\u00e9nz\u00fcgy \u00e9s ingatlan, valamint az IT szektorokban v\u00e1rj\u00e1k, de enyhe b\u0151v\u00fcl\u00e9sben a sz\u00e1ll\u00edtm\u00e1nyoz\u00e1s, logisztika \u00e9s aut\u00f3ipar, a fogyaszt\u00e1si javak \u00e9s szolg\u00e1ltat\u00e1sok szektorok is b\u00edznak. Az alapanyag- \u00e9s feldolgoz\u00f3ipar, a kommunik\u00e1ci\u00f3s szolg\u00e1ltat\u00e1sok, illetve az eg\u00e9szs\u00e9g\u00fcgy \u00e9s \u00e9lettudom\u00e1nyok ter\u00fclet\u00e9n ugyanakkor tov\u00e1bbi l\u00e9tsz\u00e1mle\u00e9p\u00edt\u00e9s val\u00f3sz\u00edn\u0171s\u00edthet\u0151 &#8211; k\u00f6z\u00f6lte a ManpowerGroup.(MTI)<\/p>\n","protected":false},"excerpt":{"rendered":"<p>A magyarorsz\u00e1gi munk\u00e1ltat\u00f3k 26 sz\u00e1zal\u00e9ka jelez b\u0151v\u00fcl\u00e9st jelenlegi munkaer\u0151-\u00e1llom\u00e1ny\u00e1ban 2023 m\u00e1sodik negyed\u00e9v\u00e9ben, 22 sz\u00e1zal\u00e9kuk tervez cs\u00f6kkent\u00e9st, l\u00e9tsz\u00e1mn\u00f6vel\u00e9sre f\u0151k\u00e9nt a nagyobb v\u00e1llalatokn\u00e1l ker\u00fclhet sor &#8211; k\u00f6z\u00f6lte a ManpowerGroup kedden az MTI-vel a Munkaer\u0151piaci El\u0151rejelz\u00e9se alapj\u00e1n.<\/p>\n","protected":false},"author":1001010,"featured_media":0,"comment_status":"open","ping_status":"open","sticky":false,"template":"","format":"standard","meta":[],"categories":[19],"tags":[],"_links":{"self":[{"href":"https:\/\/gazdasagportal.hu\/index.php\/wp-json\/wp\/v2\/posts\/143350"}],"collection":[{"href":"https:\/\/gazdasagportal.hu\/index.php\/wp-json\/wp\/v2\/posts"}],"about":[{"href":"https:\/\/gazdasagportal.hu\/index.php\/wp-json\/wp\/v2\/types\/post"}],"author":[{"embeddable":true,"href":"https:\/\/gazdasagportal.hu\/index.php\/wp-json\/wp\/v2\/users\/1001010"}],"replies":[{"embeddable":true,"href":"https:\/\/gazdasagportal.hu\/index.php\/wp-json\/wp\/v2\/comments?post=143350"}],"version-history":[{"count":1,"href":"https:\/\/gazdasagportal.hu\/index.php\/wp-json\/wp\/v2\/posts\/143350\/revisions"}],"predecessor-version":[{"id":143351,"href":"https:\/\/gazdasagportal.hu\/index.php\/wp-json\/wp\/v2\/posts\/143350\/revisions\/143351"}],"wp:attachment":[{"href":"https:\/\/gazdasagportal.hu\/index.php\/wp-json\/wp\/v2\/media?parent=143350"}],"wp:term":[{"taxonomy":"category","embeddable":true,"href":"https:\/\/gazdasagportal.hu\/index.php\/wp-json\/wp\/v2\/categories?post=143350"},{"taxonomy":"post_tag","embeddable":true,"href":"https:\/\/gazdasagportal.hu\/index.php\/wp-json\/wp\/v2\/tags?post=143350"}],"curies":[{"name":"wp","href":"https:\/\/api.w.org\/{rel}","templated":true}]}}