{"id":143341,"date":"2023-03-13T11:51:58","date_gmt":"2023-03-13T10:51:58","guid":{"rendered":"https:\/\/gazdasagportal.hu\/?p=143341"},"modified":"2023-03-13T10:54:04","modified_gmt":"2023-03-13T09:54:04","slug":"sztrajk-neheziti-a-kozlekedest-negy-nemetorszagi-repuloteren","status":"publish","type":"post","link":"https:\/\/gazdasagportal.hu\/index.php\/sztrajk-neheziti-a-kozlekedest-negy-nemetorszagi-repuloteren\/","title":{"rendered":"Sztr\u00e1jk nehez\u00edti a k\u00f6zleked\u00e9st n\u00e9gy n\u00e9metorsz\u00e1gi rep\u00fcl\u0151t\u00e9ren"},"content":{"rendered":"<p><strong>Sztr\u00e1jk nehez\u00edti a k\u00f6zleked\u00e9st h\u00e9tf\u0151n n\u00e9gy n\u00e9metorsz\u00e1gi nemzetk\u00f6zi rep\u00fcl\u0151t\u00e9ren, Berlinben, Br\u00e9m\u00e1ban, Hamburgban \u00e9s Hannoverben.<\/strong><!--more--><\/p>\n<div class=\"ads-in-post2\"><script async src=\"https:\/\/pagead2.googlesyndication.com\/pagead\/js\/adsbygoogle.js\"><\/script>\r\n<ins class=\"adsbygoogle\"\r\n     style=\"display:block\"\r\n     data-ad-format=\"fluid\"\r\n     data-ad-layout-key=\"-6t+ed+2i-1n-4w\"\r\n     data-ad-client=\"ca-pub-1959107119989764\"\r\n     data-ad-slot=\"4008251320\"><\/ins>\r\n<script>\r\n     (adsbygoogle = window.adsbygoogle || []).push({});\r\n<\/script><\/div>\n<p>    A szolg\u00e1ltat\u00f3 szektor legnagyobb munkav\u00e1llal\u00f3i \u00e9rdekk\u00e9pviselete, a Ver.di szakszervezeti sz\u00f6vets\u00e9g eg\u00e9sz napos figyelmeztet\u0151 sztr\u00e1jkja miatt szinte teljesen le\u00e1llt a k\u00f6zleked\u00e9s mind a n\u00e9gy rep\u00fcl\u0151t\u00e9ren. Az indul\u00f3 j\u00e1ratokat csaknem kiv\u00e9tel n\u00e9lk\u00fcl t\u00f6r\u00f6lt\u00e9k \u00e9s az \u00e9rkez\u0151 j\u00e1ratok nagy r\u00e9sz\u00e9t is. A legnagyobb rep\u00fcl\u0151t\u00e9ren, Berlinben p\u00e9ld\u00e1ul 200 indul\u00f3 j\u00e1ratot t\u00f6r\u00f6ltek \u00e9s a nagyj\u00e1b\u00f3l 200 tervezett lesz\u00e1ll\u00e1s harmada is elmarad, ami mintegy 27 ezer utast \u00e9rint.<br \/>\n    A munkabesz\u00fcntet\u00e9s a k\u00f6zszf\u00e9r\u00e1ban dolgoz\u00f3 nagyj\u00e1b\u00f3l 2,3 milli\u00f3 munkav\u00e1llal\u00f3ra vonatkoz\u00f3 kollekt\u00edv szerz\u0151d\u00e9sr\u0151l zajl\u00f3 t\u00e1rgyal\u00e1sokhoz kapcsol\u00f3dik. A k\u00f6zvetlen\u00fcl vagy k\u00f6zvetve \u00e9rintett munkav\u00e1llal\u00f3i csoportok k\u00f6z\u00e9 tartoznak p\u00e9ld\u00e1ul a rep\u00fcl\u0151t\u00e9ri t\u0171zolt\u00f3k, a l\u00e9gik\u00f6zleked\u00e9s rend\u00e9szeti ter\u00fclet\u00e9n dolgoz\u00f3k \u00e9s a helyi &#8211; tartom\u00e1nyi &#8211; tulajdonban l\u00e9v\u0151 rept\u00e9r\u00fczemeltet\u0151 v\u00e1llalatok sz\u00e1mos m\u00e1s alkalmazottja is.<br \/>\n    A Ver.di 10,5 sz\u00e1zal\u00e9kos, \u00e9s legal\u00e1bb 500 eur\u00f3s b\u00e9remel\u00e9st k\u00f6vetel. A nyom\u00e1sgyakorl\u00e1st a t\u00e1rgyal\u00e1sok els\u0151 k\u00e9t fordul\u00f3j\u00e1nak eredm\u00e9nytelens\u00e9g\u00e9vel indokolja. A munkaad\u00f3i oldal 5 sz\u00e1zal\u00e9kos b\u00e9remel\u00e9st \u00e9s 2500 eur\u00f3 egyszeri kifizet\u00e9st aj\u00e1nl. A harmadik t\u00e1rgyal\u00e1si fordul\u00f3t m\u00e1rcius 27-29-\u00e9n tartj\u00e1k Potsdamban.(MTI)<\/p>\n","protected":false},"excerpt":{"rendered":"<p>Sztr\u00e1jk nehez\u00edti a k\u00f6zleked\u00e9st h\u00e9tf\u0151n n\u00e9gy n\u00e9metorsz\u00e1gi nemzetk\u00f6zi rep\u00fcl\u0151t\u00e9ren, Berlinben, Br\u00e9m\u00e1ban, Hamburgban \u00e9s Hannoverben.<\/p>\n","protected":false},"author":1001010,"featured_media":0,"comment_status":"open","ping_status":"open","sticky":false,"template":"","format":"standard","meta":[],"categories":[19],"tags":[],"_links":{"self":[{"href":"https:\/\/gazdasagportal.hu\/index.php\/wp-json\/wp\/v2\/posts\/143341"}],"collection":[{"href":"https:\/\/gazdasagportal.hu\/index.php\/wp-json\/wp\/v2\/posts"}],"about":[{"href":"https:\/\/gazdasagportal.hu\/index.php\/wp-json\/wp\/v2\/types\/post"}],"author":[{"embeddable":true,"href":"https:\/\/gazdasagportal.hu\/index.php\/wp-json\/wp\/v2\/users\/1001010"}],"replies":[{"embeddable":true,"href":"https:\/\/gazdasagportal.hu\/index.php\/wp-json\/wp\/v2\/comments?post=143341"}],"version-history":[{"count":1,"href":"https:\/\/gazdasagportal.hu\/index.php\/wp-json\/wp\/v2\/posts\/143341\/revisions"}],"predecessor-version":[{"id":143342,"href":"https:\/\/gazdasagportal.hu\/index.php\/wp-json\/wp\/v2\/posts\/143341\/revisions\/143342"}],"wp:attachment":[{"href":"https:\/\/gazdasagportal.hu\/index.php\/wp-json\/wp\/v2\/media?parent=143341"}],"wp:term":[{"taxonomy":"category","embeddable":true,"href":"https:\/\/gazdasagportal.hu\/index.php\/wp-json\/wp\/v2\/categories?post=143341"},{"taxonomy":"post_tag","embeddable":true,"href":"https:\/\/gazdasagportal.hu\/index.php\/wp-json\/wp\/v2\/tags?post=143341"}],"curies":[{"name":"wp","href":"https:\/\/api.w.org\/{rel}","templated":true}]}}